{"id":14623,"date":"2021-01-04T22:37:36","date_gmt":"2021-01-04T22:37:36","guid":{"rendered":"https:\/\/visionciudadana.com.mx\/prueba\/2021\/01\/04\/barre-morena-con-programas-e-instituciones-que-beneficiaban-a-mexicanos-pri\/"},"modified":"2025-06-25T00:32:49","modified_gmt":"2025-06-25T00:32:49","slug":"barre-morena-con-programas-e-instituciones-que-beneficiaban-a-mexicanos-pri","status":"publish","type":"post","link":"https:\/\/visionciudadana.com.mx\/oficial\/2021\/01\/04\/barre-morena-con-programas-e-instituciones-que-beneficiaban-a-mexicanos-pri\/","title":{"rendered":"Barre Morena con programas e instituciones que beneficiaban a Mexicanos: PRI"},"content":{"rendered":"<p style=\"text-align: justify;\"><img fetchpriority=\"high\" decoding=\"async\" src=\"images\/barre_morena.PNG\" alt=\"barre morena\" width=\"417\" height=\"247\" style=\"display: block; margin-left: auto; margin-right: auto;\" \/><\/p>\n<p class=\"x_MsoNormal\" style=\"text-align: justify;\"><span style=\"font-size: 14pt; font-family: arial, helvetica, sans-serif;\">El Partido Revolucionario Institucional (PRI), que encabezan el Presidente Alejandro Moreno y la Secretaria General Carolina Viggiano, afirm\u00f3 que Morena es una desgracia para M\u00e9xico, ya que en tan s\u00f3lo dos a\u00f1os \u201cbarri\u00f3 con los programas e instituciones que beneficiaban a las familias mexicanas y condujo al pa\u00eds a una crisis sin precedentes\u201d.<\/span><\/p>\n<p style=\"text-align: justify;\">&nbsp;<\/p>\n<p class=\"x_MsoNormal\" style=\"text-align: justify;\"><span style=\"font-size: 14pt; font-family: arial, helvetica, sans-serif;\">En un video, difundido en sus redes sociales, con el Hashtag #MorenaNoSabe, el tricolor record\u00f3 que en su campa\u00f1a electoral para llegar al poder \u201cMorena nos prometi\u00f3 que iba a barrer de arriba hacia abajo, y lo cumpli\u00f3\u201d.<\/span><\/p>\n<p style=\"text-align: justify;\">&nbsp;<\/p>\n<p class=\"x_MsoNormal\" style=\"text-align: justify;\"><span style=\"font-size: 14pt; font-family: arial, helvetica, sans-serif;\">\u201cBarri\u00f3 con ahorros de M\u00e9xico, barri\u00f3 con los medicamentos, barri\u00f3 con las estancias infantiles, barri\u00f3 con los apoyos para el campo, barri\u00f3 con el empleo, barri\u00f3 con los programas de apoyo a las mujeres; barri\u00f3 con todo\u201d, reclam\u00f3 el Partido de M\u00e9xico.<\/span><\/p>\n<p style=\"text-align: justify;\">&nbsp;<\/p>\n<p style=\"text-align: justify;\"><span style=\"font-size: 14pt; font-family: arial, helvetica, sans-serif;\">REDACCI\u00d3N\/VISI\u00d3N CIUDADANA.<\/span><\/p>\n<div>&nbsp;<\/div>\n","protected":false},"excerpt":{"rendered":"<p>El Partido Revolucionario Institucional (PRI), que encabezan el Presidente Alejandro Moreno y la Secretaria General Carolina Viggiano, afirm\u00f3 que Morena es una desgracia para M\u00e9xico, ya que en tan s\u00f3lo dos a\u00f1os \u201cbarri\u00f3 con los programas e instituciones que beneficiaban a las familias mexicanas y condujo al pa\u00eds a una crisis sin precedentes\u201d. &nbsp; En [&hellip;]<\/p>\n","protected":false},"author":1,"featured_media":6279,"comment_status":"closed","ping_status":"closed","sticky":false,"template":"","format":"standard","meta":{"footnotes":""},"categories":[24],"tags":[],"ppma_author":[31],"class_list":["post-14623","post","type-post","status-publish","format-standard","has-post-thumbnail","hentry","category-relevantes"],"aioseo_notices":[],"authors":[{"term_id":31,"user_id":1,"is_guest":0,"slug":"ivan3vino","display_name":"Iv\u00e1n Trevi\u00f1o","avatar_url":{"url":"https:\/\/visionciudadana.com.mx\/oficial\/wp-content\/uploads\/2025\/09\/columna-ivan-Trevino.png","url2x":"https:\/\/visionciudadana.com.mx\/oficial\/wp-content\/uploads\/2025\/09\/columna-ivan-Trevino.png"},"0":null,"1":"","2":"","3":"","4":"","5":"","6":"","7":"","8":""}],"_links":{"self":[{"href":"https:\/\/visionciudadana.com.mx\/oficial\/wp-json\/wp\/v2\/posts\/14623","targetHints":{"allow":["GET"]}}],"collection":[{"href":"https:\/\/visionciudadana.com.mx\/oficial\/wp-json\/wp\/v2\/posts"}],"about":[{"href":"https:\/\/visionciudadana.com.mx\/oficial\/wp-json\/wp\/v2\/types\/post"}],"author":[{"embeddable":true,"href":"https:\/\/visionciudadana.com.mx\/oficial\/wp-json\/wp\/v2\/users\/1"}],"replies":[{"embeddable":true,"href":"https:\/\/visionciudadana.com.mx\/oficial\/wp-json\/wp\/v2\/comments?post=14623"}],"version-history":[{"count":1,"href":"https:\/\/visionciudadana.com.mx\/oficial\/wp-json\/wp\/v2\/posts\/14623\/revisions"}],"predecessor-version":[{"id":31571,"href":"https:\/\/visionciudadana.com.mx\/oficial\/wp-json\/wp\/v2\/posts\/14623\/revisions\/31571"}],"wp:featuredmedia":[{"embeddable":true,"href":"https:\/\/visionciudadana.com.mx\/oficial\/wp-json\/wp\/v2\/posts\/6279"}],"wp:attachment":[{"href":"https:\/\/visionciudadana.com.mx\/oficial\/wp-json\/wp\/v2\/media?parent=14623"}],"wp:term":[{"taxonomy":"category","embeddable":true,"href":"https:\/\/visionciudadana.com.mx\/oficial\/wp-json\/wp\/v2\/categories?post=14623"},{"taxonomy":"post_tag","embeddable":true,"href":"https:\/\/visionciudadana.com.mx\/oficial\/wp-json\/wp\/v2\/tags?post=14623"},{"taxonomy":"author","embeddable":true,"href":"https:\/\/visionciudadana.com.mx\/oficial\/wp-json\/wp\/v2\/ppma_author?post=14623"}],"curies":[{"name":"wp","href":"https:\/\/api.w.org\/{rel}","templated":true}]}}