{"id":14616,"date":"2020-12-29T00:24:56","date_gmt":"2020-12-29T00:24:56","guid":{"rendered":"https:\/\/visionciudadana.com.mx\/prueba\/2020\/12\/29\/sinaloa-cuenta-con-capacidad-instalada-para-almacenar-vacunas-contra-covid-19\/"},"modified":"2025-06-25T00:32:49","modified_gmt":"2025-06-25T00:32:49","slug":"sinaloa-cuenta-con-capacidad-instalada-para-almacenar-vacunas-contra-covid-19","status":"publish","type":"post","link":"https:\/\/visionciudadana.com.mx\/oficial\/2020\/12\/29\/sinaloa-cuenta-con-capacidad-instalada-para-almacenar-vacunas-contra-covid-19\/","title":{"rendered":"SINALOA CUENTA CON CAPACIDAD INSTALADA PARA ALMACENAR VACUNAS CONTRA COVID-19"},"content":{"rendered":"<p style=\"text-align: justify;\"><span style=\"font-family: arial, helvetica, sans-serif; font-size: 12pt;\"><img fetchpriority=\"high\" decoding=\"async\" src=\"images\/Vision_20.PNG\" alt=\"Vision 20\" width=\"437\" height=\"263\" style=\"display: block; margin-left: auto; margin-right: auto;\" \/><br \/><\/span><\/p>\n<p style=\"text-align: justify;\"><span style=\"font-family: arial, helvetica, sans-serif; font-size: 12pt;\"><\/span><\/p>\n<div style=\"text-align: justify;\">&nbsp;Secretario de Salud de Sinaloa, realiza visita de supervisi\u00f3n de los refrigeradores de alta gama que dispondr\u00e1 la UAS para almacenamiento de vacuna COVID<\/div>\n<div style=\"text-align: justify;\"><span style=\"font-family: arial, helvetica, sans-serif; font-size: 12pt;\">&nbsp;En la expectativa de que Sinaloa resulte beneficiado con una cantidad importante de dosis de vacuna contra COVID-19 para el mes de enero, la Universidad Aut\u00f3noma de Sinaloa, puso a disposici\u00f3n de la dependencia estatal 30 ultra congeladores de alta gama los cuales mantendr\u00e1n en \u00f3ptimas condiciones y en almacenamiento la vacuna COVID, inform\u00f3 el Dr. Efr\u00e9n Encinas Torres, Secretario de Salud de Sinaloa.<\/span><\/div>\n<div style=\"text-align: justify;\"><span style=\"font-family: arial, helvetica, sans-serif; font-size: 12pt;\"><\/span><\/div>\n<div style=\"text-align: justify;\"><span style=\"font-family: arial, helvetica, sans-serif; font-size: 12pt;\">El titular de la dependencia estatal, detall\u00f3 que gracias a la coordinaci\u00f3n estrecha que siempre se ha mantenido con la m\u00e1xima casa de estudios del estado, la Secretar\u00eda de Salud podr\u00e1 disponer de los ultra congeladores los cuales se encuentran distribuidos en diversas facultades, con lo que se permitir\u00e1 el almacenamiento de m\u00e1s de 1 mill\u00f3n de vacunas.<\/span><\/div>\n<div style=\"text-align: justify;\"><span style=\"font-family: arial, helvetica, sans-serif; font-size: 12pt;\"><\/span><\/div>\n<div style=\"text-align: justify;\"><span style=\"font-family: arial, helvetica, sans-serif; font-size: 12pt;\">\u201cEstos refrigeradores van a generar la esperanza de la vacuna, se pensaba que no hab\u00eda refrigeradores de esta magnitud que ten\u00edamos nada m\u00e1s los de programa de vacunaci\u00f3n, con ello cada refrigerador almacena 8 mil frascos y cada uno de ellos trae 5 dosis, de tal manera que en los 30 tenemos la posibilidad de almacenar alrededor de 1 mill\u00f3n 200 mil de dosis de vacunas, en un momento dado es suficiente la capacidad instalada para Sinaloa gracias al apoyo de la UAS\u201d, detall\u00f3.<\/span><\/div>\n<div style=\"text-align: justify;\"><span style=\"font-family: arial, helvetica, sans-serif; font-size: 12pt;\"><\/span><\/div>\n<div style=\"text-align: justify;\"><span style=\"font-family: arial, helvetica, sans-serif; font-size: 12pt;\">El Secretario de Salud, record\u00f3 que, ser\u00e1n 126 millones de dosis de las diferentes industrias farmac\u00e9uticas para M\u00e9xico, sin embargo, al momento no se tiene la cantidad exacta y precisa de cuantas ser\u00e1n destinadas para Sinaloa, por ello ratific\u00f3 que se han realizado los tr\u00e1mites y gestiones necesarias para que se destine una cantidad importante y que adem\u00e1s se tenga la capacidad instalada de almacenamiento de la misma con los ultra congeladores de alta gama.&nbsp;<\/span><\/div>\n<div style=\"text-align: justify;\"><span style=\"font-family: arial, helvetica, sans-serif; font-size: 12pt;\"><\/span><\/div>\n<div style=\"text-align: justify;\"><span style=\"font-family: arial, helvetica, sans-serif; font-size: 12pt;\">Por su parte, el Dr. Gerardo Alapizco Castro, Director de la Facultad de Medicina, record\u00f3 que estos ultra congeladores son producto de todo un trabajo y recurso de la Universidad Aut\u00f3noma de Sinaloa, la cual siempre apuesta a la investigaci\u00f3n, y en estos momentos de pandemia en apoyo a la poblaci\u00f3n sinaloense, pondr\u00e1 a disposici\u00f3n del Gobierno Estatal a trav\u00e9s de la Secretar\u00eda de Salud y del Gobierno Federal este valioso recurso para tener capacidad instalada para almacenar vacunas COVID.<\/span><\/div>\n<div style=\"text-align: justify;\"><span style=\"font-family: arial, helvetica, sans-serif; font-size: 12pt;\"><\/span><\/div>\n<div style=\"text-align: justify;\"><span style=\"font-family: arial, helvetica, sans-serif; font-size: 12pt;\">\u201cHa habido una coordinaci\u00f3n excelente con el se\u00f1or secretario de salud Dr. Efr\u00e9n encinas torres y queremos seguir colaborando con esta situaci\u00f3n de la pandemia que ha golpeado bastante a la poblaci\u00f3n sinaloense\u201d, manifest\u00f3.<\/span><\/div>\n<div style=\"text-align: justify;\"><span style=\"font-family: arial, helvetica, sans-serif; font-size: 12pt;\"><\/span><\/div>\n<div style=\"text-align: justify;\"><span style=\"font-family: arial, helvetica, sans-serif; font-size: 12pt;\">Cabe se\u00f1alar que, 52 mil dosis han llegado al pa\u00eds y en la primera fase el objetivo es tener cobertura absoluta para todo el personal de salud, teniendo en cuenta que en Sinaloa se cuenta con 40 mil trabajadores. El objetivo y la meta es cubrir el 70% de la poblaci\u00f3n mexicana comenzando con las personas de mayor vulnerabilidad, 80 y m\u00e1s, y de ah\u00ed de 70 a 79, 60 a 69 hasta cumplir con toda la poblaci\u00f3n.<\/span><\/div>\n<div style=\"text-align: justify;\">&nbsp;<\/div>\n<div style=\"text-align: justify;\"><span style=\"font-family: arial, helvetica, sans-serif; font-size: 12pt;\">REDACCI\u00d3N\/Visi\u00f3n Ciudadana<\/span>&nbsp;<\/div>\n","protected":false},"excerpt":{"rendered":"<p>&nbsp;Secretario de Salud de Sinaloa, realiza visita de supervisi\u00f3n de los refrigeradores de alta gama que dispondr\u00e1 la UAS para almacenamiento de vacuna COVID &nbsp;En la expectativa de que Sinaloa resulte beneficiado con una cantidad importante de dosis de vacuna contra COVID-19 para el mes de enero, la Universidad Aut\u00f3noma de Sinaloa, puso a disposici\u00f3n [&hellip;]<\/p>\n","protected":false},"author":1,"featured_media":6271,"comment_status":"closed","ping_status":"closed","sticky":false,"template":"","format":"standard","meta":{"footnotes":""},"categories":[24],"tags":[],"ppma_author":[31],"class_list":["post-14616","post","type-post","status-publish","format-standard","has-post-thumbnail","hentry","category-relevantes"],"aioseo_notices":[],"authors":[{"term_id":31,"user_id":1,"is_guest":0,"slug":"ivan3vino","display_name":"Iv\u00e1n Trevi\u00f1o","avatar_url":{"url":"https:\/\/visionciudadana.com.mx\/oficial\/wp-content\/uploads\/2025\/09\/columna-ivan-Trevino.png","url2x":"https:\/\/visionciudadana.com.mx\/oficial\/wp-content\/uploads\/2025\/09\/columna-ivan-Trevino.png"},"0":null,"1":"","2":"","3":"","4":"","5":"","6":"","7":"","8":""}],"_links":{"self":[{"href":"https:\/\/visionciudadana.com.mx\/oficial\/wp-json\/wp\/v2\/posts\/14616","targetHints":{"allow":["GET"]}}],"collection":[{"href":"https:\/\/visionciudadana.com.mx\/oficial\/wp-json\/wp\/v2\/posts"}],"about":[{"href":"https:\/\/visionciudadana.com.mx\/oficial\/wp-json\/wp\/v2\/types\/post"}],"author":[{"embeddable":true,"href":"https:\/\/visionciudadana.com.mx\/oficial\/wp-json\/wp\/v2\/users\/1"}],"replies":[{"embeddable":true,"href":"https:\/\/visionciudadana.com.mx\/oficial\/wp-json\/wp\/v2\/comments?post=14616"}],"version-history":[{"count":1,"href":"https:\/\/visionciudadana.com.mx\/oficial\/wp-json\/wp\/v2\/posts\/14616\/revisions"}],"predecessor-version":[{"id":31572,"href":"https:\/\/visionciudadana.com.mx\/oficial\/wp-json\/wp\/v2\/posts\/14616\/revisions\/31572"}],"wp:featuredmedia":[{"embeddable":true,"href":"https:\/\/visionciudadana.com.mx\/oficial\/wp-json\/wp\/v2\/posts\/6271"}],"wp:attachment":[{"href":"https:\/\/visionciudadana.com.mx\/oficial\/wp-json\/wp\/v2\/media?parent=14616"}],"wp:term":[{"taxonomy":"category","embeddable":true,"href":"https:\/\/visionciudadana.com.mx\/oficial\/wp-json\/wp\/v2\/categories?post=14616"},{"taxonomy":"post_tag","embeddable":true,"href":"https:\/\/visionciudadana.com.mx\/oficial\/wp-json\/wp\/v2\/tags?post=14616"},{"taxonomy":"author","embeddable":true,"href":"https:\/\/visionciudadana.com.mx\/oficial\/wp-json\/wp\/v2\/ppma_author?post=14616"}],"curies":[{"name":"wp","href":"https:\/\/api.w.org\/{rel}","templated":true}]}}