{"id":14615,"date":"2020-12-28T18:55:01","date_gmt":"2020-12-28T18:55:01","guid":{"rendered":"https:\/\/visionciudadana.com.mx\/prueba\/2020\/12\/28\/morena-polarizado-y-el-prian-con-caballada-flaca-sergio-torres\/"},"modified":"2025-06-25T00:32:49","modified_gmt":"2025-06-25T00:32:49","slug":"morena-polarizado-y-el-prian-con-caballada-flaca-sergio-torres","status":"publish","type":"post","link":"https:\/\/visionciudadana.com.mx\/oficial\/2020\/12\/28\/morena-polarizado-y-el-prian-con-caballada-flaca-sergio-torres\/","title":{"rendered":"Morena polarizado y el Prian con caballada flaca: Sergio Torres"},"content":{"rendered":"<p><img fetchpriority=\"high\" decoding=\"async\" src=\"images\/vision_19.PNG\" alt=\"vision 19\" width=\"701\" height=\"427\" style=\"display: block; margin-left: auto; margin-right: auto;\" \/><\/p>\n<p><span style=\"font-family: arial, helvetica, sans-serif; font-size: 12pt;\">reafirmar que Sergio Torres y Movimiento Ciudadano avanza r\u00e1pido y fuerte hacia el triunfo en el 2021, el precandidato se\u00f1al\u00f3 que en Morena ya traen problemas antes de iniciar la campa\u00f1a por falsas encuestas, lo que polariza y enfrenta a sus militantes, y por el lado del PRIAN no se ve candidato fuerte, esta flaca la caballada.&nbsp;&nbsp;&nbsp;&nbsp;&nbsp;&nbsp;&nbsp;&nbsp;&nbsp;&nbsp;&nbsp;&nbsp;<\/span><\/p>\n<p><span style=\"font-family: arial, helvetica, sans-serif; font-size: 12pt;\">&nbsp;Lo anterior durante la conferencia de prensa,&nbsp; donde advirti\u00f3 desbandada de militantes del Pri, pues ya se dieron cuenta que la estrategia es entregar Sinaloa a Morena.&nbsp;&nbsp;&nbsp;&nbsp;&nbsp;&nbsp;&nbsp;<\/span><\/p>\n<p><span style=\"font-family: arial, helvetica, sans-serif; font-size: 12pt;\">&nbsp;En Morena no hay candidato que agrupe yen el Prian ninguno con fuerza. La verdadera alternativa de cambio de de un buen gobierno para nuestro estado es nuestro proyecto con Movimiento Ciudadano.&nbsp;<\/span><\/p>\n<p><span style=\"font-family: arial, helvetica, sans-serif; font-size: 12pt;\">&nbsp;De igual manera, calific\u00f3 como vergonzoso el oportunismo de Morena para lucrar con la vacuna contra el covid, pretenden generar la sensaci\u00f3n de que ellos resolver\u00e1n este problema, cuando todos saben no es as\u00ed, y puso como ejemplo de&nbsp; ello los mensajes en twiter enviados por el dirigente nacional de ese partido.&nbsp;&nbsp;&nbsp;<\/span><\/p>\n<p><span style=\"font-family: arial, helvetica, sans-serif; font-size: 12pt;\">&nbsp;&nbsp;&nbsp;&nbsp; \u00abMorena, dijo Sergio Torres, ha demostrado que es incompetente, que no sabe hacer gobierno, que no resuelve, y lo m\u00e1s lsmentable: est\u00e1 jugando con la vida de las personas\u00bb.<\/span><\/p>\n<p>&nbsp;<\/p>\n<p>&nbsp;<\/p>\n<p><span style=\"font-size: 12pt; font-family: arial, helvetica, sans-serif;\">REDACCI\u00d3N\/Visi\u00f3n Ciudadana&nbsp;<\/span><\/p>\n","protected":false},"excerpt":{"rendered":"<p>reafirmar que Sergio Torres y Movimiento Ciudadano avanza r\u00e1pido y fuerte hacia el triunfo en el 2021, el precandidato se\u00f1al\u00f3 que en Morena ya traen problemas antes de iniciar la campa\u00f1a por falsas encuestas, lo que polariza y enfrenta a sus militantes, y por el lado del PRIAN no se ve candidato fuerte, esta flaca [&hellip;]<\/p>\n","protected":false},"author":1,"featured_media":6269,"comment_status":"closed","ping_status":"closed","sticky":false,"template":"","format":"standard","meta":{"footnotes":""},"categories":[24],"tags":[],"ppma_author":[31],"class_list":["post-14615","post","type-post","status-publish","format-standard","has-post-thumbnail","hentry","category-relevantes"],"aioseo_notices":[],"authors":[{"term_id":31,"user_id":1,"is_guest":0,"slug":"ivan3vino","display_name":"Iv\u00e1n Trevi\u00f1o","avatar_url":{"url":"https:\/\/visionciudadana.com.mx\/oficial\/wp-content\/uploads\/2025\/09\/columna-ivan-Trevino.png","url2x":"https:\/\/visionciudadana.com.mx\/oficial\/wp-content\/uploads\/2025\/09\/columna-ivan-Trevino.png"},"0":null,"1":"","2":"","3":"","4":"","5":"","6":"","7":"","8":""}],"_links":{"self":[{"href":"https:\/\/visionciudadana.com.mx\/oficial\/wp-json\/wp\/v2\/posts\/14615","targetHints":{"allow":["GET"]}}],"collection":[{"href":"https:\/\/visionciudadana.com.mx\/oficial\/wp-json\/wp\/v2\/posts"}],"about":[{"href":"https:\/\/visionciudadana.com.mx\/oficial\/wp-json\/wp\/v2\/types\/post"}],"author":[{"embeddable":true,"href":"https:\/\/visionciudadana.com.mx\/oficial\/wp-json\/wp\/v2\/users\/1"}],"replies":[{"embeddable":true,"href":"https:\/\/visionciudadana.com.mx\/oficial\/wp-json\/wp\/v2\/comments?post=14615"}],"version-history":[{"count":1,"href":"https:\/\/visionciudadana.com.mx\/oficial\/wp-json\/wp\/v2\/posts\/14615\/revisions"}],"predecessor-version":[{"id":31573,"href":"https:\/\/visionciudadana.com.mx\/oficial\/wp-json\/wp\/v2\/posts\/14615\/revisions\/31573"}],"wp:featuredmedia":[{"embeddable":true,"href":"https:\/\/visionciudadana.com.mx\/oficial\/wp-json\/wp\/v2\/posts\/6269"}],"wp:attachment":[{"href":"https:\/\/visionciudadana.com.mx\/oficial\/wp-json\/wp\/v2\/media?parent=14615"}],"wp:term":[{"taxonomy":"category","embeddable":true,"href":"https:\/\/visionciudadana.com.mx\/oficial\/wp-json\/wp\/v2\/categories?post=14615"},{"taxonomy":"post_tag","embeddable":true,"href":"https:\/\/visionciudadana.com.mx\/oficial\/wp-json\/wp\/v2\/tags?post=14615"},{"taxonomy":"author","embeddable":true,"href":"https:\/\/visionciudadana.com.mx\/oficial\/wp-json\/wp\/v2\/ppma_author?post=14615"}],"curies":[{"name":"wp","href":"https:\/\/api.w.org\/{rel}","templated":true}]}}