{"id":14612,"date":"2020-12-22T21:58:06","date_gmt":"2020-12-22T21:58:06","guid":{"rendered":"https:\/\/visionciudadana.com.mx\/prueba\/2020\/12\/22\/exhorta-la-uas-a-no-bajar-la-guardia-ante-el-riesgo-que-aun-existe-de-contagio-por-covid-19\/"},"modified":"2025-06-25T00:32:50","modified_gmt":"2025-06-25T00:32:50","slug":"exhorta-la-uas-a-no-bajar-la-guardia-ante-el-riesgo-que-aun-existe-de-contagio-por-covid-19","status":"publish","type":"post","link":"https:\/\/visionciudadana.com.mx\/oficial\/2020\/12\/22\/exhorta-la-uas-a-no-bajar-la-guardia-ante-el-riesgo-que-aun-existe-de-contagio-por-covid-19\/","title":{"rendered":"Exhorta la UAS a no bajar la guardia ante el riesgo que a\u00fan existe de contagio por Covid-19"},"content":{"rendered":"<p>&nbsp;<\/p>\n<p><img fetchpriority=\"high\" decoding=\"async\" src=\"images\/vision_17.PNG\" alt=\"vision 17\" width=\"565\" height=\"344\" style=\"display: block; margin-left: auto; margin-right: auto;\" \/><\/p>\n<p><span style=\"font-family: arial, helvetica, sans-serif; font-size: 12pt;\">La Universidad Aut\u00f3noma de Sinaloa (UAS) exhorta a la poblaci\u00f3n a hacer conciencia sobre el riesgo que a\u00fan existe de contagio por Covid-19, esto debido a que se observa que se han \u201crelajado\u201d las medidas preventivas m\u00e1s esenciales como son el uso de cubrebocas, uso de gel, guardar la sana distancia y salir de casa solo lo necesario.<\/span><\/p>\n<p>&nbsp;<\/p>\n<blockquote>\n<div dir=\"ltr\"><span style=\"font-family: arial, helvetica, sans-serif; font-size: 12pt;\">El Rector de la Casa Rosalina, doctor Juan Eulogio Guerra Liera, dio a conocer que como parte de una nueva Campa\u00f1a de sensibilizaci\u00f3n para hacer un llamado a \u201cNo Bajar la Guardia\u201d, se inici\u00f3 con una serie de programas en Radio UAS con especialistas que estar\u00e1n abordando los diferentes temas de la pandemia, adem\u00e1s se est\u00e1n replicando spots de radio para insisitir en las medidas preventivas a fin de cortar la transmisi\u00f3n y reducir el contagio.<\/span><\/div>\n<div dir=\"ltr\">&nbsp;<\/div>\n<div dir=\"ltr\"><span style=\"font-family: arial, helvetica, sans-serif; font-size: 12pt;\">Se\u00f1al\u00f3 que a\u00fan cuando Sinaloa como entidad est\u00e1 en sem\u00e1foro amarillo, Culiac\u00e1n est\u00e1 en rojo y se deben tener medidas muy estrictas porque se est\u00e1 en un alto nivel de contagio.<\/span><\/div>\n<div dir=\"ltr\">\n<p><span style=\"font-family: arial, helvetica, sans-serif; font-size: 12pt;\">Record\u00f3 que la UAS en esta fase de la pandemia, donde ya est\u00e1 por iniciarse la vacunaci\u00f3n contra el Covid-19, ofreci\u00f3 el apoyo con m\u00e1s de 3 mil brigadistas y 29 ultracongeladores para el resguardo de la vacuna.<\/span><\/div>\n<div dir=\"ltr\">&nbsp;<\/div>\n<div dir=\"ltr\">\n<p><span style=\"font-family: arial, helvetica, sans-serif; font-size: 12pt;\">Guerra Liera estim\u00f3 que en estos momentos en Culiac\u00e1n no se pueden hacer reuniones, no se puede andar en la calle y se deben tomar medidas sumamente extremas.<\/span><\/div>\n<div dir=\"ltr\"><span style=\"font-family: arial, helvetica, sans-serif; font-size: 12pt;\">Agreg\u00f3 que se habla del posible regreso a clases de manera presencial en enero, pero con el comportamiento que se est\u00e1 teniendo en este mes de diciembre es muy probable que en enero se tengan resultados tr\u00e1gicos con un repunte sumanete agresivo de casos de Covid y que se puedan presentar problemas de falta de infraestructura hospitalaria.<\/span><\/div>\n<div dir=\"ltr\">\n<p><span style=\"font-family: arial, helvetica, sans-serif; font-size: 12pt;\">\u201cHoy es importante que la gente asuma con mucha responsabilidad que por m\u00e1s que el esp\u00edritu navide\u00f1o y el hecho de que nos entreguen el aguinaldo (&#8230;) que no seamos parte del entusiasmo de otros a\u00f1os que eran tiempos normales y que se hac\u00edan posadas, encuentros familiares y se recib\u00edan a los familiares que ven\u00edan de Estados Unidos\u201d, reflexion\u00f3.<\/span><\/div>\n<div dir=\"ltr\">&nbsp;<\/div>\n<div dir=\"ltr\">\n<p><span style=\"font-family: arial, helvetica, sans-serif; font-size: 12pt;\">Agreg\u00f3 que si hay necesidad de salir debe ser usando el cubrebocas y guardando la sana distancia, usar gel y que sean solo salidas indispensables, tambi\u00e9n se recomienda no realizar ni participar en fiestas o actividades en grupos numerosos, cuidar la alimentaci\u00f3n, la salud f\u00edsica y emocional y saber manejar el estr\u00e9s.<\/span><\/div>\n<div dir=\"ltr\">&nbsp;<\/div>\n<div dir=\"ltr\"><span style=\"font-family: arial, helvetica, sans-serif; font-size: 12pt;\">\u201cAs\u00ed que en ese sentido va esta nueva campa\u00f1a, con mucha responsabilidad preocupados, porque llegar\u00e1 el momento en que tengamos que discernir entre llegar a la educaci\u00f3n presencial o dejar la virtual (\u2026) cr\u00e9anme que hasta hoy y no creo que en 15 o 20 d\u00edas cambien las condiciones, no van a ser propicias y mucho menos con el comportamiento y la ligereza con la que nos estamos movilizando en la sociedad\u201d, puntualiz\u00f3.<\/span><\/div>\n<div dir=\"ltr\">&nbsp;<\/div>\n<div>&nbsp;<\/div>\n<div><span style=\"font-family: arial, helvetica, sans-serif; font-size: 12pt;\">REDACCI\u00d3N\/&nbsp; Visi\u00f3n Ciudadana&nbsp;<\/span><\/div>\n<\/blockquote>\n","protected":false},"excerpt":{"rendered":"<p>&nbsp; La Universidad Aut\u00f3noma de Sinaloa (UAS) exhorta a la poblaci\u00f3n a hacer conciencia sobre el riesgo que a\u00fan existe de contagio por Covid-19, esto debido a que se observa que se han \u201crelajado\u201d las medidas preventivas m\u00e1s esenciales como son el uso de cubrebocas, uso de gel, guardar la sana distancia y salir de [&hellip;]<\/p>\n","protected":false},"author":1,"featured_media":6264,"comment_status":"closed","ping_status":"closed","sticky":false,"template":"","format":"standard","meta":{"footnotes":""},"categories":[24],"tags":[],"ppma_author":[31],"class_list":["post-14612","post","type-post","status-publish","format-standard","has-post-thumbnail","hentry","category-relevantes"],"aioseo_notices":[],"authors":[{"term_id":31,"user_id":1,"is_guest":0,"slug":"ivan3vino","display_name":"Iv\u00e1n Trevi\u00f1o","avatar_url":{"url":"https:\/\/visionciudadana.com.mx\/oficial\/wp-content\/uploads\/2025\/09\/columna-ivan-Trevino.png","url2x":"https:\/\/visionciudadana.com.mx\/oficial\/wp-content\/uploads\/2025\/09\/columna-ivan-Trevino.png"},"0":null,"1":"","2":"","3":"","4":"","5":"","6":"","7":"","8":""}],"_links":{"self":[{"href":"https:\/\/visionciudadana.com.mx\/oficial\/wp-json\/wp\/v2\/posts\/14612","targetHints":{"allow":["GET"]}}],"collection":[{"href":"https:\/\/visionciudadana.com.mx\/oficial\/wp-json\/wp\/v2\/posts"}],"about":[{"href":"https:\/\/visionciudadana.com.mx\/oficial\/wp-json\/wp\/v2\/types\/post"}],"author":[{"embeddable":true,"href":"https:\/\/visionciudadana.com.mx\/oficial\/wp-json\/wp\/v2\/users\/1"}],"replies":[{"embeddable":true,"href":"https:\/\/visionciudadana.com.mx\/oficial\/wp-json\/wp\/v2\/comments?post=14612"}],"version-history":[{"count":1,"href":"https:\/\/visionciudadana.com.mx\/oficial\/wp-json\/wp\/v2\/posts\/14612\/revisions"}],"predecessor-version":[{"id":31575,"href":"https:\/\/visionciudadana.com.mx\/oficial\/wp-json\/wp\/v2\/posts\/14612\/revisions\/31575"}],"wp:featuredmedia":[{"embeddable":true,"href":"https:\/\/visionciudadana.com.mx\/oficial\/wp-json\/wp\/v2\/media\/6264"}],"wp:attachment":[{"href":"https:\/\/visionciudadana.com.mx\/oficial\/wp-json\/wp\/v2\/media?parent=14612"}],"wp:term":[{"taxonomy":"category","embeddable":true,"href":"https:\/\/visionciudadana.com.mx\/oficial\/wp-json\/wp\/v2\/categories?post=14612"},{"taxonomy":"post_tag","embeddable":true,"href":"https:\/\/visionciudadana.com.mx\/oficial\/wp-json\/wp\/v2\/tags?post=14612"},{"taxonomy":"author","embeddable":true,"href":"https:\/\/visionciudadana.com.mx\/oficial\/wp-json\/wp\/v2\/ppma_author?post=14612"}],"curies":[{"name":"wp","href":"https:\/\/api.w.org\/{rel}","templated":true}]}}