{"id":14611,"date":"2020-12-22T21:53:41","date_gmt":"2020-12-22T21:53:41","guid":{"rendered":"https:\/\/visionciudadana.com.mx\/prueba\/2020\/12\/22\/presenta-ismujeres-resultados-del-trabajo-en-el-2020\/"},"modified":"2025-06-25T00:32:50","modified_gmt":"2025-06-25T00:32:50","slug":"presenta-ismujeres-resultados-del-trabajo-en-el-2020","status":"publish","type":"post","link":"https:\/\/visionciudadana.com.mx\/oficial\/2020\/12\/22\/presenta-ismujeres-resultados-del-trabajo-en-el-2020\/","title":{"rendered":"Presenta ISMujeres resultados del trabajo en el 2020."},"content":{"rendered":"<p><img fetchpriority=\"high\" decoding=\"async\" src=\"images\/vision_16.PNG\" alt=\"vision 16\" width=\"433\" height=\"283\" style=\"display: block; margin-left: auto; margin-right: auto;\" \/><\/p>\n<p style=\"text-align: justify;\"><span style=\"font-family: arial, helvetica, sans-serif; font-size: 12pt;\">17 de diciembre del 2020. Para presentar el informe de labores del Instituto Sinaloense de las Mujeres y programar las siguientes reuniones de este m\u00e1ximo \u00f3rgano, sesiona la Junta Directiva.<\/span><\/p>\n<p style=\"text-align: justify;\"><span style=\"font-family: arial, helvetica, sans-serif; font-size: 12pt;\">Con quorum legal de las y los representantes que integran el \u00f3rgano que determina las l\u00edneas estrat\u00e9gicas del Instituto, la Directora General del ISMujeres, Lcda. Laura Gonz\u00e1lez Bon enumer\u00f3 las acciones de prevenci\u00f3n y atenci\u00f3n alcanzadas en el presente a\u00f1o.<\/span><\/p>\n<p style=\"text-align: justify;\"><span style=\"font-family: arial, helvetica, sans-serif; font-size: 12pt;\">M\u00e1s de 31 mil 800 acciones de prevenci\u00f3n y 17 mil 216 atenciones orientadas de forma inmediata para mujeres en situaci\u00f3n de vulnerabilidad, de las que, m\u00e1s de 7 mil fueron en materia de psicolog\u00eda, 4 mil 645 asesor\u00edas jur\u00eddicas, 5 mil 65 turnadas a profesionales de trabajo social y 103 atenciones m\u00e9dicas.<\/span><\/p>\n<p style=\"text-align: justify;\"><span style=\"font-family: arial, helvetica, sans-serif; font-size: 12pt;\">Inform\u00f3 que con el apoyo de los Centros para el Desarrollo de las Mujeres que se han colocado en 7 municipios del estado para apoyo a las respectivas instancias municipales de la mujer, se han beneficiado a casi 2 mil personas con atenci\u00f3n especializada.<\/span><\/p>\n<p><span style=\"font-family: arial, helvetica, sans-serif; font-size: 12pt;\">Dijo, que tambi\u00e9n en este a\u00f1o se han sentado las bases, tras el trabajo de campo en colonias, municipios y sindicaturas del estado, para la construcci\u00f3n de lo que ser\u00e1 el Plan de Trabajo 2021 del Grupo Estatal de Prevenci\u00f3n de Embarazos en Adolescentes.<\/span><\/p>\n<p style=\"text-align: justify;\">&nbsp;<\/p>\n<p style=\"text-align: justify;\"><span style=\"font-family: arial, helvetica, sans-serif; font-size: 12pt;\">Respecto al Programa de Apoyo a las Instancias de Mujeres en las Entidades Federativas (PAIMEF), recalc\u00f3 que este es un programa \u201cestrella\u201d, porque llega hasta los rincones m\u00e1s apartados con talleres, pl\u00e1ticas informativas y atenci\u00f3n especializada totalmente gratuita.<\/span><\/p>\n<p style=\"text-align: justify;\"><span style=\"font-family: arial, helvetica, sans-serif; font-size: 12pt;\">\u201cEs un programa que me resulta muy importante porque estas m\u00e1s de 11 mil acciones significan ir a esta esa comunidad que tiene dif\u00edcil acceso y llevarles datos que desconoc\u00edan, les asesoramos y convertimos su realidad en otra. Familias completas que desconoc\u00edan sus derechos y que agradecen el que les visitemos y pongamos a un especialista a su servicio sin costo alguno\u201d, dijo.<\/span><\/p>\n<p style=\"text-align: justify;\"><span style=\"font-family: arial, helvetica, sans-serif; font-size: 12pt;\">Por \u00faltimo y por votaci\u00f3n un\u00e1nime se aprobaron las sesiones del a\u00f1o 2021, adem\u00e1s de la conformaci\u00f3n de un consejo consultivo para el ISMujeres, integrado por mujeres destacadas en el quehacer social, cultural, empresarial, etc, que contribuyan al empoderamiento y avance de la igualdad sustantiva en el estado.<\/span><\/p>\n<p style=\"text-align: justify;\">&nbsp;<\/p>\n<p style=\"text-align: justify;\"><span style=\"font-family: arial, helvetica, sans-serif; font-size: 12pt;\">REDACCI\u00d3N\/ Visi\u00f3n Ciudadana&nbsp;<\/span><\/p>\n","protected":false},"excerpt":{"rendered":"<p>17 de diciembre del 2020. Para presentar el informe de labores del Instituto Sinaloense de las Mujeres y programar las siguientes reuniones de este m\u00e1ximo \u00f3rgano, sesiona la Junta Directiva. Con quorum legal de las y los representantes que integran el \u00f3rgano que determina las l\u00edneas estrat\u00e9gicas del Instituto, la Directora General del ISMujeres, Lcda. [&hellip;]<\/p>\n","protected":false},"author":1,"featured_media":6262,"comment_status":"closed","ping_status":"closed","sticky":false,"template":"","format":"standard","meta":{"footnotes":""},"categories":[24],"tags":[],"ppma_author":[31],"class_list":["post-14611","post","type-post","status-publish","format-standard","has-post-thumbnail","hentry","category-relevantes"],"aioseo_notices":[],"authors":[{"term_id":31,"user_id":1,"is_guest":0,"slug":"ivan3vino","display_name":"Iv\u00e1n Trevi\u00f1o","avatar_url":{"url":"https:\/\/visionciudadana.com.mx\/oficial\/wp-content\/uploads\/2025\/09\/columna-ivan-Trevino.png","url2x":"https:\/\/visionciudadana.com.mx\/oficial\/wp-content\/uploads\/2025\/09\/columna-ivan-Trevino.png"},"0":null,"1":"","2":"","3":"","4":"","5":"","6":"","7":"","8":""}],"_links":{"self":[{"href":"https:\/\/visionciudadana.com.mx\/oficial\/wp-json\/wp\/v2\/posts\/14611","targetHints":{"allow":["GET"]}}],"collection":[{"href":"https:\/\/visionciudadana.com.mx\/oficial\/wp-json\/wp\/v2\/posts"}],"about":[{"href":"https:\/\/visionciudadana.com.mx\/oficial\/wp-json\/wp\/v2\/types\/post"}],"author":[{"embeddable":true,"href":"https:\/\/visionciudadana.com.mx\/oficial\/wp-json\/wp\/v2\/users\/1"}],"replies":[{"embeddable":true,"href":"https:\/\/visionciudadana.com.mx\/oficial\/wp-json\/wp\/v2\/comments?post=14611"}],"version-history":[{"count":1,"href":"https:\/\/visionciudadana.com.mx\/oficial\/wp-json\/wp\/v2\/posts\/14611\/revisions"}],"predecessor-version":[{"id":31576,"href":"https:\/\/visionciudadana.com.mx\/oficial\/wp-json\/wp\/v2\/posts\/14611\/revisions\/31576"}],"wp:featuredmedia":[{"embeddable":true,"href":"https:\/\/visionciudadana.com.mx\/oficial\/wp-json\/wp\/v2\/media\/6262"}],"wp:attachment":[{"href":"https:\/\/visionciudadana.com.mx\/oficial\/wp-json\/wp\/v2\/media?parent=14611"}],"wp:term":[{"taxonomy":"category","embeddable":true,"href":"https:\/\/visionciudadana.com.mx\/oficial\/wp-json\/wp\/v2\/categories?post=14611"},{"taxonomy":"post_tag","embeddable":true,"href":"https:\/\/visionciudadana.com.mx\/oficial\/wp-json\/wp\/v2\/tags?post=14611"},{"taxonomy":"author","embeddable":true,"href":"https:\/\/visionciudadana.com.mx\/oficial\/wp-json\/wp\/v2\/ppma_author?post=14611"}],"curies":[{"name":"wp","href":"https:\/\/api.w.org\/{rel}","templated":true}]}}