{"id":14610,"date":"2020-12-22T20:27:06","date_gmt":"2020-12-22T20:27:06","guid":{"rendered":"https:\/\/visionciudadana.com.mx\/prueba\/2020\/12\/22\/gobierno-del-estado-trabaja-en-la-estructuracion-de-proyectos-prioritarios-para-sector-pesquero\/"},"modified":"2025-06-25T00:32:50","modified_gmt":"2025-06-25T00:32:50","slug":"gobierno-del-estado-trabaja-en-la-estructuracion-de-proyectos-prioritarios-para-sector-pesquero","status":"publish","type":"post","link":"https:\/\/visionciudadana.com.mx\/oficial\/2020\/12\/22\/gobierno-del-estado-trabaja-en-la-estructuracion-de-proyectos-prioritarios-para-sector-pesquero\/","title":{"rendered":"*GOBIERNO DEL ESTADO TRABAJA EN LA ESTRUCTURACI\u00d3N DE PROYECTOS PRIORITARIOS PARA SECTOR PESQUERO"},"content":{"rendered":"<p><img fetchpriority=\"high\" decoding=\"async\" src=\"images\/vision_15.PNG\" alt=\"vision 15\" width=\"508\" height=\"328\" style=\"display: block; margin-left: auto; margin-right: auto;\" \/><\/p>\n<p style=\"text-align: justify;\"><span style=\"font-size: 12pt; font-family: arial, helvetica, sans-serif;\">A\u00fan y cuando el a\u00f1o 2021 ser\u00e1 complicado en materia presupuestal, Gobierno del Estado trabaja en la estructuraci\u00f3n de los proyectos de orden prioritario con la finalidad de atender en la medida de lo posible las principales necesidades del sector pesquero.<\/span><\/p>\n<p style=\"text-align: justify;\">\n<p><span style=\"font-size: 12pt; font-family: arial, helvetica, sans-serif;\">Maribel Chollet Mor\u00e1n, secretaria de Pesca y Acuacultura, coment\u00f3 que los recortes en los ejercicios presupuestales han hecho m\u00e1s dif\u00edciles de cobijar todas las demandas y causas de quienes llevan a cabo esta actividad econ\u00f3mica primaria.&nbsp;<\/span><\/p>\n<p style=\"text-align: justify;\"><span style=\"font-size: 12pt; font-family: arial, helvetica, sans-serif;\">Reiter\u00f3 que se contempla en el caso de la pesca de altamar gestionar de manera permanente el subsidio al di\u00e9sel, mientras que en lo referente a la pesca ribere\u00f1a y maricultura se pretende llevar a cabo un ordenamiento pesquero como parte integral de un trabajo coordinado, efectuar labores de inspecci\u00f3n y vigilancia, analizar todo lo relacionado a las artes de pesca, apoyos para gasolina, as\u00ed como reparaci\u00f3n y reemplazo de motores, entre otros que se presentar\u00e1n.<\/span><\/p>\n<p style=\"text-align: justify;\"><span style=\"font-size: 12pt; font-family: arial, helvetica, sans-serif;\">\u201cEs una propuesta que tiene que ver con la eficiencia y la eficacia de un ejercicio presupuestal&nbsp; complicado\u201d, enfatiz\u00f3.<\/span><\/p>\n<p style=\"text-align: justify;\">\n<p><span style=\"font-size: 12pt; font-family: arial, helvetica, sans-serif;\">La funcionaria estatal indic\u00f3 que no bajar\u00e1 la guardia y est\u00e1 dispuesta a tocar las puertas que sean necesarias para trabajar en beneficio de las miles de personas en la entidad que viven de esta actividad, a pesar de que la reducci\u00f3n de m\u00e1s del 30 por ciento del presupuesto complicar\u00e1 el panorama.<\/span><\/p>\n<p style=\"text-align: justify;\">&nbsp;<\/p>\n<p style=\"text-align: justify;\"><span style=\"font-size: 12pt; font-family: arial, helvetica, sans-serif;\">El Gobernador Quirino Ordaz Coppel y las instancias estatales relacionadas con la actividad pesquera, como lo es la propia Secretar\u00eda de Pesca y Acuacultura, son sensibles a las problem\u00e1ticas a las que se enfrenta el sector, por lo que darles soluci\u00f3n se ha convertido en una prioridad.<\/span><\/p>\n<p style=\"text-align: justify;\">\n<p><span style=\"font-size: 12pt; font-family: arial, helvetica, sans-serif;\">\u201cLa instrucci\u00f3n del Gobernador ha sido precisa: buscar la eficacia y la eficiencia para que los recursos y los programas lleguen de manera equilibrada para atender las necesidades del sector\u201d, enfatiz\u00f3 Chollet Mor\u00e1n.<\/span><\/p>\n<p style=\"text-align: justify;\"><span style=\"font-size: 12pt; font-family: arial, helvetica, sans-serif;\">Ponder\u00f3 que el presupuesto general para el 2021, del cual se desprende el derivado a la secretar\u00eda de Pesca y Acuacultura estatal, haya sido aprobado por unanimidad y gracias a los consensos y cabildeos encabezados por el secretario de Finanzas de la mano de los integrantes del Congreso del Estado.<\/span><\/p>\n<p style=\"text-align: justify;\">&nbsp;<\/p>\n<p style=\"text-align: justify;\"><span style=\"font-size: 12pt; font-family: arial, helvetica, sans-serif;\">REDACCI\u00d3N\/ Visi\u00f3n Ciudadana&nbsp;<\/span><\/p>\n","protected":false},"excerpt":{"rendered":"<p>A\u00fan y cuando el a\u00f1o 2021 ser\u00e1 complicado en materia presupuestal, Gobierno del Estado trabaja en la estructuraci\u00f3n de los proyectos de orden prioritario con la finalidad de atender en la medida de lo posible las principales necesidades del sector pesquero. Maribel Chollet Mor\u00e1n, secretaria de Pesca y Acuacultura, coment\u00f3 que los recortes en los [&hellip;]<\/p>\n","protected":false},"author":1,"featured_media":6260,"comment_status":"closed","ping_status":"closed","sticky":false,"template":"","format":"standard","meta":{"footnotes":""},"categories":[24],"tags":[],"ppma_author":[31],"class_list":["post-14610","post","type-post","status-publish","format-standard","has-post-thumbnail","hentry","category-relevantes"],"aioseo_notices":[],"authors":[{"term_id":31,"user_id":1,"is_guest":0,"slug":"ivan3vino","display_name":"Iv\u00e1n Trevi\u00f1o","avatar_url":{"url":"https:\/\/visionciudadana.com.mx\/oficial\/wp-content\/uploads\/2025\/09\/columna-ivan-Trevino.png","url2x":"https:\/\/visionciudadana.com.mx\/oficial\/wp-content\/uploads\/2025\/09\/columna-ivan-Trevino.png"},"0":null,"1":"","2":"","3":"","4":"","5":"","6":"","7":"","8":""}],"_links":{"self":[{"href":"https:\/\/visionciudadana.com.mx\/oficial\/wp-json\/wp\/v2\/posts\/14610","targetHints":{"allow":["GET"]}}],"collection":[{"href":"https:\/\/visionciudadana.com.mx\/oficial\/wp-json\/wp\/v2\/posts"}],"about":[{"href":"https:\/\/visionciudadana.com.mx\/oficial\/wp-json\/wp\/v2\/types\/post"}],"author":[{"embeddable":true,"href":"https:\/\/visionciudadana.com.mx\/oficial\/wp-json\/wp\/v2\/users\/1"}],"replies":[{"embeddable":true,"href":"https:\/\/visionciudadana.com.mx\/oficial\/wp-json\/wp\/v2\/comments?post=14610"}],"version-history":[{"count":1,"href":"https:\/\/visionciudadana.com.mx\/oficial\/wp-json\/wp\/v2\/posts\/14610\/revisions"}],"predecessor-version":[{"id":31577,"href":"https:\/\/visionciudadana.com.mx\/oficial\/wp-json\/wp\/v2\/posts\/14610\/revisions\/31577"}],"wp:featuredmedia":[{"embeddable":true,"href":"https:\/\/visionciudadana.com.mx\/oficial\/wp-json\/wp\/v2\/media\/6260"}],"wp:attachment":[{"href":"https:\/\/visionciudadana.com.mx\/oficial\/wp-json\/wp\/v2\/media?parent=14610"}],"wp:term":[{"taxonomy":"category","embeddable":true,"href":"https:\/\/visionciudadana.com.mx\/oficial\/wp-json\/wp\/v2\/categories?post=14610"},{"taxonomy":"post_tag","embeddable":true,"href":"https:\/\/visionciudadana.com.mx\/oficial\/wp-json\/wp\/v2\/tags?post=14610"},{"taxonomy":"author","embeddable":true,"href":"https:\/\/visionciudadana.com.mx\/oficial\/wp-json\/wp\/v2\/ppma_author?post=14610"}],"curies":[{"name":"wp","href":"https:\/\/api.w.org\/{rel}","templated":true}]}}