{"id":14609,"date":"2020-12-22T20:22:23","date_gmt":"2020-12-22T20:22:23","guid":{"rendered":"https:\/\/visionciudadana.com.mx\/prueba\/2020\/12\/22\/garantizar-coberturas-a-maiceros-con-recursos-estatales-hecho-historico-dip-graciela-dominguez-nava\/"},"modified":"2025-06-25T00:32:50","modified_gmt":"2025-06-25T00:32:50","slug":"garantizar-coberturas-a-maiceros-con-recursos-estatales-hecho-historico-dip-graciela-dominguez-nava","status":"publish","type":"post","link":"https:\/\/visionciudadana.com.mx\/oficial\/2020\/12\/22\/garantizar-coberturas-a-maiceros-con-recursos-estatales-hecho-historico-dip-graciela-dominguez-nava\/","title":{"rendered":"Garantizar coberturas a maiceros con recursos estatales, hecho hist\u00f3rico: Dip. Graciela Dom\u00ednguez Nava"},"content":{"rendered":"<p><img fetchpriority=\"high\" decoding=\"async\" src=\"images\/vision_14.PNG\" alt=\"vision 14\" width=\"575\" height=\"368\" style=\"display: block; margin-left: auto; margin-right: auto;\" \/><\/p>\n<p><span style=\"font-family: arial, helvetica, sans-serif; font-size: 12pt;\">Por primera vez en el presupuesto estatal se contemplan 40 millones de pesos para la compra de coberturas que permitir\u00e1 a los peque\u00f1os productores de ma\u00edz tener un ingreso aceptable por la venta de sus cosechas, expres\u00f3 la diputada Graciela Dom\u00ednguez Nava.<\/span><\/p>\n<div class=\"gs\">\n<div class=\"\">\n<div id=\":z9\" class=\"ii gt\">\n<div id=\":z8\" class=\"a3s aiL\"><span style=\"font-family: arial, helvetica, sans-serif; font-size: 12pt;\">La presidenta de la Junta de Coordinaci\u00f3n Pol\u00edtica del Congreso del Estado de Sinaloa resalt\u00f3 que \u00e9ste es uno de los acuerdos m\u00e1s importantes logrados con las otras fuerzas pol\u00edticas y con el mismo Ejecutivo estatal para reasignar&nbsp; 730 millones 575 mil 876 pesos del Presupuesto de Egresos a aplicar en el 2021.<\/span><\/p>\n<p><span style=\"font-family: arial, helvetica, sans-serif; font-size: 12pt;\">Con una mezcla de recursos que podr\u00eda hacerse con el Fideicomiso Instituido en Relaci\u00f3n a la Agricultura (FIRA), asegur\u00f3 que se proteger\u00e1 de bajos precios en el mercado a productores que siembran hasta 50 hect\u00e1reas o tienen una producci\u00f3n m\u00e1xima de 600 toneladas de ma\u00edz.<\/span><\/p>\n<p><span style=\"font-family: arial, helvetica, sans-serif; font-size: 12pt;\">Adicionalmente a ello, agreg\u00f3 que se aprobaron otros 40 millones de pesos para la cobertura de siniestros agropecuarios en zonas temporaleras.<\/span><\/p>\n<p><span style=\"font-family: arial, helvetica, sans-serif; font-size: 12pt;\">\u201cSinaloa va a enfrentar una circunstancia compleja por la sequ\u00eda que se tuvo, no hubo suficientes lluvias, y consideramos que estos 40 millones van a ayudar bastante a productores y ganaderos que van a vivir esta problem\u00e1tica\u201d.<\/span><\/p>\n<p><span style=\"font-family: arial, helvetica, sans-serif; font-size: 12pt;\">De las reorientaciones aprobadas, la diputada Graciela Dom\u00ednguez tambi\u00e9n destac\u00f3 los 300 millones de pesos etiquetados al Instituto de Pensiones de Sinaloa, que atiende a jubilados y pensionados del Gobierno del Estado.<\/span><\/p>\n<p><span style=\"font-family: arial, helvetica, sans-serif; font-size: 12pt;\">Esta cantidad, explic\u00f3, es para que el instituto pueda ir recuperando la liquidez perdida por el desfalco financiero que se ha tenido.<\/span><\/p>\n<p><span style=\"font-family: arial, helvetica, sans-serif; font-size: 12pt;\">&nbsp;\u201cCreemos que esto es muy importante para los pensionados y jubilados, para que vayan recuperando esa certidumbre de que sus recursos, sus pensiones, van a estar seguras\u201d.<\/span><\/p>\n<p><span style=\"font-family: arial, helvetica, sans-serif; font-size: 12pt;\">La presidenta de la Junta de Coordinaci\u00f3n Pol\u00edtica del Congreso del Estado destac\u00f3 de otras reasignaciones los 10 millones de pesos para el repoblamiento de alevines y tambi\u00e9n que se dieran mayores recursos para inspecci\u00f3n y vigilancia, ambas en las aguas continentales.<\/span><\/p>\n<p><span style=\"font-family: arial, helvetica, sans-serif; font-size: 12pt;\">Explic\u00f3 que se ha decidido apoyar m\u00e1s a la pesca en presas y diques porque este sector hab\u00eda estado un tanto olvidado.<\/span><\/p>\n<p><span style=\"font-family: arial, helvetica, sans-serif; font-size: 12pt;\">La tambi\u00e9n coordinadora del Grupo Parlamentario de Morena expuso que dentro de las reorientaciones se etiquetaron 30 millones de pesos a favor de los trabajadores precarios del sector Salud, a efecto de que se les garantice la atenci\u00f3n m\u00e9dica.<\/span><\/p>\n<p><span style=\"font-family: arial, helvetica, sans-serif; font-size: 12pt;\">\u201cEsto es muy importante porque ha sido una demanda hist\u00f3rica de estos trabajadores, y que en medio de la crisis sanitaria gener\u00f3 mayor crisis\u201d.<\/span><\/p>\n<p><span style=\"font-family: arial, helvetica, sans-serif; font-size: 12pt;\">Dom\u00ednguez Nava asegur\u00f3 que atender a este sector ha sido una constante preocupaci\u00f3n para la 63 Legislatura, pues desde el primero de los tres presupuestos que le ha tocado aprobar, se reasignaron 200 millones.<\/span><\/p>\n<p><span style=\"font-family: arial, helvetica, sans-serif; font-size: 12pt;\">Con esos recursos, explic\u00f3, se les garantiz\u00f3 a estos trabajadores una compensaci\u00f3n salarial, con lo que se mejoraron sus ingresos.<\/span><\/p>\n<p><span style=\"font-family: arial, helvetica, sans-serif; font-size: 12pt;\">De otras reasignaciones aprobadas, destac\u00f3 la de 50 millones de pesos para atender a las familias que son desplazadas de sus comunidades por la violencia.<\/span><\/p>\n<p><span style=\"font-family: arial, helvetica, sans-serif; font-size: 12pt;\">\u201cEste problema \u2013observ\u00f3&#8211; se ha incrementado, y como gobierno hay que mejorar las condiciones para atenderlo\u201d.<\/span><\/p>\n<\/div>\n<div class=\"yj6qo\">&nbsp;<\/div>\n<div class=\"yj6qo\"><span style=\"font-family: arial, helvetica, sans-serif; font-size: 12pt;\">&nbsp;REDACCI\u00d3\/ Visi\u00f3n Ciudadana&nbsp;<\/span><\/div>\n<div class=\"yj6qo\">&nbsp;<\/div>\n<\/div>\n<div class=\"hi\">&nbsp;<\/div>\n<\/div>\n<\/div>\n","protected":false},"excerpt":{"rendered":"<p>Por primera vez en el presupuesto estatal se contemplan 40 millones de pesos para la compra de coberturas que permitir\u00e1 a los peque\u00f1os productores de ma\u00edz tener un ingreso aceptable por la venta de sus cosechas, expres\u00f3 la diputada Graciela Dom\u00ednguez Nava. La presidenta de la Junta de Coordinaci\u00f3n Pol\u00edtica del Congreso del Estado de [&hellip;]<\/p>\n","protected":false},"author":1,"featured_media":6258,"comment_status":"closed","ping_status":"closed","sticky":false,"template":"","format":"standard","meta":{"footnotes":""},"categories":[24],"tags":[],"ppma_author":[31],"class_list":["post-14609","post","type-post","status-publish","format-standard","has-post-thumbnail","hentry","category-relevantes"],"aioseo_notices":[],"authors":[{"term_id":31,"user_id":1,"is_guest":0,"slug":"ivan3vino","display_name":"Iv\u00e1n Trevi\u00f1o","avatar_url":{"url":"https:\/\/visionciudadana.com.mx\/oficial\/wp-content\/uploads\/2025\/09\/columna-ivan-Trevino.png","url2x":"https:\/\/visionciudadana.com.mx\/oficial\/wp-content\/uploads\/2025\/09\/columna-ivan-Trevino.png"},"0":null,"1":"","2":"","3":"","4":"","5":"","6":"","7":"","8":""}],"_links":{"self":[{"href":"https:\/\/visionciudadana.com.mx\/oficial\/wp-json\/wp\/v2\/posts\/14609","targetHints":{"allow":["GET"]}}],"collection":[{"href":"https:\/\/visionciudadana.com.mx\/oficial\/wp-json\/wp\/v2\/posts"}],"about":[{"href":"https:\/\/visionciudadana.com.mx\/oficial\/wp-json\/wp\/v2\/types\/post"}],"author":[{"embeddable":true,"href":"https:\/\/visionciudadana.com.mx\/oficial\/wp-json\/wp\/v2\/users\/1"}],"replies":[{"embeddable":true,"href":"https:\/\/visionciudadana.com.mx\/oficial\/wp-json\/wp\/v2\/comments?post=14609"}],"version-history":[{"count":1,"href":"https:\/\/visionciudadana.com.mx\/oficial\/wp-json\/wp\/v2\/posts\/14609\/revisions"}],"predecessor-version":[{"id":31578,"href":"https:\/\/visionciudadana.com.mx\/oficial\/wp-json\/wp\/v2\/posts\/14609\/revisions\/31578"}],"wp:featuredmedia":[{"embeddable":true,"href":"https:\/\/visionciudadana.com.mx\/oficial\/wp-json\/wp\/v2\/media\/6258"}],"wp:attachment":[{"href":"https:\/\/visionciudadana.com.mx\/oficial\/wp-json\/wp\/v2\/media?parent=14609"}],"wp:term":[{"taxonomy":"category","embeddable":true,"href":"https:\/\/visionciudadana.com.mx\/oficial\/wp-json\/wp\/v2\/categories?post=14609"},{"taxonomy":"post_tag","embeddable":true,"href":"https:\/\/visionciudadana.com.mx\/oficial\/wp-json\/wp\/v2\/tags?post=14609"},{"taxonomy":"author","embeddable":true,"href":"https:\/\/visionciudadana.com.mx\/oficial\/wp-json\/wp\/v2\/ppma_author?post=14609"}],"curies":[{"name":"wp","href":"https:\/\/api.w.org\/{rel}","templated":true}]}}