{"id":14592,"date":"2020-12-16T16:43:16","date_gmt":"2020-12-16T16:43:16","guid":{"rendered":"https:\/\/visionciudadana.com.mx\/prueba\/2020\/12\/16\/cumplira-uas-con-pago-de-quincena-el-aguinaldo-se-pagara-al-llegar-la-ministracion-estatal\/"},"modified":"2025-06-25T00:32:51","modified_gmt":"2025-06-25T00:32:51","slug":"cumplira-uas-con-pago-de-quincena-el-aguinaldo-se-pagara-al-llegar-la-ministracion-estatal","status":"publish","type":"post","link":"https:\/\/visionciudadana.com.mx\/oficial\/2020\/12\/16\/cumplira-uas-con-pago-de-quincena-el-aguinaldo-se-pagara-al-llegar-la-ministracion-estatal\/","title":{"rendered":"Cumplir\u00e1 UAS con pago de quincena, el aguinaldo se pagar\u00e1 al llegar la ministraci\u00f3n estatal"},"content":{"rendered":"<p><img fetchpriority=\"high\" decoding=\"async\" src=\"images\/2020\/dic20\/pago_quincena_uas.PNG\" alt=\"pago quincena uas\" width=\"444\" height=\"238\" style=\"display: block; margin-left: auto; margin-right: auto;\" \/><\/p>\n<p class=\"x_MsoNormal\" align=\"right\">&nbsp;<\/p>\n<p class=\"x_MsoNormal\" style=\"text-align: justify;\"><span style=\"font-size: 14pt; font-family: arial, helvetica, sans-serif;\">La Universidad Aut\u00f3noma de Sinaloa (UAS) garantiza hoy el pago de la primera quincena de diciembre a todos sus trabajadores acad\u00e9micos y administrativos, tanto activos como jubilados, mientras que el pago del aguinaldo quedar\u00e1 supeditado para el momento en que el Gobierno del Estado transfiera a la instituci\u00f3n la ministraci\u00f3n del subsidio correspondiente a este mes.<\/span><\/p>\n<p style=\"text-align: justify;\">&nbsp;<\/p>\n<p class=\"x_MsoNormal\" style=\"text-align: justify;\"><span style=\"font-size: 14pt; font-family: arial, helvetica, sans-serif;\">En Sesi\u00f3n Ordinaria y declarada permanente, el H. Consejo Universitario aprob\u00f3, a propuesta del Rector, doctor Juan Eulogio Guerra Liera, que la Universidad deje de cumplir con el pago de becas al desempe\u00f1o docente y con compromisos institucionales y trazar as\u00ed una ruta cr\u00edtica que permita cumplir con los trabajadores y donde solo quedar\u00e1 pendiente garantizar la segunda quincena de diciembre, para lo cual se contemplar\u00eda pedir un pr\u00e9stamo a Gobierno del Estado.<\/span><\/p>\n<p style=\"text-align: justify;\">&nbsp;<\/p>\n<p class=\"x_MsoNormal\" style=\"text-align: justify;\"><span style=\"font-size: 14pt; font-family: arial, helvetica, sans-serif;\">El Rector detall\u00f3 y plante\u00f3 la propuesta al m\u00e1ximo \u00f3rgano de gobierno de esta casa de estudios, la cual se sustenta en atenci\u00f3n al acuerdo del propio Consejo tomado este a\u00f1o de priorizar el salario y prestaciones de los universitarios.<\/span><\/p>\n<p style=\"text-align: justify;\">&nbsp;<\/p>\n<p class=\"x_MsoNormal\" style=\"text-align: justify;\"><span style=\"font-size: 14pt; font-family: arial, helvetica, sans-serif;\">\u201cSi la Universidad deja de cubrir aspectos que ten\u00eda programados como son pago de becas al desempe\u00f1o de abril de 2019 a marzo de 2020, el pago de becas al desempe\u00f1o acad\u00e9mico de abril a diciembre 2020, aportaciones al IMSS, aportaciones al SAR, aportaciones al Infonavit, amortizaci\u00f3n al Infonavit, convenios de primas de antig\u00fcedad por jubilaci\u00f3n, pago Fonacot, gastos de operaci\u00f3n, pago de impuestos, pago de Doctores J\u00f3venes, obtendr\u00edamos un monto de 503 millones 415 mil pesos\u201d, precis\u00f3 Guerra Liera al advertir que se quedar\u00eda en suspenso el pago de la segunda quincena del mes.<\/span><\/p>\n<p style=\"text-align: justify;\">&nbsp;<\/p>\n<p class=\"x_MsoNormal\" style=\"text-align: justify;\"><span style=\"font-size: 14pt; font-family: arial, helvetica, sans-serif;\">Los consejeros aprobaron la propuesta para autorizar y mandatar a la administraci\u00f3n central a que se prescinda del pago de las becas al desempe\u00f1o docente y se deje de pagar por este mes las obligaciones institucionales.<\/span><\/p>\n<p style=\"text-align: justify;\">&nbsp;<\/p>\n<p class=\"x_MsoNormal\" style=\"text-align: justify;\"><span style=\"font-size: 14pt; font-family: arial, helvetica, sans-serif;\">\u201cMuchas gracias por el apoyo, hemos tomado una decisi\u00f3n que nos va a permitir cumplir con nuestros compa\u00f1eros universitarios, cerrar este a\u00f1o y esperar que el pr\u00f3ximo a\u00f1o se voltee a ver a la educaci\u00f3n de la manera m\u00e1s emp\u00e1tica para proporcionarle los recursos que necesitamos\u201d, expres\u00f3 el Rector luego de la votaci\u00f3n.<\/span><\/p>\n<p style=\"text-align: justify;\">&nbsp;<\/p>\n<p class=\"x_MsoNormal\" style=\"text-align: justify;\"><span style=\"font-size: 14pt; font-family: arial, helvetica, sans-serif;\">Guerra Liera enfatiz\u00f3 que se debe asumir con mucha responsabilidad administrar dichos recursos que la Universidad dejar\u00e1 de cumplir con obligaciones ante el escenario en donde probablemente no haya el recurso para cubrir la segunda quincena del mes y que se tenga que esperar la primera partida presupuestal del 2021 en el mes de enero.<\/span><\/p>\n<p style=\"text-align: justify;\">&nbsp;<\/p>\n<p class=\"x_MsoNormal\" style=\"text-align: justify;\"><span style=\"font-size: 14pt; font-family: arial, helvetica, sans-serif;\">Durante la Sesi\u00f3n anunci\u00f3 que, de darse la transferencia en el transcurso del d\u00eda de una primera parte de recursos del Gobierno Estatal correspondientes al subsidio del mes, se estar\u00eda pagando la primera quincena de diciembre a partir de las 20:00 horas de este mismo martes, y el pago del aguinaldo se estar\u00eda informando una vez que se complete dicha entrega de recursos que en total suman, para este mes, poco m\u00e1s de 333 millones de pesos.<\/span><\/p>\n<p style=\"text-align: justify;\">&nbsp;<\/p>\n<p class=\"x_MsoNormal\" style=\"text-align: justify;\"><span style=\"font-size: 14pt; font-family: arial, helvetica, sans-serif;\">A los consejeros, y previamente en conferencia de prensa, el dirigente universitario explic\u00f3 la situaci\u00f3n financiera de la instituci\u00f3n donde expuso a detalle c\u00f3mo la Universidad ejerci\u00f3 402 millones de pesos del presupuesto de 2020 para cubrir compromisos y cerrar adecuadamente el 2019 y especific\u00f3 los recursos que necesita y que tiene la instituci\u00f3n.<\/span><\/p>\n<p style=\"text-align: justify;\">&nbsp;<\/p>\n<p class=\"x_MsoNormal\" style=\"text-align: justify;\"><span style=\"font-size: 14pt; font-family: arial, helvetica, sans-serif;\">\u201cPara pagar la primera y segunda quincena de diciembre requerimos 332 millones 98 mil pesos, para el aguinaldo 623 millones 972 mil pesos, la sumatoria de lo que requerimos para el cierre de a\u00f1o: 956 millones 71 mil pesos; \u00bfQu\u00e9 es lo que tenemos? \u00bfcon qu\u00e9 contamos? el incremento salarial que rescatamos con el apoyo del Gobernador (\u2026) que son 96 millones 335 mil pesos &nbsp;que llegar\u00e1n la pr\u00f3xima semana (\u2026) del presupuesto federal nos quedan 7 millones 733 mil pesos\u201d, precis\u00f3.<\/span><\/p>\n<p style=\"text-align: justify;\">&nbsp;<\/p>\n<p class=\"x_MsoNormal\" style=\"text-align: justify;\"><span style=\"font-size: 14pt; font-family: arial, helvetica, sans-serif;\">Agreg\u00f3 que del presupuesto estatal la Universidad recibir\u00e1 este mes 333 millones 247 mil pesos, de tal forma que en total se contar\u00eda con 437 millones 316 mil pesos y faltar\u00edan 518 millones 754 mil pesos, de ah\u00ed la propuesta que se hizo al Consejo Universitario.<\/span><\/p>\n<p style=\"text-align: justify;\">&nbsp;<\/p>\n<p class=\"x_MsoNormal\" style=\"text-align: justify;\"><span style=\"font-size: 14pt; font-family: arial, helvetica, sans-serif;\">Cabe destacar que ante los reporteros Guerra Liera inform\u00f3 que se est\u00e1 viendo la posibilidad de pedir al Gobernador del Estado, Quirino Ordaz Coppel, que apoye a la UAS con un pr\u00e9stamo de poco m\u00e1s de 160 millones de pesos para cubrir la segunda quincena.<\/span><\/p>\n<p style=\"text-align: justify;\">&nbsp;<\/p>\n<p class=\"x_MsoNormal\" style=\"text-align: justify;\"><span style=\"font-size: 14pt; font-family: arial, helvetica, sans-serif;\">El Rector en su mensaje al cierre de la Sesi\u00f3n enfatiz\u00f3 que este d\u00eda se tom\u00f3 una decisi\u00f3n muy importante donde se preferenci\u00f3 el ingreso salarial y el aguinaldo, prestaci\u00f3n que se espera con ansias durante todo el a\u00f1o.<\/span><\/p>\n<p style=\"text-align: justify;\">&nbsp;<\/p>\n<p class=\"x_MsoNormal\" style=\"text-align: justify;\"><span style=\"font-size: 14pt; font-family: arial, helvetica, sans-serif;\">\u201cLas condiciones en las cuales nos encontramos las universidades no son las mejores en cuanto al aspecto presupuestal, hay cosas que tenemos fe y esperamos se puedan ir tratando dentro de los pr\u00f3ximos meses y que tengamos una respuesta mucho m\u00e1s emp\u00e1tica con la educaci\u00f3n media superior y superior de nuestro pa\u00eds; hoy podemos irnos con la satisfacci\u00f3n del deber cumplido\u201d, dijo.<\/span><\/p>\n<p style=\"text-align: justify;\">&nbsp;<\/p>\n<p class=\"x_MsoNormal\" style=\"text-align: justify;\"><span style=\"font-size: 14pt; font-family: arial, helvetica, sans-serif;\">\u201cEsta reuni\u00f3n quedar\u00e1 permanente previendo cualquier situaci\u00f3n an\u00f3mala que pudiera ocurrir y estar atentos al llamado que se haga desde la administraci\u00f3n central de nuestra universidad, as\u00ed que cuid\u00e9monos, estemos al pendiente y esperamos que no haya ning\u00fan contratiempo que el d\u00eda de hoy podamos pagar la primera quincena y que antes del d\u00eda viernes podamos pagar el aguinaldo\u201d, reiter\u00f3.<\/span><\/p>\n<p style=\"text-align: justify;\">&nbsp;<\/p>\n<p class=\"x_MsoNormal\" style=\"text-align: justify;\"><span style=\"font-size: 14pt; font-family: arial, helvetica, sans-serif;\">Durante la Sesi\u00f3n el Rector tom\u00f3 protesta a los 22 directores que fueron electos para el periodo 2020-2023 y que entrar\u00e1n en funciones en la primera semana de enero de 2021.<\/span><\/p>\n<p style=\"text-align: justify;\">&nbsp;<\/p>\n<p style=\"text-align: justify;\"><span style=\"font-size: 14pt; font-family: arial, helvetica, sans-serif;\">REDACCI\u00d3N\/VISI\u00d3N CIUDADANA.<\/span><\/p>\n","protected":false},"excerpt":{"rendered":"<p>&nbsp; La Universidad Aut\u00f3noma de Sinaloa (UAS) garantiza hoy el pago de la primera quincena de diciembre a todos sus trabajadores acad\u00e9micos y administrativos, tanto activos como jubilados, mientras que el pago del aguinaldo quedar\u00e1 supeditado para el momento en que el Gobierno del Estado transfiera a la instituci\u00f3n la ministraci\u00f3n del subsidio correspondiente a [&hellip;]<\/p>\n","protected":false},"author":1,"featured_media":6237,"comment_status":"closed","ping_status":"closed","sticky":false,"template":"","format":"standard","meta":{"footnotes":""},"categories":[24],"tags":[],"ppma_author":[31],"class_list":["post-14592","post","type-post","status-publish","format-standard","has-post-thumbnail","hentry","category-relevantes"],"aioseo_notices":[],"authors":[{"term_id":31,"user_id":1,"is_guest":0,"slug":"ivan3vino","display_name":"Iv\u00e1n Trevi\u00f1o","avatar_url":{"url":"https:\/\/visionciudadana.com.mx\/oficial\/wp-content\/uploads\/2025\/09\/columna-ivan-Trevino.png","url2x":"https:\/\/visionciudadana.com.mx\/oficial\/wp-content\/uploads\/2025\/09\/columna-ivan-Trevino.png"},"0":null,"1":"","2":"","3":"","4":"","5":"","6":"","7":"","8":""}],"_links":{"self":[{"href":"https:\/\/visionciudadana.com.mx\/oficial\/wp-json\/wp\/v2\/posts\/14592","targetHints":{"allow":["GET"]}}],"collection":[{"href":"https:\/\/visionciudadana.com.mx\/oficial\/wp-json\/wp\/v2\/posts"}],"about":[{"href":"https:\/\/visionciudadana.com.mx\/oficial\/wp-json\/wp\/v2\/types\/post"}],"author":[{"embeddable":true,"href":"https:\/\/visionciudadana.com.mx\/oficial\/wp-json\/wp\/v2\/users\/1"}],"replies":[{"embeddable":true,"href":"https:\/\/visionciudadana.com.mx\/oficial\/wp-json\/wp\/v2\/comments?post=14592"}],"version-history":[{"count":1,"href":"https:\/\/visionciudadana.com.mx\/oficial\/wp-json\/wp\/v2\/posts\/14592\/revisions"}],"predecessor-version":[{"id":31583,"href":"https:\/\/visionciudadana.com.mx\/oficial\/wp-json\/wp\/v2\/posts\/14592\/revisions\/31583"}],"wp:featuredmedia":[{"embeddable":true,"href":"https:\/\/visionciudadana.com.mx\/oficial\/wp-json\/wp\/v2\/posts\/6237"}],"wp:attachment":[{"href":"https:\/\/visionciudadana.com.mx\/oficial\/wp-json\/wp\/v2\/media?parent=14592"}],"wp:term":[{"taxonomy":"category","embeddable":true,"href":"https:\/\/visionciudadana.com.mx\/oficial\/wp-json\/wp\/v2\/categories?post=14592"},{"taxonomy":"post_tag","embeddable":true,"href":"https:\/\/visionciudadana.com.mx\/oficial\/wp-json\/wp\/v2\/tags?post=14592"},{"taxonomy":"author","embeddable":true,"href":"https:\/\/visionciudadana.com.mx\/oficial\/wp-json\/wp\/v2\/ppma_author?post=14592"}],"curies":[{"name":"wp","href":"https:\/\/api.w.org\/{rel}","templated":true}]}}