{"id":14588,"date":"2020-12-15T19:13:23","date_gmt":"2020-12-15T19:13:23","guid":{"rendered":"https:\/\/visionciudadana.com.mx\/prueba\/2020\/12\/15\/triunfara-en-el-2021-el-proyecto-de-movimiento-ciudadano-sergio-torres\/"},"modified":"2025-06-25T00:32:51","modified_gmt":"2025-06-25T00:32:51","slug":"triunfara-en-el-2021-el-proyecto-de-movimiento-ciudadano-sergio-torres","status":"publish","type":"post","link":"https:\/\/visionciudadana.com.mx\/oficial\/2020\/12\/15\/triunfara-en-el-2021-el-proyecto-de-movimiento-ciudadano-sergio-torres\/","title":{"rendered":"Triunfar\u00e1 en el 2021 el proyecto de Movimiento Ciudadano: Sergio Torres"},"content":{"rendered":"<p style=\"text-align: justify;\"><img fetchpriority=\"high\" decoding=\"async\" src=\"images\/2020\/dic20\/sergizz.PNG\" alt=\"sergizz\" width=\"475\" height=\"267\" style=\"display: block; margin-left: auto; margin-right: auto;\" \/><\/p>\n<p style=\"text-align: justify;\"><span style=\"font-size: 14pt; font-family: arial, helvetica, sans-serif;\">\u00abTenemos confianza en que vamos a ganar en el 2021, la gente est\u00e1 desencantada con Morena, por la falta de resultados e incumplimiento de promesas, y el rechazo a la alianza del Pri-Pan, y la ciudadan\u00eda ve a Movimiento Ciudadano como una alternativa real, cuyo \u00fanico compromiso es con las familias sinaloenses\u00bb&nbsp; &nbsp; &nbsp; &nbsp; &nbsp; &nbsp;&nbsp;<\/span><\/p>\n<p style=\"text-align: justify;\">&nbsp;<\/p>\n<p style=\"text-align: justify;\"><span style=\"font-size: 14pt; font-family: arial, helvetica, sans-serif;\"> As\u00ed se expres\u00f3 Sergio Torres, virtual candidato de MC a la gobernatura de Sinaloa en el proceso 2021, en conferencia de prensa ante los medios de comunicaci\u00f3n de la capital del estado.&nbsp;&nbsp;&nbsp;&nbsp;<\/span><\/p>\n<p style=\"text-align: justify;\"><span style=\"font-size: 14pt; font-family: arial, helvetica, sans-serif;\">&nbsp;&nbsp;&nbsp;&nbsp;&nbsp;&nbsp;&nbsp;&nbsp;&nbsp;&nbsp;&nbsp;&nbsp;&nbsp;&nbsp;&nbsp;&nbsp;<\/span><\/p>\n<p style=\"text-align: justify;\"><span style=\"font-size: 14pt; font-family: arial, helvetica, sans-serif;\"> Se\u00f1al\u00f3 que cada d\u00eda se suman m\u00e1s liderazgos a este&nbsp; proyecto, en forma silenciosa, aguantando la presi\u00f3n del gobierno estatal y municipales, donde existe la orden tajante de despedir a todo servidor p\u00fablico que manifieste su apoyo a MC y Sergio Torres, eso solo demuestra \u00abque vamos avanzando\u00bb.&nbsp;&nbsp;&nbsp;&nbsp;&nbsp;&nbsp;&nbsp;&nbsp;&nbsp;&nbsp;&nbsp;&nbsp;&nbsp;&nbsp;&nbsp;&nbsp;&nbsp;&nbsp;&nbsp;&nbsp;&nbsp;&nbsp;&nbsp;&nbsp;&nbsp;&nbsp; <\/span><\/p>\n<p style=\"text-align: justify;\">&nbsp;<\/p>\n<p style=\"text-align: justify;\"><span style=\"font-size: 14pt; font-family: arial, helvetica, sans-serif;\">Con todo, nuestro proyecto ya \u00abagarr\u00f3 vuelo y nadie lo detiene\u00bb, explic\u00f3 Sergio Torres&nbsp; y agreg\u00f3: la gente sabe que nuestra alianza es con ellos y quieren formar parte de las decisiones gubernamentales,como se lo hemos propuesto\u00bb.&nbsp; <\/span><\/p>\n<p style=\"text-align: justify;\">&nbsp;<\/p>\n<p style=\"text-align: justify;\"><span style=\"font-size: 14pt; font-family: arial, helvetica, sans-serif;\">Explic\u00f3 que militantes del Pri y Pan, saben que sus dirigentes, nacional y estatal, ya negociaron y rntre gal\u00e1n Sinaloa a&nbsp; Morena, quedando s\u00f3lo como verdadera opci\u00f3n de respeto a sus decisiones el proyecto de Movimiento Ciudadano y Sergio Torres.<\/span><\/p>\n<p style=\"text-align: justify;\">&nbsp;<\/p>\n<p style=\"text-align: justify;\"><span style=\"font-size: 14pt; font-family: arial, helvetica, sans-serif;\">REDACCI\u00d3N\/VISI\u00d3N CIUDADANA.<\/span><\/p>\n","protected":false},"excerpt":{"rendered":"<p>\u00abTenemos confianza en que vamos a ganar en el 2021, la gente est\u00e1 desencantada con Morena, por la falta de resultados e incumplimiento de promesas, y el rechazo a la alianza del Pri-Pan, y la ciudadan\u00eda ve a Movimiento Ciudadano como una alternativa real, cuyo \u00fanico compromiso es con las familias sinaloenses\u00bb&nbsp; &nbsp; &nbsp; &nbsp; [&hellip;]<\/p>\n","protected":false},"author":1,"featured_media":6232,"comment_status":"closed","ping_status":"closed","sticky":false,"template":"","format":"standard","meta":{"footnotes":""},"categories":[24],"tags":[],"ppma_author":[31],"class_list":["post-14588","post","type-post","status-publish","format-standard","has-post-thumbnail","hentry","category-relevantes"],"aioseo_notices":[],"authors":[{"term_id":31,"user_id":1,"is_guest":0,"slug":"ivan3vino","display_name":"Iv\u00e1n Trevi\u00f1o","avatar_url":{"url":"https:\/\/visionciudadana.com.mx\/oficial\/wp-content\/uploads\/2025\/09\/columna-ivan-Trevino.png","url2x":"https:\/\/visionciudadana.com.mx\/oficial\/wp-content\/uploads\/2025\/09\/columna-ivan-Trevino.png"},"0":null,"1":"","2":"","3":"","4":"","5":"","6":"","7":"","8":""}],"_links":{"self":[{"href":"https:\/\/visionciudadana.com.mx\/oficial\/wp-json\/wp\/v2\/posts\/14588","targetHints":{"allow":["GET"]}}],"collection":[{"href":"https:\/\/visionciudadana.com.mx\/oficial\/wp-json\/wp\/v2\/posts"}],"about":[{"href":"https:\/\/visionciudadana.com.mx\/oficial\/wp-json\/wp\/v2\/types\/post"}],"author":[{"embeddable":true,"href":"https:\/\/visionciudadana.com.mx\/oficial\/wp-json\/wp\/v2\/users\/1"}],"replies":[{"embeddable":true,"href":"https:\/\/visionciudadana.com.mx\/oficial\/wp-json\/wp\/v2\/comments?post=14588"}],"version-history":[{"count":1,"href":"https:\/\/visionciudadana.com.mx\/oficial\/wp-json\/wp\/v2\/posts\/14588\/revisions"}],"predecessor-version":[{"id":31584,"href":"https:\/\/visionciudadana.com.mx\/oficial\/wp-json\/wp\/v2\/posts\/14588\/revisions\/31584"}],"wp:featuredmedia":[{"embeddable":true,"href":"https:\/\/visionciudadana.com.mx\/oficial\/wp-json\/wp\/v2\/posts\/6232"}],"wp:attachment":[{"href":"https:\/\/visionciudadana.com.mx\/oficial\/wp-json\/wp\/v2\/media?parent=14588"}],"wp:term":[{"taxonomy":"category","embeddable":true,"href":"https:\/\/visionciudadana.com.mx\/oficial\/wp-json\/wp\/v2\/categories?post=14588"},{"taxonomy":"post_tag","embeddable":true,"href":"https:\/\/visionciudadana.com.mx\/oficial\/wp-json\/wp\/v2\/tags?post=14588"},{"taxonomy":"author","embeddable":true,"href":"https:\/\/visionciudadana.com.mx\/oficial\/wp-json\/wp\/v2\/ppma_author?post=14588"}],"curies":[{"name":"wp","href":"https:\/\/api.w.org\/{rel}","templated":true}]}}