{"id":14587,"date":"2020-12-15T18:47:13","date_gmt":"2020-12-15T18:47:13","guid":{"rendered":"https:\/\/visionciudadana.com.mx\/prueba\/2020\/12\/15\/fijan-topes-de-gastos-de-precampana-y-para-la-obtencion-de-apoyo-ciudadano-de-aspirantes-a-candidaturas-independientes\/"},"modified":"2025-06-25T00:32:51","modified_gmt":"2025-06-25T00:32:51","slug":"fijan-topes-de-gastos-de-precampana-y-para-la-obtencion-de-apoyo-ciudadano-de-aspirantes-a-candidaturas-independientes","status":"publish","type":"post","link":"https:\/\/visionciudadana.com.mx\/oficial\/2020\/12\/15\/fijan-topes-de-gastos-de-precampana-y-para-la-obtencion-de-apoyo-ciudadano-de-aspirantes-a-candidaturas-independientes\/","title":{"rendered":"Fijan topes de gastos de precampa\u00f1a y para la obtenci\u00f3n de apoyo ciudadano de aspirantes a candidaturas independientes"},"content":{"rendered":"<p style=\"text-align: justify;\"><img fetchpriority=\"high\" decoding=\"async\" src=\"images\/2020\/dic20\/sesiion_extra_INE.PNG\" alt=\"sesiion extra INE\" width=\"391\" height=\"212\" style=\"display: block; margin-left: auto; margin-right: auto;\" \/><\/p>\n<p style=\"text-align: justify;\"><span style=\"font-size: 14pt; font-family: arial, helvetica, sans-serif;\">En sesi\u00f3n extraordinaria virtual, el Consejo General del Instituto Electoral del Estado de Sinaloa (IEES) aprob\u00f3 determinar en un trece por ciento los topes de gastos de precampa\u00f1a, en relaci\u00f3n con lo erogado en elecciones inmediatas anteriores; de igual forma en el caso de las y los aspirantes a candidatos independientes, se fij\u00f3 que el l\u00edmite de gastos para el periodo de obtenci\u00f3n del apoyo ciudadano deber\u00e1 ser equivalente al diez por ciento de los topes de campa\u00f1a establecidos en los comicios inmediatos previos.<\/span><\/p>\n<p style=\"text-align: justify;\">&nbsp;<\/p>\n<p style=\"text-align: justify;\"><span style=\"font-size: 14pt; font-family: arial, helvetica, sans-serif;\">El Pleno dio a conocer que las elecciones inmediatas anteriores que se tomar\u00e1n en cuenta para determinar el tope de gastos de precampa\u00f1a, ser\u00e1n los acuerdos aprobados por el Consejo General del IEES, el 14 de enero de 2016, para el caso de las y los precandidatos para la Gubernatura del Estado; y el del 15 de enero de 2018, para las y los precandidatos a diputaciones y a integrar Ayuntamientos (Presidencia municipal, S\u00edndica o S\u00edndico Procurador y Regidur\u00edas).<\/span><\/p>\n<p style=\"text-align: justify;\">&nbsp;<\/p>\n<p style=\"text-align: justify;\"><span style=\"font-size: 14pt; font-family: arial, helvetica, sans-serif;\">REDACCI\u00d3N\/VISI\u00d3N CIUDADANA.<\/span><\/p>\n","protected":false},"excerpt":{"rendered":"<p>En sesi\u00f3n extraordinaria virtual, el Consejo General del Instituto Electoral del Estado de Sinaloa (IEES) aprob\u00f3 determinar en un trece por ciento los topes de gastos de precampa\u00f1a, en relaci\u00f3n con lo erogado en elecciones inmediatas anteriores; de igual forma en el caso de las y los aspirantes a candidatos independientes, se fij\u00f3 que el [&hellip;]<\/p>\n","protected":false},"author":1,"featured_media":6230,"comment_status":"closed","ping_status":"closed","sticky":false,"template":"","format":"standard","meta":{"footnotes":""},"categories":[24],"tags":[],"ppma_author":[31],"class_list":["post-14587","post","type-post","status-publish","format-standard","has-post-thumbnail","hentry","category-relevantes"],"aioseo_notices":[],"authors":[{"term_id":31,"user_id":1,"is_guest":0,"slug":"ivan3vino","display_name":"Iv\u00e1n Trevi\u00f1o","avatar_url":{"url":"https:\/\/visionciudadana.com.mx\/oficial\/wp-content\/uploads\/2025\/09\/columna-ivan-Trevino.png","url2x":"https:\/\/visionciudadana.com.mx\/oficial\/wp-content\/uploads\/2025\/09\/columna-ivan-Trevino.png"},"0":null,"1":"","2":"","3":"","4":"","5":"","6":"","7":"","8":""}],"_links":{"self":[{"href":"https:\/\/visionciudadana.com.mx\/oficial\/wp-json\/wp\/v2\/posts\/14587","targetHints":{"allow":["GET"]}}],"collection":[{"href":"https:\/\/visionciudadana.com.mx\/oficial\/wp-json\/wp\/v2\/posts"}],"about":[{"href":"https:\/\/visionciudadana.com.mx\/oficial\/wp-json\/wp\/v2\/types\/post"}],"author":[{"embeddable":true,"href":"https:\/\/visionciudadana.com.mx\/oficial\/wp-json\/wp\/v2\/users\/1"}],"replies":[{"embeddable":true,"href":"https:\/\/visionciudadana.com.mx\/oficial\/wp-json\/wp\/v2\/comments?post=14587"}],"version-history":[{"count":1,"href":"https:\/\/visionciudadana.com.mx\/oficial\/wp-json\/wp\/v2\/posts\/14587\/revisions"}],"predecessor-version":[{"id":31585,"href":"https:\/\/visionciudadana.com.mx\/oficial\/wp-json\/wp\/v2\/posts\/14587\/revisions\/31585"}],"wp:featuredmedia":[{"embeddable":true,"href":"https:\/\/visionciudadana.com.mx\/oficial\/wp-json\/wp\/v2\/posts\/6230"}],"wp:attachment":[{"href":"https:\/\/visionciudadana.com.mx\/oficial\/wp-json\/wp\/v2\/media?parent=14587"}],"wp:term":[{"taxonomy":"category","embeddable":true,"href":"https:\/\/visionciudadana.com.mx\/oficial\/wp-json\/wp\/v2\/categories?post=14587"},{"taxonomy":"post_tag","embeddable":true,"href":"https:\/\/visionciudadana.com.mx\/oficial\/wp-json\/wp\/v2\/tags?post=14587"},{"taxonomy":"author","embeddable":true,"href":"https:\/\/visionciudadana.com.mx\/oficial\/wp-json\/wp\/v2\/ppma_author?post=14587"}],"curies":[{"name":"wp","href":"https:\/\/api.w.org\/{rel}","templated":true}]}}