{"id":14584,"date":"2020-12-15T18:07:49","date_gmt":"2020-12-15T18:07:49","guid":{"rendered":"https:\/\/visionciudadana.com.mx\/prueba\/2020\/12\/15\/invita-sedesu-al-foro-conciencia-verde-para-un-mexico-mas-sostenible\/"},"modified":"2025-06-25T00:32:52","modified_gmt":"2025-06-25T00:32:52","slug":"invita-sedesu-al-foro-conciencia-verde-para-un-mexico-mas-sostenible","status":"publish","type":"post","link":"https:\/\/visionciudadana.com.mx\/oficial\/2020\/12\/15\/invita-sedesu-al-foro-conciencia-verde-para-un-mexico-mas-sostenible\/","title":{"rendered":"Invita SEDESU al foro \u00abConciencia Verde para un M\u00e9xico m\u00e1s sostenible\u00bb"},"content":{"rendered":"<p><img fetchpriority=\"high\" decoding=\"async\" src=\"images\/2020\/dic20\/conciencia_verde.PNG\" alt=\"conciencia verde\" width=\"330\" height=\"194\" style=\"display: block; margin-left: auto; margin-right: auto;\" \/><\/p>\n<p class=\"x_MsoNormal\" style=\"text-align: justify;\"><span style=\"font-size: 14pt; font-family: arial, helvetica, sans-serif;\">La Secretar\u00eda de Desarrollo Sustentable invita al foro virtual \u201cConciencia Verde para un M\u00e9xico m\u00e1s Sostenible\u201d, que se realizar\u00e1 el 16 de diciembre a trav\u00e9s de la plataforma Zoom con la participaci\u00f3n de Roco Pachukote, fundador de la banda de rock La Maldita Vecindad y la activista Ely Hurtado.<\/span><\/p>\n<p style=\"text-align: justify;\">&nbsp;<\/p>\n<p class=\"x_MsoNormal\" style=\"text-align: justify;\"><span style=\"font-size: 14pt; font-family: arial, helvetica, sans-serif;\">La titular de la SEDESU, Isabel Mendoza Camacho,&nbsp; dijo que este espacio tiene como finalidad dialogar sobre temas como el consumo local y responsable, el reciclaje, el trueque, la responsabilidad social y ambiental para empresas y emprendedores, los objetivos de la Agenda 2030, el artivismo, entre otros.<\/span><\/p>\n<p style=\"text-align: justify;\">&nbsp;<\/p>\n<p class=\"x_MsoNormal\" style=\"text-align: justify;\"><span style=\"font-size: 14pt; font-family: arial, helvetica, sans-serif;\">Coment\u00f3 que el gobierno de Quirino Ordaz Coppel busca acercar a los j\u00f3venes m\u00e1s opciones para el debate de ideas y conocer las iniciativas que colectivos ciudadanos y artistas han emprendido para impulsar la sustentabilidad.<\/span><\/p>\n<p style=\"text-align: justify;\">&nbsp;<\/p>\n<p class=\"x_MsoNormal\" style=\"text-align: justify;\"><span style=\"font-size: 14pt; font-family: arial, helvetica, sans-serif;\">El cantante Roco Pachukote (Rolando Ortega) destac\u00f3 la riqueza de la cultura mexicana como el principal instrumento para difundir el mensaje de protecci\u00f3n para el planeta.<\/span><\/p>\n<p style=\"text-align: justify;\">&nbsp;<\/p>\n<p class=\"x_MsoNormal\" style=\"text-align: justify;\"><span style=\"font-size: 14pt; font-family: arial, helvetica, sans-serif;\">El foro es gratuito, con cupo limitado, para acceder hay que registrarse v\u00eda correo electr\u00f3nico en&nbsp;<a href=\"mailto:concienciaverde.sedesu@gmail.com\" target=\"_blank\" rel=\"noopener noreferrer\" data-auth=\"NotApplicable\"><\/a><a href=\"mailto:concienciaverde.sedesu@gmail.com\">concienciaverde.sedesu@gmail.com<\/a>, posteriormente recibir\u00e1n la liga de acceso y contrase\u00f1a para formar parte del evento que ser\u00e1 en punto de las 17:00 hrs.<\/span><\/p>\n<p style=\"text-align: justify;\">&nbsp;<\/p>\n<p style=\"text-align: justify;\"><span style=\"font-size: 14pt; font-family: arial, helvetica, sans-serif;\">REDACCI\u00d3N\/VISI\u00d3N CIUDADANA.<\/span><\/p>\n","protected":false},"excerpt":{"rendered":"<p>La Secretar\u00eda de Desarrollo Sustentable invita al foro virtual \u201cConciencia Verde para un M\u00e9xico m\u00e1s Sostenible\u201d, que se realizar\u00e1 el 16 de diciembre a trav\u00e9s de la plataforma Zoom con la participaci\u00f3n de Roco Pachukote, fundador de la banda de rock La Maldita Vecindad y la activista Ely Hurtado. &nbsp; La titular de la SEDESU, [&hellip;]<\/p>\n","protected":false},"author":1,"featured_media":6224,"comment_status":"closed","ping_status":"closed","sticky":false,"template":"","format":"standard","meta":{"footnotes":""},"categories":[24],"tags":[],"ppma_author":[31],"class_list":["post-14584","post","type-post","status-publish","format-standard","has-post-thumbnail","hentry","category-relevantes"],"aioseo_notices":[],"authors":[{"term_id":31,"user_id":1,"is_guest":0,"slug":"ivan3vino","display_name":"Iv\u00e1n Trevi\u00f1o","avatar_url":{"url":"https:\/\/visionciudadana.com.mx\/oficial\/wp-content\/uploads\/2025\/09\/columna-ivan-Trevino.png","url2x":"https:\/\/visionciudadana.com.mx\/oficial\/wp-content\/uploads\/2025\/09\/columna-ivan-Trevino.png"},"0":null,"1":"","2":"","3":"","4":"","5":"","6":"","7":"","8":""}],"_links":{"self":[{"href":"https:\/\/visionciudadana.com.mx\/oficial\/wp-json\/wp\/v2\/posts\/14584","targetHints":{"allow":["GET"]}}],"collection":[{"href":"https:\/\/visionciudadana.com.mx\/oficial\/wp-json\/wp\/v2\/posts"}],"about":[{"href":"https:\/\/visionciudadana.com.mx\/oficial\/wp-json\/wp\/v2\/types\/post"}],"author":[{"embeddable":true,"href":"https:\/\/visionciudadana.com.mx\/oficial\/wp-json\/wp\/v2\/users\/1"}],"replies":[{"embeddable":true,"href":"https:\/\/visionciudadana.com.mx\/oficial\/wp-json\/wp\/v2\/comments?post=14584"}],"version-history":[{"count":1,"href":"https:\/\/visionciudadana.com.mx\/oficial\/wp-json\/wp\/v2\/posts\/14584\/revisions"}],"predecessor-version":[{"id":31588,"href":"https:\/\/visionciudadana.com.mx\/oficial\/wp-json\/wp\/v2\/posts\/14584\/revisions\/31588"}],"wp:featuredmedia":[{"embeddable":true,"href":"https:\/\/visionciudadana.com.mx\/oficial\/wp-json\/wp\/v2\/posts\/6224"}],"wp:attachment":[{"href":"https:\/\/visionciudadana.com.mx\/oficial\/wp-json\/wp\/v2\/media?parent=14584"}],"wp:term":[{"taxonomy":"category","embeddable":true,"href":"https:\/\/visionciudadana.com.mx\/oficial\/wp-json\/wp\/v2\/categories?post=14584"},{"taxonomy":"post_tag","embeddable":true,"href":"https:\/\/visionciudadana.com.mx\/oficial\/wp-json\/wp\/v2\/tags?post=14584"},{"taxonomy":"author","embeddable":true,"href":"https:\/\/visionciudadana.com.mx\/oficial\/wp-json\/wp\/v2\/ppma_author?post=14584"}],"curies":[{"name":"wp","href":"https:\/\/api.w.org\/{rel}","templated":true}]}}