{"id":14573,"date":"2020-12-14T23:48:24","date_gmt":"2020-12-14T23:48:24","guid":{"rendered":"https:\/\/visionciudadana.com.mx\/prueba\/2020\/12\/14\/garantiza-quirino-continuacion-del-empleo-temporal-a-pescadores\/"},"modified":"2025-06-25T00:32:52","modified_gmt":"2025-06-25T00:32:52","slug":"garantiza-quirino-continuacion-del-empleo-temporal-a-pescadores","status":"publish","type":"post","link":"https:\/\/visionciudadana.com.mx\/oficial\/2020\/12\/14\/garantiza-quirino-continuacion-del-empleo-temporal-a-pescadores\/","title":{"rendered":"Garantiza Quirino continuaci\u00f3n del Empleo Temporal a pescadores"},"content":{"rendered":"<p style=\"text-align: justify;\"><img fetchpriority=\"high\" decoding=\"async\" src=\"images\/2020\/dic20\/contin\u00faa_empleo.jpg\" alt=\"contin\u00faa empleo\" width=\"780\" height=\"420\" style=\"display: block; margin-left: auto; margin-right: auto;\" \/><\/p>\n<p style=\"text-align: justify;\"><span style=\"font-size: 14pt; font-family: arial, helvetica, sans-serif;\">Al sostener un encuentro con dirigentes de pescadores y trabajadores de los muelles del Parque Bonfil, el gobernador Quirino Ordaz Coppel hizo el compromiso de que su gobierno seguir\u00e1 reforzando el Programa de Empleo Temporal, adem\u00e1s se ampliar\u00e1 el programa de apoyo para las artes de pesca, y conjuntamente con los pescadores ribere\u00f1os se implementar\u00e1 de nueva cuenta el programa de sustituci\u00f3n de motores marinos, esto para compensar el recorte de apoyos al sector por parte de la Federaci\u00f3n.<\/span><\/p>\n<p style=\"text-align: justify;\">&nbsp;<\/p>\n<p style=\"text-align: justify;\"><span style=\"font-size: 14pt; font-family: arial, helvetica, sans-serif;\">El mandatario estatal visit\u00f3 en compa\u00f1\u00eda de la secretaria de Pesca y Acuacultura, Maribel Chollet Mor\u00e1n, la empacadora Jalili Pesquera, en el Parque Bonfil, donde fue recibido por el presidente de la C\u00e1mara Nacional de la Industria Pesquera y Acu\u00edcola (CANAINPESCA), Humberto Becerra Batista, para dialogar con los trabajadores y los pescadores, adem\u00e1s de degustar platillos de mariscos, como hab\u00eda sido un compromiso de reunirse para este fin en un encuentro informal.<\/span><\/p>\n<p style=\"text-align: justify;\">&nbsp;<\/p>\n<p style=\"text-align: justify;\"><span style=\"font-size: 14pt; font-family: arial, helvetica, sans-serif;\">A su arribo, el gobernador del estado fue entrevistado por los medios de comunicaci\u00f3n, e inform\u00f3 que su gobierno destinar\u00e1 recursos propios para estos programas a los que se refiri\u00f3, como medida compensatoria por la eliminaci\u00f3n de varios programas de apoyo que antes entregaba el Gobierno de la Rep\u00fablica, de los cuales s\u00f3lo qued\u00f3 instituido el Bienpesca.<\/span><\/p>\n<p style=\"text-align: justify;\">&nbsp;<\/p>\n<p style=\"text-align: justify;\"><span style=\"font-size: 14pt; font-family: arial, helvetica, sans-serif;\">\u201cPor un lado, vamos a seguir reforzando el programa de empleo temporal y estamos viendo ampliar el programa de utensilios, de artes de pesca porque es un medio importante de apoyo para ellos. Queremos ver el mecanismo, por ejemplo, apoyar tambi\u00e9n con motores marinos pese a que es caro, pero ver un esquema de coparticipaci\u00f3n con ellos porque es algo que nos han insistido, reclamado mucho y demandado mucho, sobre todo. Obviamente, toda la gesti\u00f3n ante el gobierno federal, ante la Secretar\u00eda de Marina para reforzar el programa de inspecci\u00f3n y vigilancia\u201d, explic\u00f3.<\/span><\/p>\n<p style=\"text-align: justify;\">&nbsp;<\/p>\n<p style=\"text-align: justify;\"><span style=\"font-size: 14pt; font-family: arial, helvetica, sans-serif;\">Ordaz Coppel dijo que independientemente de estos apoyos cien por ciento estatales, seguir\u00e1 gestionando ante la Federaci\u00f3n el regreso del subsidio a la gasolina y di\u00e9sel marino, e incluso coment\u00f3 que lo abord\u00f3 con el presidente Andr\u00e9s Manuel L\u00f3pez Obrador, en su reciente visita al sur del estado, hace dos semanas.<\/span><\/p>\n<p style=\"text-align: justify;\">&nbsp;<\/p>\n<p style=\"text-align: justify;\"><span style=\"font-size: 14pt; font-family: arial, helvetica, sans-serif;\">\u201cHemos insistido en el apoyo a los subsidios, a los pescadores de cooperativas, al sector social, ribere\u00f1os, que se les debe de apoyar con incentivo a la gasolina. A ellos creo que se les tiene que buscar dar un apoyo especial, atenci\u00f3n especial porque no lo han recibido. Yo le manifest\u00e9 al presidente que para ellos es clave el apoyo a la gasolina. Lo registr\u00f3, pero s\u00ed aprovech\u00e9 la oportunidad y el espacio para hac\u00e9rselo sentir y saber\u201d, se\u00f1al\u00f3.<\/span><\/p>\n<p style=\"text-align: justify;\">&nbsp;<\/p>\n<p style=\"text-align: justify;\"><span style=\"font-size: 14pt; font-family: arial, helvetica, sans-serif;\">El gobernador del estado reconoci\u00f3 que hist\u00f3ricamente el sector pesquero ha estado lastimado, y por eso su gobierno implement\u00f3 estas medidas de apoyo, principalmente el Programa de Empleo Temporal, y ahora con las artes de pesca y motores marinos.<\/span><\/p>\n<p style=\"text-align: justify;\">&nbsp;<\/p>\n<p style=\"text-align: justify;\"><span style=\"font-size: 14pt; font-family: arial, helvetica, sans-serif;\">Al darle la bienvenida, el presidente de la CANAINPESCA, Humberto Becerra Batista, le agradeci\u00f3 al gobernador Quirino Ordaz Coppel el inter\u00e9s y preocupaci\u00f3n que le ha brindado al sector pesquero, y en cuanto a su capacidad de gesti\u00f3n ante la Federaci\u00f3n, destac\u00f3 que tienen la ventaja de la buena relaci\u00f3n que el gobernador tiene con el presidente Andr\u00e9s Manuel L\u00f3pez Obrador, con quien dijo, hizo click desde el principio.<\/span><\/p>\n<p style=\"text-align: justify;\">&nbsp;<\/p>\n<p style=\"text-align: justify;\"><span style=\"font-size: 14pt; font-family: arial, helvetica, sans-serif;\">Tambi\u00e9n acompa\u00f1aron al gobernador del estado en este encuentro, el secretario de Desarrollo Social, Ricardo Madrid P\u00e9rez; el secretario de Econom\u00eda, Javier Liz\u00e1rraga Mercado; el subsecretario de Pesca, Juan Ricardo Romero Pe\u00f1a; adem\u00e1s de los empresarios pesqueros, Omar Liz\u00e1rraga, presidente de la Uni\u00f3n de Armadores del Litoral del Pac\u00edfico Mexicano; y el expresidente de la CANAINPESCA, Fernando Medrano Freeman.<\/span><\/p>\n<p style=\"text-align: justify;\">&nbsp;<\/p>\n<p style=\"text-align: justify;\"><span style=\"font-size: 14pt; font-family: arial, helvetica, sans-serif;\">REDACCI\u00d3N\/VISI\u00d3N CIUDADANA.<\/span><\/p>\n","protected":false},"excerpt":{"rendered":"<p>Al sostener un encuentro con dirigentes de pescadores y trabajadores de los muelles del Parque Bonfil, el gobernador Quirino Ordaz Coppel hizo el compromiso de que su gobierno seguir\u00e1 reforzando el Programa de Empleo Temporal, adem\u00e1s se ampliar\u00e1 el programa de apoyo para las artes de pesca, y conjuntamente con los pescadores ribere\u00f1os se implementar\u00e1 [&hellip;]<\/p>\n","protected":false},"author":1,"featured_media":6206,"comment_status":"closed","ping_status":"closed","sticky":false,"template":"","format":"standard","meta":{"footnotes":""},"categories":[24],"tags":[],"ppma_author":[31],"class_list":["post-14573","post","type-post","status-publish","format-standard","has-post-thumbnail","hentry","category-relevantes"],"aioseo_notices":[],"authors":[{"term_id":31,"user_id":1,"is_guest":0,"slug":"ivan3vino","display_name":"Iv\u00e1n Trevi\u00f1o","avatar_url":{"url":"https:\/\/visionciudadana.com.mx\/oficial\/wp-content\/uploads\/2025\/09\/columna-ivan-Trevino.png","url2x":"https:\/\/visionciudadana.com.mx\/oficial\/wp-content\/uploads\/2025\/09\/columna-ivan-Trevino.png"},"0":null,"1":"","2":"","3":"","4":"","5":"","6":"","7":"","8":""}],"_links":{"self":[{"href":"https:\/\/visionciudadana.com.mx\/oficial\/wp-json\/wp\/v2\/posts\/14573","targetHints":{"allow":["GET"]}}],"collection":[{"href":"https:\/\/visionciudadana.com.mx\/oficial\/wp-json\/wp\/v2\/posts"}],"about":[{"href":"https:\/\/visionciudadana.com.mx\/oficial\/wp-json\/wp\/v2\/types\/post"}],"author":[{"embeddable":true,"href":"https:\/\/visionciudadana.com.mx\/oficial\/wp-json\/wp\/v2\/users\/1"}],"replies":[{"embeddable":true,"href":"https:\/\/visionciudadana.com.mx\/oficial\/wp-json\/wp\/v2\/comments?post=14573"}],"version-history":[{"count":1,"href":"https:\/\/visionciudadana.com.mx\/oficial\/wp-json\/wp\/v2\/posts\/14573\/revisions"}],"predecessor-version":[{"id":31595,"href":"https:\/\/visionciudadana.com.mx\/oficial\/wp-json\/wp\/v2\/posts\/14573\/revisions\/31595"}],"wp:featuredmedia":[{"embeddable":true,"href":"https:\/\/visionciudadana.com.mx\/oficial\/wp-json\/wp\/v2\/posts\/6206"}],"wp:attachment":[{"href":"https:\/\/visionciudadana.com.mx\/oficial\/wp-json\/wp\/v2\/media?parent=14573"}],"wp:term":[{"taxonomy":"category","embeddable":true,"href":"https:\/\/visionciudadana.com.mx\/oficial\/wp-json\/wp\/v2\/categories?post=14573"},{"taxonomy":"post_tag","embeddable":true,"href":"https:\/\/visionciudadana.com.mx\/oficial\/wp-json\/wp\/v2\/tags?post=14573"},{"taxonomy":"author","embeddable":true,"href":"https:\/\/visionciudadana.com.mx\/oficial\/wp-json\/wp\/v2\/ppma_author?post=14573"}],"curies":[{"name":"wp","href":"https:\/\/api.w.org\/{rel}","templated":true}]}}