{"id":14572,"date":"2020-12-14T23:40:34","date_gmt":"2020-12-14T23:40:34","guid":{"rendered":"https:\/\/visionciudadana.com.mx\/prueba\/2020\/12\/14\/anuncian-entrega-de-mas-de-45-mil-apoyos-invernales\/"},"modified":"2025-06-25T00:32:53","modified_gmt":"2025-06-25T00:32:53","slug":"anuncian-entrega-de-mas-de-45-mil-apoyos-invernales","status":"publish","type":"post","link":"https:\/\/visionciudadana.com.mx\/oficial\/2020\/12\/14\/anuncian-entrega-de-mas-de-45-mil-apoyos-invernales\/","title":{"rendered":"Anuncian entrega de m\u00e1s de 45 mil apoyos invernales"},"content":{"rendered":"<p><img fetchpriority=\"high\" decoding=\"async\" src=\"images\/2020\/dic20\/45_mil_apoyos.jpg\" alt=\"45 mil apoyos\" width=\"780\" height=\"420\" style=\"display: block; margin-left: auto; margin-right: auto;\" \/><\/p>\n<p style=\"text-align: justify;\"><span style=\"font-size: 14pt; font-family: arial, helvetica, sans-serif;\">Ante el descenso de las temperaturas que se est\u00e1n registrando en el estado, la Presidenta del Sistema DIF Sinaloa, Rosy Fuentes de Ordaz, el Secretario de Desarrollo Social, Ricardo Madrid y el Director de Protecci\u00f3n Civil, Francisco Vega anunciaron la distribuci\u00f3n de 45 mil apoyos invernales.<\/span><\/p>\n<p style=\"text-align: justify;\"><span lang=\"ES-TRAD\" style=\"font-size: 14pt; font-family: arial, helvetica, sans-serif;\"><\/span><\/p>\n<p class=\"x_MsoNormal\" style=\"text-align: justify;\"><span lang=\"ES-TRAD\" style=\"font-size: 14pt; font-family: arial, helvetica, sans-serif;\">Esta estrategia de entrega de apoyos invernales se realizar\u00e1 de forma coordinada con Sedeso y Protecci\u00f3n Civil, el objetivo es apoyar a las familias en situaci\u00f3n de vulnerabilidad que ya est\u00e1n resintiendo las bajas temperaturas; los apoyos invernales consisten en cobijas, ropa, l\u00e1mina galvanizada y l\u00e1mina negra, comparti\u00f3 Rosy Fuentes de Ordaz.<\/span><\/p>\n<p style=\"text-align: justify;\">&nbsp;<\/p>\n<p class=\"x_MsoNormal\" style=\"text-align: justify;\"><span lang=\"ES-TRAD\" style=\"font-size: 14pt; font-family: arial, helvetica, sans-serif;\">\u201cContentos de estar iniciando esta campa\u00f1a de entrega de apoyos invernales, la verdad despu\u00e9s de un gran esfuerzo por la situaci\u00f3n que estamos viviendo, donde entregaremos m\u00e1s de 45 mil apoyos que ser\u00e1n de gran valor para nuestras familias sinaloenses\u201d.<\/span><\/p>\n<p style=\"text-align: justify;\">&nbsp;<\/p>\n<p class=\"x_MsoNormal\" style=\"text-align: justify;\"><span lang=\"ES-TRAD\" style=\"font-size: 14pt; font-family: arial, helvetica, sans-serif;\">La presidenta de la instituci\u00f3n, reconoci\u00f3 el apoyo y esfuerzo del gobernador, Quirino Ordaz Coppel, pues dijo, siempre se muestra solidario con la gente que m\u00e1s lo necesita, y en esta ocasi\u00f3n no es la excepci\u00f3n, ya que lograr\u00e1n llegar a las comunidades m\u00e1s vulnerables en este tiempo de fr\u00edo.<\/span><\/p>\n<p style=\"text-align: justify;\">&nbsp;<\/p>\n<p class=\"x_MsoNormal\" style=\"text-align: justify;\"><span lang=\"ES-TRAD\" style=\"font-size: 14pt; font-family: arial, helvetica, sans-serif;\">Agradeci\u00f3 el trabajo coordinado que est\u00e1n realizando de la mano con el secretario Ricardo Madrid de Desarrollo Social, y con Paco Vega de Protecci\u00f3n Civil.<\/span><\/p>\n<p style=\"text-align: justify;\">&nbsp;<\/p>\n<p class=\"x_MsoNormal\" style=\"text-align: justify;\"><span lang=\"ES-TRAD\" style=\"font-size: 14pt; font-family: arial, helvetica, sans-serif;\">Para este a\u00f1o se entregar\u00e1n 30 mil piezas de lamina galvanizada, 15 mil cobijas y 1 mil 200 bultos de l\u00e1mina; adem\u00e1s, bultos de ropa y agua.<\/span><\/p>\n<p style=\"text-align: justify;\">&nbsp;<\/p>\n<p class=\"x_MsoNormal\" style=\"text-align: justify;\"><span lang=\"ES-TRAD\" style=\"font-size: 14pt; font-family: arial, helvetica, sans-serif;\">El secretario de Desarrollo Social, Ricardo Madrid, reiter\u00f3 que van a hacer un trabajo bien coordinado, cercano a la gente que m\u00e1s lo necesita, coment\u00f3 que, a pesar de ser un reto, el gobernador del Estado, Quirino Ordaz Coppel, dio el impulso para llegar a las familias que requieren de este tipo de apoyo. Tambi\u00e9n dijo que constantemente realizan monitoreos en coordinaci\u00f3n con Protecci\u00f3n Civil y DIF Sinaloa, para detectar las zonas con mayor posibilidad de descenso de temperaturas, y de esta manera reaccionar de manera oportuna.<\/span><\/p>\n<p style=\"text-align: justify;\">&nbsp;<\/p>\n<p class=\"x_MsoNormal\" style=\"text-align: justify;\"><span lang=\"ES-TRAD\" style=\"font-size: 14pt; font-family: arial, helvetica, sans-serif;\">Para ello, el titular de Protecci\u00f3n Civil, Francisco Vega, precis\u00f3 que se cuenta previamente con un listado de las comunidades que se ven m\u00e1s expuestas a las bajas temperaturas. Refiri\u00f3 que en promedio son 204 comunidades las que regularmente se ven afectadas por el fr\u00edo.<\/span><\/p>\n<p class=\"x_MsoNormal\" style=\"text-align: justify;\"><span lang=\"ES-TRAD\" style=\"font-size: 14pt; font-family: arial, helvetica, sans-serif;\"><\/span><\/p>\n<p class=\"x_MsoNormal\" style=\"text-align: justify;\"><span lang=\"ES-TRAD\" style=\"font-size: 14pt; font-family: arial, helvetica, sans-serif;\">\u201cYa las bajas temperaturas se nos han dado principalmente en la sierra, en la zona norte y un micro clima que tenemos en los valles. A partir de ya y con todo el inter\u00e9s del gobernador, el apoyo de la se\u00f1ora Rosy y en coordinaci\u00f3n con la Secretar\u00eda de Desarrollo Social, estaremos visitando estas zonas, principalmente para fortalecer la vivienda, el cobijo y la alimentaci\u00f3n de las personas m\u00e1s vulnerables\u201d, finaliz\u00f3 de la Vega.<\/span><\/p>\n<p style=\"text-align: justify;\">&nbsp;<\/p>\n<p class=\"x_MsoNormal\" style=\"text-align: justify;\"><span lang=\"ES-TRAD\" style=\"font-size: 14pt; font-family: arial, helvetica, sans-serif;\">La directora de DIF Estatal, Connie Zazueta Castro, explic\u00f3 que, de requerirse m\u00e1s apoyos, se gestionar\u00e1 para dar cobertura a esta apremiante necesidad, porque el objetivo es contribuir al bienestar de las familias sinaloenses.<\/span><\/p>\n<p style=\"text-align: justify;\">&nbsp;<\/p>\n<p style=\"text-align: justify;\">&nbsp;<\/p>\n<p style=\"text-align: justify;\"><span style=\"font-size: 14pt; font-family: arial, helvetica, sans-serif;\">REDACCI\u00d3N\/VISI\u00d3N CIUDADANA.<\/span><\/p>\n","protected":false},"excerpt":{"rendered":"<p>Ante el descenso de las temperaturas que se est\u00e1n registrando en el estado, la Presidenta del Sistema DIF Sinaloa, Rosy Fuentes de Ordaz, el Secretario de Desarrollo Social, Ricardo Madrid y el Director de Protecci\u00f3n Civil, Francisco Vega anunciaron la distribuci\u00f3n de 45 mil apoyos invernales. Esta estrategia de entrega de apoyos invernales se realizar\u00e1 [&hellip;]<\/p>\n","protected":false},"author":1,"featured_media":6204,"comment_status":"closed","ping_status":"closed","sticky":false,"template":"","format":"standard","meta":{"footnotes":""},"categories":[24],"tags":[],"ppma_author":[31],"class_list":["post-14572","post","type-post","status-publish","format-standard","has-post-thumbnail","hentry","category-relevantes"],"aioseo_notices":[],"authors":[{"term_id":31,"user_id":1,"is_guest":0,"slug":"ivan3vino","display_name":"Iv\u00e1n Trevi\u00f1o","avatar_url":{"url":"https:\/\/visionciudadana.com.mx\/oficial\/wp-content\/uploads\/2025\/09\/columna-ivan-Trevino.png","url2x":"https:\/\/visionciudadana.com.mx\/oficial\/wp-content\/uploads\/2025\/09\/columna-ivan-Trevino.png"},"0":null,"1":"","2":"","3":"","4":"","5":"","6":"","7":"","8":""}],"_links":{"self":[{"href":"https:\/\/visionciudadana.com.mx\/oficial\/wp-json\/wp\/v2\/posts\/14572","targetHints":{"allow":["GET"]}}],"collection":[{"href":"https:\/\/visionciudadana.com.mx\/oficial\/wp-json\/wp\/v2\/posts"}],"about":[{"href":"https:\/\/visionciudadana.com.mx\/oficial\/wp-json\/wp\/v2\/types\/post"}],"author":[{"embeddable":true,"href":"https:\/\/visionciudadana.com.mx\/oficial\/wp-json\/wp\/v2\/users\/1"}],"replies":[{"embeddable":true,"href":"https:\/\/visionciudadana.com.mx\/oficial\/wp-json\/wp\/v2\/comments?post=14572"}],"version-history":[{"count":1,"href":"https:\/\/visionciudadana.com.mx\/oficial\/wp-json\/wp\/v2\/posts\/14572\/revisions"}],"predecessor-version":[{"id":31596,"href":"https:\/\/visionciudadana.com.mx\/oficial\/wp-json\/wp\/v2\/posts\/14572\/revisions\/31596"}],"wp:featuredmedia":[{"embeddable":true,"href":"https:\/\/visionciudadana.com.mx\/oficial\/wp-json\/wp\/v2\/posts\/6204"}],"wp:attachment":[{"href":"https:\/\/visionciudadana.com.mx\/oficial\/wp-json\/wp\/v2\/media?parent=14572"}],"wp:term":[{"taxonomy":"category","embeddable":true,"href":"https:\/\/visionciudadana.com.mx\/oficial\/wp-json\/wp\/v2\/categories?post=14572"},{"taxonomy":"post_tag","embeddable":true,"href":"https:\/\/visionciudadana.com.mx\/oficial\/wp-json\/wp\/v2\/tags?post=14572"},{"taxonomy":"author","embeddable":true,"href":"https:\/\/visionciudadana.com.mx\/oficial\/wp-json\/wp\/v2\/ppma_author?post=14572"}],"curies":[{"name":"wp","href":"https:\/\/api.w.org\/{rel}","templated":true}]}}