{"id":14571,"date":"2020-12-14T23:34:15","date_gmt":"2020-12-14T23:34:15","guid":{"rendered":"https:\/\/visionciudadana.com.mx\/prueba\/2020\/12\/14\/presentan-el-libro-la-mediacion-como-via-al-bienestar-y-la-felicidad\/"},"modified":"2025-06-25T00:32:53","modified_gmt":"2025-06-25T00:32:53","slug":"presentan-el-libro-la-mediacion-como-via-al-bienestar-y-la-felicidad","status":"publish","type":"post","link":"https:\/\/visionciudadana.com.mx\/oficial\/2020\/12\/14\/presentan-el-libro-la-mediacion-como-via-al-bienestar-y-la-felicidad\/","title":{"rendered":"Presentan el libro \u00abLa mediaci\u00f3n como v\u00eda al bienestar y la felicidad\u00bb"},"content":{"rendered":"<p><img fetchpriority=\"high\" decoding=\"async\" src=\"images\/2020\/dic20\/presentan_libro.PNG\" alt=\"presentan libro\" width=\"385\" height=\"206\" style=\"display: block; margin-left: auto; margin-right: auto;\" \/><\/p>\n<p class=\"x_MsoNormal\" style=\"text-align: justify;\"><span style=\"font-size: 14pt; font-family: arial, helvetica, sans-serif;\">Durante el \u00faltimo d\u00eda de actividades del&nbsp;<i>Ciclo Internacional de videoconferencias sobre Paz y Bienestar<\/i>, evento organizado por la Universidad Aut\u00f3noma de Sinaloa (UAS) a trav\u00e9s de la Unidad de Bienestar Universitario (UBU), se llev\u00f3 a cabo la presentaci\u00f3n del libro&nbsp;<a name=\"x__Hlk58855151\"><\/a>\u00abLa mediaci\u00f3n como v\u00eda al bienestar y la felicidad\u00bb, autor\u00eda del doctor Francisco Javier Gorj\u00f3n G\u00f3mez.<\/span><\/p>\n<p style=\"text-align: justify;\">&nbsp;<\/p>\n<p class=\"x_MsoNormal\" style=\"text-align: justify;\"><span style=\"font-size: 14pt; font-family: arial, helvetica, sans-serif;\">En esta obra que consta de ocho cap\u00edtulos, el Coordinador del Plan de Cultura de Paz de ANUIES, da una c\u00e1tedra de c\u00f3mo la sociedad puede lograr tener paz, bienestar y felicidad a trav\u00e9s de los mecanismos de mediaci\u00f3n y conciliaci\u00f3n, indic\u00f3 el licenciado Gabriel Rosario Pe\u00f1a Gonz\u00e1lez, quien fungi\u00f3 como comentarista del libro.<\/span><\/p>\n<p style=\"text-align: justify;\">&nbsp;<\/p>\n<p class=\"x_MsoNormal\" style=\"text-align: justify;\"><span style=\"font-size: 14pt; font-family: arial, helvetica, sans-serif;\">El delegado de la Federaci\u00f3n Nacional del Colegio de Mediadores A.C. en Sinaloa, en su an\u00e1lisis, coment\u00f3 que el autor cuestiona \u00bfpor qu\u00e9 la mediaci\u00f3n es una v\u00eda para el bienestar y la felicidad?; \u00bfpor qu\u00e9 importa la mediaci\u00f3n?, entre otras interrogantes, dando las respuestas a las misma.<\/span><\/p>\n<p style=\"text-align: justify;\">&nbsp;<\/p>\n<p class=\"x_MsoNormal\" style=\"text-align: justify;\"><span style=\"font-size: 14pt; font-family: arial, helvetica, sans-serif;\">\u00ab\u00c9l nos viene se\u00f1alando c\u00f3mo a trav\u00e9s del acuerdo, de la mediaci\u00f3n y la conciliaci\u00f3n tienden a generar bienestar y felicidad. Dice que el acuerdo al que llegan las partes logra que entre ambas se vaya generando esa tranquilidad y lo relaciona con el bienestar y la felicidad y, nos dice tambi\u00e9n que para lograrlo se deben de considerar varios elementos a priori\u00bb, se\u00f1al\u00f3.<\/span><\/p>\n<p style=\"text-align: justify;\">&nbsp;<\/p>\n<p class=\"x_MsoNormal\" style=\"text-align: justify;\"><span style=\"font-size: 14pt; font-family: arial, helvetica, sans-serif;\">De igual manera, dijo que la relevancia de la meditaci\u00f3n, radica en que por medio de esta se procura generar un entorno de tranquilidad, de armon\u00eda y empat\u00eda al llegar a acuerdos entre las partes implicadas, brind\u00e1ndoles as\u00ed, bienestar y felicidad.<\/span><\/p>\n<p style=\"text-align: justify;\">&nbsp;<\/p>\n<p class=\"x_MsoNormal\" style=\"text-align: justify;\"><span style=\"font-size: 14pt; font-family: arial, helvetica, sans-serif;\">Asimismo, mencion\u00f3 que el autor destaca el valor de la confianza, la capacidad de decisi\u00f3n, manifestando que cada persona es la responsable de construir su propia felicidad y bienestar y con ello contribuir a la paz y el bienestar social.<\/span><\/p>\n<p style=\"text-align: justify;\">&nbsp;<\/p>\n<p class=\"x_MsoNormal\" style=\"text-align: justify;\"><span style=\"font-size: 14pt; font-family: arial, helvetica, sans-serif;\">\u00abVa dirigido a todas las personas, a todos los profesionales, a todos los operadores y a los posibles futuros usuarios, es decir, que tenemos que estar preparados, que busquemos preparar a la sociedad para generar una cultura realmente de resolver los conflictos por la v\u00eda pac\u00edfica y ah\u00ed es donde el autor, el doctor Gorj\u00f3n, nos establece cu\u00e1les son los mecanismos que debemos utilizar para poder lograr estos acuerdos de manera satisfactoria entre las partes\u00bb, puntualiz\u00f3.<\/span><\/p>\n<p style=\"text-align: justify;\">&nbsp;<\/p>\n<p class=\"x_MsoNormal\" style=\"text-align: justify;\"><span style=\"font-size: 14pt; font-family: arial, helvetica, sans-serif;\">Por su parte, el autor de \u00abLa mediaci\u00f3n como v\u00eda al bienestar y la felicidad\u00bb, Francisco Javier Gorj\u00f3n G\u00f3mez, se\u00f1al\u00f3 que los mediadores son agentes de paz y que para serlo no se requiere de ser abogado, sino que es una cuesti\u00f3n multidisciplinar y de perspectiva, de querer generar el bienestar en uno mismo y en los dem\u00e1s.<\/span><\/p>\n<p style=\"text-align: justify;\">&nbsp;<\/p>\n<p class=\"x_MsoNormal\" style=\"text-align: justify;\"><span style=\"font-size: 14pt; font-family: arial, helvetica, sans-serif;\">El investigador de la Universidad Aut\u00f3noma de Nuevo Le\u00f3n, explic\u00f3 que escribi\u00f3 esta obra con el objetivo de impulsar la meditaci\u00f3n y la b\u00fasqueda de f\u00f3rmulas para poder promover estos mecanismos.<\/span><\/p>\n<p style=\"text-align: justify;\">&nbsp;<\/p>\n<p class=\"x_MsoNormal\" style=\"text-align: justify;\"><span style=\"font-size: 14pt; font-family: arial, helvetica, sans-serif;\">\u00abPresentamos esta obra con el \u00e1nimo de generar dos estrategias puntuales. Una por la culturizaci\u00f3n y, sobre todo, el hablar el idioma de la sociedad. La sociedad puede entender muy bien qu\u00e9 es bienestar y qu\u00e9 es felicidad y, cuando hemos trabajado la difusi\u00f3n de estas metodolog\u00edas de soluci\u00f3n de conflictos lo hemos hecho de una manera muy t\u00e9cnica, por lo tanto, no se encuentra en este momento la meditaci\u00f3n en la gen\u00e9tica social. Es en esta gen\u00e9tica social, que es el d\u00eda a d\u00eda, en donde queremos posicionar esta gran oportunidad (&#8230;) Otra de las estrategias es que intentamos lograr conciliar el mundo de la norma, el mundo del derecho con la realidad social.&nbsp;<\/span><\/p>\n<p style=\"text-align: justify;\">&nbsp;<\/p>\n<p class=\"x_MsoNormal\" style=\"text-align: justify;\"><span style=\"font-size: 14pt; font-family: arial, helvetica, sans-serif;\">Adem\u00e1s, mencion\u00f3 que bienestar y felicidad son sin\u00f3nimos y que en conjunto con la mediaci\u00f3n se puede hacer de estos un estilo de vida, pero que estos se basan en la forma en c\u00f3mo son percibidos por las personas ya que cada quien tiene una percepci\u00f3n subjetiva de la vida.<\/span><\/p>\n<p style=\"text-align: justify;\">&nbsp;<\/p>\n<p class=\"x_MsoNormal\" style=\"text-align: justify;\"><span style=\"font-size: 14pt; font-family: arial, helvetica, sans-serif;\">\u00abSi no asumimos el reto de resolver nuestros conflictos a trav\u00e9s de la mediaci\u00f3n por consecuencia seremos infelices. Entonces es en este entorno en donde ese bienestar radica en la percepci\u00f3n que nosotros tenemos de la vida, de nuestra calidad de vida, del buen vivir, del vivir bien (&#8230;) hay que entender que esta felicidad se basa en lo que nosotros percibimos\u00bb, expres\u00f3.<\/span><\/p>\n<p style=\"text-align: justify;\">&nbsp;<\/p>\n<p class=\"x_MsoNormal\" style=\"text-align: justify;\"><span style=\"font-size: 14pt; font-family: arial, helvetica, sans-serif;\">En su intervenci\u00f3n, Gorj\u00f3n G\u00f3mez, reconoci\u00f3 a la Universidad Aut\u00f3noma de Sinaloa como una instituci\u00f3n ejemplo a nivel nacional al ser una de las primeras universidades en trabajar de manera transversal los valores y mantener programas que promueven la cultura de la paz, lo cual dijo, es fundamental para formar mejores profesionistas y mejores ciudadanos.&nbsp;<\/span><\/p>\n<p style=\"text-align: justify;\">&nbsp;<\/p>\n<p class=\"x_MsoNormal\" style=\"text-align: justify;\"><span style=\"font-size: 14pt; font-family: arial, helvetica, sans-serif;\">\u00abQuiero exhortarlos a todos y cada uno de ustedes a que pensemos en vivir bien, en vivir en un entorno feliz, en consecuencia, vivir y gozar de bienestar en nuestra comunidad, con nuestra familia y con todas aquellas personas con las cuales nos vinculamos. Estoy seguro que podemos hacer de M\u00e9xico y claro est\u00e1, de Sinaloa un mejor lugar y un lugar m\u00e1s feliz en raz\u00f3n de nuestros propios intereses\u00bb, concluy\u00f3.<\/span><\/p>\n<p style=\"text-align: justify;\">&nbsp;<\/p>\n<p style=\"text-align: justify;\">&nbsp;<\/p>\n<p style=\"text-align: justify;\"><span style=\"font-size: 14pt; font-family: arial, helvetica, sans-serif;\">REDACCI\u00d3N\/VISI\u00d3N CIUDADANA.<\/span><\/p>\n","protected":false},"excerpt":{"rendered":"<p>Durante el \u00faltimo d\u00eda de actividades del&nbsp;Ciclo Internacional de videoconferencias sobre Paz y Bienestar, evento organizado por la Universidad Aut\u00f3noma de Sinaloa (UAS) a trav\u00e9s de la Unidad de Bienestar Universitario (UBU), se llev\u00f3 a cabo la presentaci\u00f3n del libro&nbsp;\u00abLa mediaci\u00f3n como v\u00eda al bienestar y la felicidad\u00bb, autor\u00eda del doctor Francisco Javier Gorj\u00f3n G\u00f3mez. [&hellip;]<\/p>\n","protected":false},"author":1,"featured_media":6202,"comment_status":"closed","ping_status":"closed","sticky":false,"template":"","format":"standard","meta":{"footnotes":""},"categories":[24],"tags":[],"ppma_author":[31],"class_list":["post-14571","post","type-post","status-publish","format-standard","has-post-thumbnail","hentry","category-relevantes"],"aioseo_notices":[],"authors":[{"term_id":31,"user_id":1,"is_guest":0,"slug":"ivan3vino","display_name":"Iv\u00e1n Trevi\u00f1o","avatar_url":{"url":"https:\/\/visionciudadana.com.mx\/oficial\/wp-content\/uploads\/2025\/09\/columna-ivan-Trevino.png","url2x":"https:\/\/visionciudadana.com.mx\/oficial\/wp-content\/uploads\/2025\/09\/columna-ivan-Trevino.png"},"0":null,"1":"","2":"","3":"","4":"","5":"","6":"","7":"","8":""}],"_links":{"self":[{"href":"https:\/\/visionciudadana.com.mx\/oficial\/wp-json\/wp\/v2\/posts\/14571","targetHints":{"allow":["GET"]}}],"collection":[{"href":"https:\/\/visionciudadana.com.mx\/oficial\/wp-json\/wp\/v2\/posts"}],"about":[{"href":"https:\/\/visionciudadana.com.mx\/oficial\/wp-json\/wp\/v2\/types\/post"}],"author":[{"embeddable":true,"href":"https:\/\/visionciudadana.com.mx\/oficial\/wp-json\/wp\/v2\/users\/1"}],"replies":[{"embeddable":true,"href":"https:\/\/visionciudadana.com.mx\/oficial\/wp-json\/wp\/v2\/comments?post=14571"}],"version-history":[{"count":1,"href":"https:\/\/visionciudadana.com.mx\/oficial\/wp-json\/wp\/v2\/posts\/14571\/revisions"}],"predecessor-version":[{"id":31597,"href":"https:\/\/visionciudadana.com.mx\/oficial\/wp-json\/wp\/v2\/posts\/14571\/revisions\/31597"}],"wp:featuredmedia":[{"embeddable":true,"href":"https:\/\/visionciudadana.com.mx\/oficial\/wp-json\/wp\/v2\/posts\/6202"}],"wp:attachment":[{"href":"https:\/\/visionciudadana.com.mx\/oficial\/wp-json\/wp\/v2\/media?parent=14571"}],"wp:term":[{"taxonomy":"category","embeddable":true,"href":"https:\/\/visionciudadana.com.mx\/oficial\/wp-json\/wp\/v2\/categories?post=14571"},{"taxonomy":"post_tag","embeddable":true,"href":"https:\/\/visionciudadana.com.mx\/oficial\/wp-json\/wp\/v2\/tags?post=14571"},{"taxonomy":"author","embeddable":true,"href":"https:\/\/visionciudadana.com.mx\/oficial\/wp-json\/wp\/v2\/ppma_author?post=14571"}],"curies":[{"name":"wp","href":"https:\/\/api.w.org\/{rel}","templated":true}]}}