{"id":14563,"date":"2020-12-13T22:10:18","date_gmt":"2020-12-13T22:10:18","guid":{"rendered":"https:\/\/visionciudadana.com.mx\/prueba\/2020\/12\/13\/tu-tambien-puedes-protegerme-campana-de-deteccion-y-apoyo-para-nna\/"},"modified":"2025-06-25T00:32:53","modified_gmt":"2025-06-25T00:32:53","slug":"tu-tambien-puedes-protegerme-campana-de-deteccion-y-apoyo-para-nna","status":"publish","type":"post","link":"https:\/\/visionciudadana.com.mx\/oficial\/2020\/12\/13\/tu-tambien-puedes-protegerme-campana-de-deteccion-y-apoyo-para-nna\/","title":{"rendered":"\u201cT\u00da TAMBI\u00c9N PUEDES PROTEGERME\u201d  CAMPA\u00d1A DE DETECCI\u00d3N Y APOYO PARA NNA"},"content":{"rendered":"<p><img fetchpriority=\"high\" decoding=\"async\" src=\"images\/Vision_8R.PNG\" alt=\"Vision 8R\" width=\"388\" height=\"274\" style=\"display: block; margin-left: auto; margin-right: auto;\" \/><\/p>\n<p><span style=\"font-family: arial, helvetica, sans-serif; font-size: 12pt;\">Por tercer a\u00f1o consecutivo y de manera simult\u00e1nea, arrancan la campa\u00f1a de sensibilizaci\u00f3n y para muestreo contra el trabajo infantil, denominada&nbsp;<b>\u201cT\u00fa tambi\u00e9n puedes protegerme\u201d,&nbsp;<\/b>que tiene como objetivo la detecci\u00f3n, apoyo, asesoramiento y elaboraci\u00f3n de pol\u00edticas p\u00fablicas para de la ni\u00f1ez y adolescencia que se encuentra en las calles en situaci\u00f3n de riesgo.<\/span><\/p>\n<p><span style=\"font-family: arial, helvetica, sans-serif; font-size: 12pt;\">Esta campa\u00f1a que esta enmarcada dentro del&nbsp;<i>-Programa interinstitucional de acercamiento con ni\u00f1as, ni\u00f1os y adolescentes en situaci\u00f3n de riesgo derivado del trabajo infantil urbano marginal-&nbsp;<\/i>de PANNASIR.<\/span><\/p>\n<p>&nbsp;<\/p>\n<p><span style=\"font-family: arial, helvetica, sans-serif; font-size: 12pt;\">A partir de hoy y&nbsp;hasta el viernes 18 de diciembre&nbsp;de manera intensa se trabajar\u00e1 en brigadas integradas con personal de las diferentes instituciones involucradas en este tema, y tomando las medidas de sanidad necesarias, se abocar\u00e1n a las calles en los 18 municipios del estado, para brindar alternativas y ni\u00f1ez y adolescencia sean retirados de las calles.<\/span><\/p>\n<p>&nbsp;<\/p>\n<p><span style=\"font-family: arial, helvetica, sans-serif; font-size: 12pt;\">Las instituciones que trabajar\u00e1n de manera coordinada en esta actividad son: DIF Sinaloa, Procuradur\u00eda de Protecci\u00f3n de NNA, SIPINNA, PANNASIR, Save the Children, Secretar\u00eda de Educaci\u00f3n P\u00fablica y Cultura, Secretar\u00eda de Seguridad P\u00fablica y Direcci\u00f3n del Trabajo y Previsi\u00f3n Social.<\/span><\/p>\n<p>&nbsp;<\/p>\n<p><span style=\"font-family: arial, helvetica, sans-serif; font-size: 12pt;\">Las instituciones que encabezan esta campa\u00f1a son: la Secretar\u00eda Ejecutiva de Sistema Estatal de Protecci\u00f3n Integral de Ni\u00f1as, Ni\u00f1os y Adolescentes (SIPINNA), en coordinaci\u00f3n con el Sistema para el Desarrollo Integral de la Familia en Sinaloa, la&nbsp; Procuradur\u00eda de Protecci\u00f3n de Ni\u00f1as, Ni\u00f1os y Adolescentes a trav\u00e9s de su Programa de Atenci\u00f3n a Ni\u00f1as, Ni\u00f1os y Adolescentes en Situaci\u00f3n de Riesgo, (PANNASIR), la Direcci\u00f3n del Trabajo y Previsi\u00f3n Social y los Sipinnas Municipales.<\/span><\/p>\n<p>&nbsp;<\/p>\n<p><span style=\"font-family: arial, helvetica, sans-serif; font-size: 12pt;\">La Secretaria Ejecutiva de Sipinna, Margarita Ur\u00edas Burgos expres\u00f3 que en esta temporada el flujo de dinero econ\u00f3mico tiene un incremento por las fechas, y a su vez se incrementa la permanencia de ni\u00f1as, ni\u00f1os y adolescentes en los principales cruceros de la ciudad, es por ello la importancia de contar el apoyo de la sociedad para que sean detectados estos casos y a su vez atendidos por la autoridad competente.<\/span><\/p>\n<p>&nbsp;<\/p>\n<p><span style=\"font-family: arial, helvetica, sans-serif; font-size: 12pt;\">Como Secretar\u00eda Ejecutiva del Sistema Estatal de Protecci\u00f3n Integral de NNA, se trabaja dijo, en coordinaci\u00f3n con quienes integran este sistema para garantizar el cumplimiento de sus derechos, tales como el derecho de acceso a una vida libre de violencia y a la integridad personal.<\/span><\/p>\n<p>&nbsp;<\/p>\n<p><span style=\"font-family: arial, helvetica, sans-serif; font-size: 12pt;\">Cabe resaltar que seg\u00fan datos del INEGI,&nbsp; en 2017 la tasa de trabajo infantil en Sinaloa fue del 8.1%, es decir por debajo de la media nacional de 11%, ubic\u00e1ndonos en el 9no lugar. Por lo que se estima que en ese a\u00f1o trabajaron 69 mil 300 personas de entre 5 y 17 a\u00f1os.<\/span><\/p>\n<p>&nbsp;<\/p>\n<p><span style=\"font-family: arial, helvetica, sans-serif; font-size: 12pt;\">REDACCI\u00d3N\/Visi\u00f3n ciudadana&nbsp;<\/span><\/p>\n","protected":false},"excerpt":{"rendered":"<p>Por tercer a\u00f1o consecutivo y de manera simult\u00e1nea, arrancan la campa\u00f1a de sensibilizaci\u00f3n y para muestreo contra el trabajo infantil, denominada&nbsp;\u201cT\u00fa tambi\u00e9n puedes protegerme\u201d,&nbsp;que tiene como objetivo la detecci\u00f3n, apoyo, asesoramiento y elaboraci\u00f3n de pol\u00edticas p\u00fablicas para de la ni\u00f1ez y adolescencia que se encuentra en las calles en situaci\u00f3n de riesgo. Esta campa\u00f1a que [&hellip;]<\/p>\n","protected":false},"author":1,"featured_media":6191,"comment_status":"closed","ping_status":"closed","sticky":false,"template":"","format":"standard","meta":{"footnotes":""},"categories":[24],"tags":[],"ppma_author":[31],"class_list":["post-14563","post","type-post","status-publish","format-standard","has-post-thumbnail","hentry","category-relevantes"],"aioseo_notices":[],"authors":[{"term_id":31,"user_id":1,"is_guest":0,"slug":"ivan3vino","display_name":"Iv\u00e1n Trevi\u00f1o","avatar_url":{"url":"https:\/\/visionciudadana.com.mx\/oficial\/wp-content\/uploads\/2025\/09\/columna-ivan-Trevino.png","url2x":"https:\/\/visionciudadana.com.mx\/oficial\/wp-content\/uploads\/2025\/09\/columna-ivan-Trevino.png"},"0":null,"1":"","2":"","3":"","4":"","5":"","6":"","7":"","8":""}],"_links":{"self":[{"href":"https:\/\/visionciudadana.com.mx\/oficial\/wp-json\/wp\/v2\/posts\/14563","targetHints":{"allow":["GET"]}}],"collection":[{"href":"https:\/\/visionciudadana.com.mx\/oficial\/wp-json\/wp\/v2\/posts"}],"about":[{"href":"https:\/\/visionciudadana.com.mx\/oficial\/wp-json\/wp\/v2\/types\/post"}],"author":[{"embeddable":true,"href":"https:\/\/visionciudadana.com.mx\/oficial\/wp-json\/wp\/v2\/users\/1"}],"replies":[{"embeddable":true,"href":"https:\/\/visionciudadana.com.mx\/oficial\/wp-json\/wp\/v2\/comments?post=14563"}],"version-history":[{"count":1,"href":"https:\/\/visionciudadana.com.mx\/oficial\/wp-json\/wp\/v2\/posts\/14563\/revisions"}],"predecessor-version":[{"id":31600,"href":"https:\/\/visionciudadana.com.mx\/oficial\/wp-json\/wp\/v2\/posts\/14563\/revisions\/31600"}],"wp:featuredmedia":[{"embeddable":true,"href":"https:\/\/visionciudadana.com.mx\/oficial\/wp-json\/wp\/v2\/media\/6191"}],"wp:attachment":[{"href":"https:\/\/visionciudadana.com.mx\/oficial\/wp-json\/wp\/v2\/media?parent=14563"}],"wp:term":[{"taxonomy":"category","embeddable":true,"href":"https:\/\/visionciudadana.com.mx\/oficial\/wp-json\/wp\/v2\/categories?post=14563"},{"taxonomy":"post_tag","embeddable":true,"href":"https:\/\/visionciudadana.com.mx\/oficial\/wp-json\/wp\/v2\/tags?post=14563"},{"taxonomy":"author","embeddable":true,"href":"https:\/\/visionciudadana.com.mx\/oficial\/wp-json\/wp\/v2\/ppma_author?post=14563"}],"curies":[{"name":"wp","href":"https:\/\/api.w.org\/{rel}","templated":true}]}}