{"id":14562,"date":"2020-12-13T22:06:04","date_gmt":"2020-12-13T22:06:04","guid":{"rendered":"https:\/\/visionciudadana.com.mx\/prueba\/2020\/12\/13\/sinaloa-regresa-a-semaforo-amarillo-dr-efren-encinas-torres\/"},"modified":"2025-06-25T00:32:53","modified_gmt":"2025-06-25T00:32:53","slug":"sinaloa-regresa-a-semaforo-amarillo-dr-efren-encinas-torres","status":"publish","type":"post","link":"https:\/\/visionciudadana.com.mx\/oficial\/2020\/12\/13\/sinaloa-regresa-a-semaforo-amarillo-dr-efren-encinas-torres\/","title":{"rendered":"\u201cSINALOA REGRESA A SEMAFORO AMARILLO\u201d: DR. EFR\u00c9N ENCINAS TORRES"},"content":{"rendered":"<p><img fetchpriority=\"high\" decoding=\"async\" src=\"images\/vision_7R.PNG\" alt=\"vision 7R\" width=\"509\" height=\"374\" style=\"display: block; margin-left: auto; margin-right: auto;\" \/><\/p>\n<p><span style=\"font-family: arial, helvetica, sans-serif; font-size: 12pt;\">Gracias a la tendencia estabilizadora que ha manifestado el estado de Sinaloa en los casos nuevos por COVID-19, y en base a los acuerdos sostenidos por la federaci\u00f3n sobre la evaluaci\u00f3n del sem\u00e1foro epidemiol\u00f3gico en el pa\u00eds,&nbsp;del 14 al 20 de diciembre&nbsp;Sinaloa regresar\u00e1 al sem\u00e1foro amarillo, inform\u00f3 el Dr. Efr\u00e9n Encinas Torres, Secretario de Salud en la entidad.<\/span><\/p>\n<p>&nbsp;<\/p>\n<p class=\"x_MsoNormal\"><span style=\"font-family: arial, helvetica, sans-serif; font-size: 12pt;\">El titular de la salud en el estado, afirm\u00f3 que Sinaloa dejar\u00e1 el sem\u00e1foro naranja y regresar\u00e1 al amarillo, sin embargo advirti\u00f3 que en este momento m\u00e1s que nunca las y los sinaloenses debemos de \u201csacar la casta\u201d para continuar con las medidas de sanidad que han permitido la tendencia estabilizadora en el n\u00famero de nuevos contagios.<\/span><\/p>\n<p>&nbsp;<\/p>\n<p class=\"x_MsoNormal\"><span style=\"font-family: arial, helvetica, sans-serif; font-size: 12pt;\">&nbsp;\u201cAcabamos de recibir la calificaci\u00f3n del sem\u00e1foro epidemiol\u00f3gico, de la semana que viene&nbsp;del 14 al 20 de diciembre&nbsp;Sinaloa esta en amarillo eso es importante presentamos una argumentaci\u00f3n a consideraci\u00f3n de salud federal ya nos lleg\u00f3 el documento, Sinaloa sigue en amarillo&nbsp;del 14 al 20 de diciembre, cada 15 d\u00edas se revisa\u201d, inform\u00f3.&nbsp;<\/span><\/p>\n<p>&nbsp;<\/p>\n<p class=\"x_MsoNormal\"><span style=\"font-family: arial, helvetica, sans-serif; font-size: 12pt;\">Durante su visita al Hospital General de Guasave para continuar con el Programa de des conversi\u00f3n hospitalaria, ratific\u00f3 que la poblaci\u00f3n debe de continuar con las principales medidas para evitar contagios con; el uso de cubre boca, sana distancia, lavado continuo de manos y evitar salir de casa de no ser necesario, principalmente.<\/span><\/p>\n<p>&nbsp;<\/p>\n<p class=\"x_MsoNormal\"><span style=\"font-family: arial, helvetica, sans-serif; font-size: 12pt;\">Asimismo, el Secretario de Salud, inform\u00f3 que a cerca de 10 meses de la pandemia y actualmente Sinaloa con tendencia estabilizadora, hace alrededor de mes y medio se comenz\u00f3 con el Programa de Desconversi\u00f3n Hospitalaria, es decir, tener camas no COVID.<\/span><\/p>\n<p>&nbsp;<\/p>\n<p class=\"x_MsoNormal\"><span style=\"font-family: arial, helvetica, sans-serif; font-size: 12pt;\">Record\u00f3 que, este programa de \u201cConversi\u00f3n Hospitalaria\u201d fue un programa emergente para con ello reprogramar consultas, procedimientos quir\u00fargicos que no fueran urgencias, para tener disposici\u00f3n en camas para atender la emergencia sanitaria por COVID.<\/span><\/p>\n<p>&nbsp;<\/p>\n<p class=\"x_MsoNormal\"><span style=\"font-family: arial, helvetica, sans-serif; font-size: 12pt;\">\u201cAhorita son menos camas COVID que se est\u00e1n necesitando por fortuna, de tal manera que estamos dividiendo el hospital en camas COVID, f\u00edsicamente aparte de todos los procesos y en camas no COVID, para gradualmente dar prestaci\u00f3n de servicios de esas atenciones m\u00e9dicas que requieren como cr\u00f3nicas degenerativas, diab\u00e9ticos, hipertensos, etc. y cirug\u00edas que haya que hacer\u201d, se\u00f1al\u00f3.&nbsp;<\/span><\/p>\n<p>&nbsp;<\/p>\n<p class=\"x_MsoNormal\"><span style=\"font-family: arial, helvetica, sans-serif; font-size: 12pt;\">Indic\u00f3 que con la des conversi\u00f3n hospitalaria, los pacientes podr\u00e1n atender sus citas y procedimientos quir\u00fargicos para que sean atendidos a la brevedad y evitar otro tipo de enfermedades que pueda convertirse en un problema de Salud P\u00fablica, esto sin descuidar las acciones y atenciones que cada Hospital realiza para atender a pacientes con COVID \u2013 19.<\/span><\/p>\n<div><span style=\"font-family: arial, helvetica, sans-serif; font-size: 12pt;\"><\/span><\/div>\n<div><span style=\"font-family: arial, helvetica, sans-serif; font-size: 12pt;\">REDACCI\u00d3N\/Visi\u00f3n ciudadana&nbsp;<\/span><\/div>\n","protected":false},"excerpt":{"rendered":"<p>Gracias a la tendencia estabilizadora que ha manifestado el estado de Sinaloa en los casos nuevos por COVID-19, y en base a los acuerdos sostenidos por la federaci\u00f3n sobre la evaluaci\u00f3n del sem\u00e1foro epidemiol\u00f3gico en el pa\u00eds,&nbsp;del 14 al 20 de diciembre&nbsp;Sinaloa regresar\u00e1 al sem\u00e1foro amarillo, inform\u00f3 el Dr. Efr\u00e9n Encinas Torres, Secretario de Salud [&hellip;]<\/p>\n","protected":false},"author":1,"featured_media":6189,"comment_status":"closed","ping_status":"closed","sticky":false,"template":"","format":"standard","meta":{"footnotes":""},"categories":[24],"tags":[],"ppma_author":[31],"class_list":["post-14562","post","type-post","status-publish","format-standard","has-post-thumbnail","hentry","category-relevantes"],"aioseo_notices":[],"authors":[{"term_id":31,"user_id":1,"is_guest":0,"slug":"ivan3vino","display_name":"Iv\u00e1n Trevi\u00f1o","avatar_url":{"url":"https:\/\/visionciudadana.com.mx\/oficial\/wp-content\/uploads\/2025\/09\/columna-ivan-Trevino.png","url2x":"https:\/\/visionciudadana.com.mx\/oficial\/wp-content\/uploads\/2025\/09\/columna-ivan-Trevino.png"},"0":null,"1":"","2":"","3":"","4":"","5":"","6":"","7":"","8":""}],"_links":{"self":[{"href":"https:\/\/visionciudadana.com.mx\/oficial\/wp-json\/wp\/v2\/posts\/14562","targetHints":{"allow":["GET"]}}],"collection":[{"href":"https:\/\/visionciudadana.com.mx\/oficial\/wp-json\/wp\/v2\/posts"}],"about":[{"href":"https:\/\/visionciudadana.com.mx\/oficial\/wp-json\/wp\/v2\/types\/post"}],"author":[{"embeddable":true,"href":"https:\/\/visionciudadana.com.mx\/oficial\/wp-json\/wp\/v2\/users\/1"}],"replies":[{"embeddable":true,"href":"https:\/\/visionciudadana.com.mx\/oficial\/wp-json\/wp\/v2\/comments?post=14562"}],"version-history":[{"count":1,"href":"https:\/\/visionciudadana.com.mx\/oficial\/wp-json\/wp\/v2\/posts\/14562\/revisions"}],"predecessor-version":[{"id":31601,"href":"https:\/\/visionciudadana.com.mx\/oficial\/wp-json\/wp\/v2\/posts\/14562\/revisions\/31601"}],"wp:featuredmedia":[{"embeddable":true,"href":"https:\/\/visionciudadana.com.mx\/oficial\/wp-json\/wp\/v2\/media\/6189"}],"wp:attachment":[{"href":"https:\/\/visionciudadana.com.mx\/oficial\/wp-json\/wp\/v2\/media?parent=14562"}],"wp:term":[{"taxonomy":"category","embeddable":true,"href":"https:\/\/visionciudadana.com.mx\/oficial\/wp-json\/wp\/v2\/categories?post=14562"},{"taxonomy":"post_tag","embeddable":true,"href":"https:\/\/visionciudadana.com.mx\/oficial\/wp-json\/wp\/v2\/tags?post=14562"},{"taxonomy":"author","embeddable":true,"href":"https:\/\/visionciudadana.com.mx\/oficial\/wp-json\/wp\/v2\/ppma_author?post=14562"}],"curies":[{"name":"wp","href":"https:\/\/api.w.org\/{rel}","templated":true}]}}