{"id":14556,"date":"2020-12-10T20:38:29","date_gmt":"2020-12-10T20:38:29","guid":{"rendered":"https:\/\/visionciudadana.com.mx\/prueba\/2020\/12\/10\/nombran-a-juan-pablo-cardoza-astorga-como-nuevo-director-general-del-parque-culiacan-87\/"},"modified":"2025-06-25T00:32:54","modified_gmt":"2025-06-25T00:32:54","slug":"nombran-a-juan-pablo-cardoza-astorga-como-nuevo-director-general-del-parque-culiacan-87","status":"publish","type":"post","link":"https:\/\/visionciudadana.com.mx\/oficial\/2020\/12\/10\/nombran-a-juan-pablo-cardoza-astorga-como-nuevo-director-general-del-parque-culiacan-87\/","title":{"rendered":"Nombran a Juan Pablo Cardoza Astorga como nuevo Director General del Parque Culiac\u00e1n 87"},"content":{"rendered":"<p>&nbsp;<\/p>\n<p><img fetchpriority=\"high\" decoding=\"async\" src=\"images\/vision_5R.PNG\" alt=\"vision 5R\" width=\"744\" height=\"438\" style=\"display: block; margin-left: auto; margin-right: auto;\" \/><\/p>\n<p><span style=\"font-family: arial, helvetica, sans-serif; font-size: 12pt;\">En sesi\u00f3n extraordinaria de la Junta Directiva del Parque Licenciado Ernesto Mill\u00e1n Escalante, por unanimidad se aprob\u00f3 y se tom\u00f3 protesta al ciudadano Juan Pablo Cardoza Astorga, como nuevo Director General del centro recreativo, esto en virtud de la renuncia presentada a este cargo del ciudadano Francisco F\u00e9lix \u00c1vila.<\/span><\/p>\n<p>&nbsp;<\/p>\n<p><span style=\"font-family: arial, helvetica, sans-serif; font-size: 12pt;\">El alcalde de Culiac\u00e1n, Lic. Jes\u00fas Estrada Ferreiro, encomend\u00f3 al nuevo encargado del Parque, a continuar con el trabajo de rescate y operatividad del mismo para garantizar su autonom\u00eda.<\/span><\/p>\n<p>&nbsp;<\/p>\n<p><span style=\"font-family: arial, helvetica, sans-serif; font-size: 12pt;\">Con este acuerdo, el primer edil, destac\u00f3 que se busca que dicho espacio dedicado para el esparcimiento, actividades deportivas y culturales, brinde un servicio de calidad a los culiacanenses.<\/span><\/p>\n<p>&nbsp;<\/p>\n<p><span style=\"font-family: arial, helvetica, sans-serif; font-size: 12pt;\">Por su parte, el nuevo director del Parque conocido como Culiac\u00e1n 87, Juan Pablo Cardoza Astorga, agradeci\u00f3 el nuevo nombramiento representar\u00e1 para beneficio de la ciudadan\u00eda.<\/span><\/p>\n<p>&nbsp;<\/p>\n<p>REDACCI\u00d3N\/VISI\u00d3N CIUDADANA&nbsp;<\/p>\n","protected":false},"excerpt":{"rendered":"<p>&nbsp; En sesi\u00f3n extraordinaria de la Junta Directiva del Parque Licenciado Ernesto Mill\u00e1n Escalante, por unanimidad se aprob\u00f3 y se tom\u00f3 protesta al ciudadano Juan Pablo Cardoza Astorga, como nuevo Director General del centro recreativo, esto en virtud de la renuncia presentada a este cargo del ciudadano Francisco F\u00e9lix \u00c1vila. &nbsp; El alcalde de Culiac\u00e1n, [&hellip;]<\/p>\n","protected":false},"author":1,"featured_media":6181,"comment_status":"closed","ping_status":"closed","sticky":false,"template":"","format":"standard","meta":{"footnotes":""},"categories":[24],"tags":[],"ppma_author":[31],"class_list":["post-14556","post","type-post","status-publish","format-standard","has-post-thumbnail","hentry","category-relevantes"],"aioseo_notices":[],"authors":[{"term_id":31,"user_id":1,"is_guest":0,"slug":"ivan3vino","display_name":"Iv\u00e1n Trevi\u00f1o","avatar_url":{"url":"https:\/\/visionciudadana.com.mx\/oficial\/wp-content\/uploads\/2025\/09\/columna-ivan-Trevino.png","url2x":"https:\/\/visionciudadana.com.mx\/oficial\/wp-content\/uploads\/2025\/09\/columna-ivan-Trevino.png"},"0":null,"1":"","2":"","3":"","4":"","5":"","6":"","7":"","8":""}],"_links":{"self":[{"href":"https:\/\/visionciudadana.com.mx\/oficial\/wp-json\/wp\/v2\/posts\/14556","targetHints":{"allow":["GET"]}}],"collection":[{"href":"https:\/\/visionciudadana.com.mx\/oficial\/wp-json\/wp\/v2\/posts"}],"about":[{"href":"https:\/\/visionciudadana.com.mx\/oficial\/wp-json\/wp\/v2\/types\/post"}],"author":[{"embeddable":true,"href":"https:\/\/visionciudadana.com.mx\/oficial\/wp-json\/wp\/v2\/users\/1"}],"replies":[{"embeddable":true,"href":"https:\/\/visionciudadana.com.mx\/oficial\/wp-json\/wp\/v2\/comments?post=14556"}],"version-history":[{"count":1,"href":"https:\/\/visionciudadana.com.mx\/oficial\/wp-json\/wp\/v2\/posts\/14556\/revisions"}],"predecessor-version":[{"id":31603,"href":"https:\/\/visionciudadana.com.mx\/oficial\/wp-json\/wp\/v2\/posts\/14556\/revisions\/31603"}],"wp:featuredmedia":[{"embeddable":true,"href":"https:\/\/visionciudadana.com.mx\/oficial\/wp-json\/wp\/v2\/media\/6181"}],"wp:attachment":[{"href":"https:\/\/visionciudadana.com.mx\/oficial\/wp-json\/wp\/v2\/media?parent=14556"}],"wp:term":[{"taxonomy":"category","embeddable":true,"href":"https:\/\/visionciudadana.com.mx\/oficial\/wp-json\/wp\/v2\/categories?post=14556"},{"taxonomy":"post_tag","embeddable":true,"href":"https:\/\/visionciudadana.com.mx\/oficial\/wp-json\/wp\/v2\/tags?post=14556"},{"taxonomy":"author","embeddable":true,"href":"https:\/\/visionciudadana.com.mx\/oficial\/wp-json\/wp\/v2\/ppma_author?post=14556"}],"curies":[{"name":"wp","href":"https:\/\/api.w.org\/{rel}","templated":true}]}}