{"id":14546,"date":"2020-12-09T20:41:02","date_gmt":"2020-12-09T20:41:02","guid":{"rendered":"https:\/\/visionciudadana.com.mx\/prueba\/2020\/12\/09\/coepriss-lanza-campana-en-casa-es-mejor-para-fortalecer-la-prevencion-al-covid-19\/"},"modified":"2025-06-25T00:32:54","modified_gmt":"2025-06-25T00:32:54","slug":"coepriss-lanza-campana-en-casa-es-mejor-para-fortalecer-la-prevencion-al-covid-19","status":"publish","type":"post","link":"https:\/\/visionciudadana.com.mx\/oficial\/2020\/12\/09\/coepriss-lanza-campana-en-casa-es-mejor-para-fortalecer-la-prevencion-al-covid-19\/","title":{"rendered":"Coepriss lanza campa\u00f1a \u00ab\u00a1En Casa, es mejor!\u00bb para fortalecer la prevenci\u00f3n al Covid-19"},"content":{"rendered":"<p style=\"text-align: justify;\"><img fetchpriority=\"high\" decoding=\"async\" src=\"images\/2020\/dic20\/navidadd.jpg\" alt=\"navidadd\" width=\"780\" height=\"420\" style=\"display: block; margin-left: auto; margin-right: auto;\" \/><br \/><span style=\"font-size: 14pt; font-family: arial, helvetica, sans-serif;\">La Comisi\u00f3n Estatal para la Protecci\u00f3n contra Riesgos Sanitarios de Sinaloa (COEPRISS) lanz\u00f3 la campa\u00f1a \u00ab\u00a1En casa, es mejor!\u00bb para sensibilizar y alertar a la poblaci\u00f3n sobre los riesgos de bajar la guardia frente a la pandemia del Covid-19 durante las tradicionales celebraciones decembrinas y la recomendaci\u00f3n de pasar estas fiestas en familia solo con las personas convivientes.<\/span><\/p>\n<p style=\"text-align: justify;\">\n<p><span style=\"font-size: 14pt; font-family: arial, helvetica, sans-serif;\">El comisionado Jorge Alan Urbina Vidales sostuvo que es importante mantener y reforzar las medidas de prevenci\u00f3n sobre todo en este periodo donde los sinaloenses tienden a la proximidad f\u00edsica, a la cercan\u00eda humana, que puede brindar un regocijo y alegr\u00eda temporales pero unas consecuencias que podr\u00edamos lamentar de manera permanente.<\/span><\/p>\n<p style=\"text-align: justify;\">\n<p><span style=\"font-size: 14pt; font-family: arial, helvetica, sans-serif;\">\u201cUna alegr\u00eda temporal puede causar un da\u00f1o y una tristeza permanentes, cuidando de ti, cuidas de todos\u201d, enfatiz\u00f3.<\/span><\/p>\n<p style=\"text-align: justify;\">\n<p><span style=\"font-size: 14pt; font-family: arial, helvetica, sans-serif;\">\u201cEst\u00e1 demostrado que el virus SARS Cov-2, causante del Covid-19, tiene una velocidad de propagaci\u00f3n exponencial cuando se presenta el contacto cercano entre las personas, el riesgo de contagio de coronavirus aumenta en funci\u00f3n de la proximidad con otras personas. La cercan\u00eda es fundamental para que el coronavirus se disemine puesto que la proximidad con otras personas supone el principal foco de exposici\u00f3n al contagio\u201d, advirti\u00f3.<\/span><\/p>\n<p style=\"text-align: justify;\">&nbsp;<\/p>\n<p style=\"text-align: justify;\"><span style=\"font-size: 14pt; font-family: arial, helvetica, sans-serif;\">Por esta raz\u00f3n, explic\u00f3, la Coepriss ha lanzado la campa\u00f1a \u00ab\u00a1En casa, es mejor!\u00bb para alertar a la poblaci\u00f3n que es indispensable mantener y fortalecer las medidas de prevenci\u00f3n con la recomendaci\u00f3n de pasar en casa estas celebraciones decembrinas, puesto que existen consecuencias y un peligro real de relajar estas precauciones durante estas fechas tan especiales.<\/span><\/p>\n<p style=\"text-align: justify;\">\n<p><span style=\"font-size: 14pt; font-family: arial, helvetica, sans-serif;\">\u00abIdeamos esta campa\u00f1a de sensibilizaci\u00f3n para fortalecer las medidas sanitarias, sobre todo las b\u00e1sicas de distanciamiento social, uso de cubrebocas y lavado de manos\u201d, coment\u00f3.<\/span><\/p>\n<p style=\"text-align: justify;\">\n<p><span style=\"font-size: 14pt; font-family: arial, helvetica, sans-serif;\">Jorge Alan Urbina Vidales afirm\u00f3 que desde el inicio de la pandemia se ha realizado un gran esfuerzo para romper la cadena de transmisi\u00f3n y detener la propagaci\u00f3n del virus. \u201cTodos el esfuerzo que han hecho los sinaloenses por cuidarse durante meses en esta emergencia de salud puede ser en vano si bajan la guardia. Asistir a reuniones sociales aumenta las probabilidades de contagiarte de Covid-19, por lo que es mejor evitarlas\u201d, subray\u00f3.<\/span><\/p>\n<p style=\"text-align: justify;\">\n<p><span style=\"font-size: 14pt; font-family: arial, helvetica, sans-serif;\">\u201cEn estas fiestas lo m\u00e1s importante es cuidarte y cuidar a los tuyos con mucha prevenci\u00f3n: sigue cuidando de ti y los tuyos en esta temporada, contin\u00faa manteniendo una sana distancia de por lo menos 1.5 metros, usa constantemente gel antibacterial y cubrebocas en todo momento\u201d, dijo.<\/span><\/p>\n<p style=\"text-align: justify;\">\n<p><span style=\"font-size: 14pt; font-family: arial, helvetica, sans-serif;\">\u201cRecuerda \u2013agreg\u00f3- que es importante continuar con las precauciones sanitarias porque la pandemia del Covid-19 sigue ah\u00ed, por lo que te recomendamos festejar en casa las fechas decembrinas, Nochebuena, Navidad, A\u00f1o Nuevo y D\u00eda de Reyes\u201d.<\/span><\/p>\n<p style=\"text-align: justify;\"><span style=\"font-size: 14pt; font-family: arial, helvetica, sans-serif;\">Sostuvo que es mejor y m\u00e1s seguro celebrar en casa con las personas que ya vives, \u201clas fiestas decembrinas son para pasarlas en el \u00e1mbito familiar y se recomienda limitar esta celebraci\u00f3n a los miembros que pertenezcan al mismo grupo de convivencia. Es decir, te instamos a celebrar \u00fanicamente con las personas convivientes, junto a las personas que amas\u201d, puntualiz\u00f3.<\/span><\/p>\n<p style=\"text-align: justify;\"><span style=\"font-size: 14pt; font-family: arial, helvetica, sans-serif;\">\u201cNo vale la pena ponerse en riesgo pero si decides reunirte con personas no convivientes, te aconsejamos hacerlo con menos de seis que sepas que aplican todas las medidas preventivas y si son m\u00e1s personas hacerlo al aire libre, usando cubrebocas y manteniendo la distancia social\u201d, asever\u00f3.<\/span><\/p>\n<p style=\"text-align: justify;\">\n<p><span style=\"font-size: 14pt; font-family: arial, helvetica, sans-serif;\">\u201cEvita las reuniones numerosas y las aglomeraciones p\u00fablicas. Cuidar a nuestros seres queridos es la mejor manera de mostrar que los queremos. Empecemos el 2021 cuidando a quienes m\u00e1s queremos\u201d, concluy\u00f3.<\/span><\/p>\n<p style=\"text-align: justify;\">&nbsp;<\/p>\n<p style=\"text-align: justify;\"><span style=\"font-size: 14pt; font-family: arial, helvetica, sans-serif;\">REDACCI\u00d3N\/VISI\u00d3N CIUDADANA.<\/span><\/p>\n","protected":false},"excerpt":{"rendered":"<p>La Comisi\u00f3n Estatal para la Protecci\u00f3n contra Riesgos Sanitarios de Sinaloa (COEPRISS) lanz\u00f3 la campa\u00f1a \u00ab\u00a1En casa, es mejor!\u00bb para sensibilizar y alertar a la poblaci\u00f3n sobre los riesgos de bajar la guardia frente a la pandemia del Covid-19 durante las tradicionales celebraciones decembrinas y la recomendaci\u00f3n de pasar estas fiestas en familia solo con [&hellip;]<\/p>\n","protected":false},"author":1,"featured_media":6165,"comment_status":"closed","ping_status":"closed","sticky":false,"template":"","format":"standard","meta":{"footnotes":""},"categories":[24],"tags":[],"ppma_author":[31],"class_list":["post-14546","post","type-post","status-publish","format-standard","has-post-thumbnail","hentry","category-relevantes"],"aioseo_notices":[],"authors":[{"term_id":31,"user_id":1,"is_guest":0,"slug":"ivan3vino","display_name":"Iv\u00e1n Trevi\u00f1o","avatar_url":{"url":"https:\/\/visionciudadana.com.mx\/oficial\/wp-content\/uploads\/2025\/09\/columna-ivan-Trevino.png","url2x":"https:\/\/visionciudadana.com.mx\/oficial\/wp-content\/uploads\/2025\/09\/columna-ivan-Trevino.png"},"0":null,"1":"","2":"","3":"","4":"","5":"","6":"","7":"","8":""}],"_links":{"self":[{"href":"https:\/\/visionciudadana.com.mx\/oficial\/wp-json\/wp\/v2\/posts\/14546","targetHints":{"allow":["GET"]}}],"collection":[{"href":"https:\/\/visionciudadana.com.mx\/oficial\/wp-json\/wp\/v2\/posts"}],"about":[{"href":"https:\/\/visionciudadana.com.mx\/oficial\/wp-json\/wp\/v2\/types\/post"}],"author":[{"embeddable":true,"href":"https:\/\/visionciudadana.com.mx\/oficial\/wp-json\/wp\/v2\/users\/1"}],"replies":[{"embeddable":true,"href":"https:\/\/visionciudadana.com.mx\/oficial\/wp-json\/wp\/v2\/comments?post=14546"}],"version-history":[{"count":1,"href":"https:\/\/visionciudadana.com.mx\/oficial\/wp-json\/wp\/v2\/posts\/14546\/revisions"}],"predecessor-version":[{"id":31609,"href":"https:\/\/visionciudadana.com.mx\/oficial\/wp-json\/wp\/v2\/posts\/14546\/revisions\/31609"}],"wp:featuredmedia":[{"embeddable":true,"href":"https:\/\/visionciudadana.com.mx\/oficial\/wp-json\/wp\/v2\/posts\/6165"}],"wp:attachment":[{"href":"https:\/\/visionciudadana.com.mx\/oficial\/wp-json\/wp\/v2\/media?parent=14546"}],"wp:term":[{"taxonomy":"category","embeddable":true,"href":"https:\/\/visionciudadana.com.mx\/oficial\/wp-json\/wp\/v2\/categories?post=14546"},{"taxonomy":"post_tag","embeddable":true,"href":"https:\/\/visionciudadana.com.mx\/oficial\/wp-json\/wp\/v2\/tags?post=14546"},{"taxonomy":"author","embeddable":true,"href":"https:\/\/visionciudadana.com.mx\/oficial\/wp-json\/wp\/v2\/ppma_author?post=14546"}],"curies":[{"name":"wp","href":"https:\/\/api.w.org\/{rel}","templated":true}]}}