{"id":14539,"date":"2020-12-09T19:53:26","date_gmt":"2020-12-09T19:53:26","guid":{"rendered":"https:\/\/visionciudadana.com.mx\/prueba\/2020\/12\/09\/el-pas-inicia-proceso-interno-para-definir-estrategia-de-alianzas-y-candidatos\/"},"modified":"2025-06-25T00:32:55","modified_gmt":"2025-06-25T00:32:55","slug":"el-pas-inicia-proceso-interno-para-definir-estrategia-de-alianzas-y-candidatos","status":"publish","type":"post","link":"https:\/\/visionciudadana.com.mx\/oficial\/2020\/12\/09\/el-pas-inicia-proceso-interno-para-definir-estrategia-de-alianzas-y-candidatos\/","title":{"rendered":"El PAS inicia proceso interno para definir estrategia de alianzas y candidatos"},"content":{"rendered":"<div style=\"text-align: justify;\"><img fetchpriority=\"high\" decoding=\"async\" src=\"images\/2020\/dic20\/concordia_pas.PNG\" alt=\"concordia pas\" width=\"439\" height=\"246\" style=\"display: block; margin-left: auto; margin-right: auto;\" \/><\/p>\n<p><span style=\"font-family: arial, helvetica, sans-serif; font-size: 14pt;\">Se inici\u00f3 por los municipios del sur del estado las reuniones de los Comit\u00e9s Directivos Municipales, los delegados zonales y los coordinadores distritales con el fin de informarles a detalle las condiciones en que el partido llega a los momentos de definici\u00f3n, adem\u00e1s las los resultados de las \u00faltimas encuestas internas que ha realizado el partido. En este sentido este d\u00eda se reuni\u00f3 el maestro H\u00e9ctor Melesio Cu\u00e9n Ojeda con la estructura de Escuinapa, El Rosario y Concordia.<\/span><\/div>\n<div style=\"text-align: justify;\">\n<p><span style=\"font-family: arial, helvetica, sans-serif; font-size: 14pt;\">\u201cEstablecimos el compromiso de informar a la militancia las condiciones que actualmente tiene el partido para que de manera conjunta resolvamos los elementos estrat\u00e9gicos a considerar en la definici\u00f3n de la pol\u00edtica de alianzas, las y los candidatos que representar\u00e1n al Partido Sinaloense en el proceso electoral de junio del 2021\u201d; Cu\u00e9n Ojeda.<\/span><\/div>\n<div style=\"text-align: justify;\">\n<p><span style=\"font-family: arial, helvetica, sans-serif; font-size: 14pt;\">Las cuentas que presentamos son positivas: Un Comit\u00e9 Ejecutivo Estatal firme y consolidado, 18 Comit\u00e9s Directivos Municipales completamente integrados y con un gran compromiso con el partido, 628 Subcomit\u00e9s, as\u00ed como alrededor de 3400 Comit\u00e9s Seccionales perfectamente validados, como coloquialmente se dice de \u201ccarne y hueso\u201d, lo cual nos representa una solida estructura territorial, coment\u00f3 el l\u00edder del PAS.<\/span><\/div>\n<div style=\"text-align: justify;\">\n<p><span style=\"font-family: arial, helvetica, sans-serif; font-size: 14pt;\">En la estructura electoral y jur\u00eddica los resultados tambi\u00e9n son alentadores, dado que ya tenemos definidos y se encuentran en proceso de capacitaci\u00f3n los Representantes de Casillas -RC- y Representantes Generales -RG-, al igual que los compa\u00f1eros abogados que nos representar\u00e1n ante las instancias electorales.<\/span><\/div>\n<div style=\"text-align: justify;\">\n<p><span style=\"font-family: arial, helvetica, sans-serif; font-size: 14pt;\">Ahora le toca hablar a la militancia para definir nuestra participaci\u00f3n en el proceso electoral 2020-2021; candidatos y como nos registramos. Esa es la tarea que hoy emprendimos.<\/span><\/div>\n<div style=\"text-align: justify;\">&nbsp;<\/div>\n<div style=\"text-align: justify;\">&nbsp;<\/div>\n<div style=\"text-align: justify;\"><span style=\"font-family: arial, helvetica, sans-serif; font-size: 14pt;\">REDACCI\u00d3N\/VISI\u00d3N CIUDADANA.<\/span><\/div>\n","protected":false},"excerpt":{"rendered":"<p>Se inici\u00f3 por los municipios del sur del estado las reuniones de los Comit\u00e9s Directivos Municipales, los delegados zonales y los coordinadores distritales con el fin de informarles a detalle las condiciones en que el partido llega a los momentos de definici\u00f3n, adem\u00e1s las los resultados de las \u00faltimas encuestas internas que ha realizado el [&hellip;]<\/p>\n","protected":false},"author":1,"featured_media":6151,"comment_status":"closed","ping_status":"closed","sticky":false,"template":"","format":"standard","meta":{"footnotes":""},"categories":[13],"tags":[],"ppma_author":[31],"class_list":["post-14539","post","type-post","status-publish","format-standard","has-post-thumbnail","hentry","category-locales"],"aioseo_notices":[],"authors":[{"term_id":31,"user_id":1,"is_guest":0,"slug":"ivan3vino","display_name":"Iv\u00e1n Trevi\u00f1o","avatar_url":{"url":"https:\/\/visionciudadana.com.mx\/oficial\/wp-content\/uploads\/2025\/09\/columna-ivan-Trevino.png","url2x":"https:\/\/visionciudadana.com.mx\/oficial\/wp-content\/uploads\/2025\/09\/columna-ivan-Trevino.png"},"0":null,"1":"","2":"","3":"","4":"","5":"","6":"","7":"","8":""}],"_links":{"self":[{"href":"https:\/\/visionciudadana.com.mx\/oficial\/wp-json\/wp\/v2\/posts\/14539","targetHints":{"allow":["GET"]}}],"collection":[{"href":"https:\/\/visionciudadana.com.mx\/oficial\/wp-json\/wp\/v2\/posts"}],"about":[{"href":"https:\/\/visionciudadana.com.mx\/oficial\/wp-json\/wp\/v2\/types\/post"}],"author":[{"embeddable":true,"href":"https:\/\/visionciudadana.com.mx\/oficial\/wp-json\/wp\/v2\/users\/1"}],"replies":[{"embeddable":true,"href":"https:\/\/visionciudadana.com.mx\/oficial\/wp-json\/wp\/v2\/comments?post=14539"}],"version-history":[{"count":1,"href":"https:\/\/visionciudadana.com.mx\/oficial\/wp-json\/wp\/v2\/posts\/14539\/revisions"}],"predecessor-version":[{"id":31616,"href":"https:\/\/visionciudadana.com.mx\/oficial\/wp-json\/wp\/v2\/posts\/14539\/revisions\/31616"}],"wp:featuredmedia":[{"embeddable":true,"href":"https:\/\/visionciudadana.com.mx\/oficial\/wp-json\/wp\/v2\/posts\/6151"}],"wp:attachment":[{"href":"https:\/\/visionciudadana.com.mx\/oficial\/wp-json\/wp\/v2\/media?parent=14539"}],"wp:term":[{"taxonomy":"category","embeddable":true,"href":"https:\/\/visionciudadana.com.mx\/oficial\/wp-json\/wp\/v2\/categories?post=14539"},{"taxonomy":"post_tag","embeddable":true,"href":"https:\/\/visionciudadana.com.mx\/oficial\/wp-json\/wp\/v2\/tags?post=14539"},{"taxonomy":"author","embeddable":true,"href":"https:\/\/visionciudadana.com.mx\/oficial\/wp-json\/wp\/v2\/ppma_author?post=14539"}],"curies":[{"name":"wp","href":"https:\/\/api.w.org\/{rel}","templated":true}]}}