{"id":14538,"date":"2020-12-09T19:47:00","date_gmt":"2020-12-09T19:47:00","guid":{"rendered":"https:\/\/visionciudadana.com.mx\/prueba\/2020\/12\/09\/llega-juan-carlos-barraza-morales-a-la-dspytm-de-salvador-alvarado\/"},"modified":"2025-06-25T00:32:55","modified_gmt":"2025-06-25T00:32:55","slug":"llega-juan-carlos-barraza-morales-a-la-dspytm-de-salvador-alvarado","status":"publish","type":"post","link":"https:\/\/visionciudadana.com.mx\/oficial\/2020\/12\/09\/llega-juan-carlos-barraza-morales-a-la-dspytm-de-salvador-alvarado\/","title":{"rendered":"Llega Juan Carlos Barraza Morales a la DSPyTM de Salvador Alvarado"},"content":{"rendered":"<p style=\"text-align: justify;\"><img fetchpriority=\"high\" decoding=\"async\" src=\"images\/2020\/dic20\/alvarado.jpg\" alt=\"alvarado\" width=\"780\" height=\"420\" style=\"display: block; margin-left: auto; margin-right: auto;\" \/><\/p>\n<p class=\"x_MsoNormal\" style=\"text-align: justify;\"><span style=\"font-size: 14pt; font-family: arial, helvetica, sans-serif;\"> La presidenta municipal, Pier Angely Camacho de Ortiz, tom\u00f3 protesta al nuevo director de Seguridad P\u00fablica y Tr\u00e1nsito en Salvador Alvarado, Juan Carlos Barraza Morales, que a partir de este mi\u00e9rcoles, ocupar\u00e1 el cargo de Gerardo Cervantes Mendoza.<\/span><\/p>\n<p style=\"text-align: justify;\">&nbsp;<\/p>\n<p class=\"x_MsoNormal\" style=\"text-align: justify;\"><span style=\"font-size: 14pt; font-family: arial, helvetica, sans-serif;\">La alcaldesa le dio la bienvenida al nuevo encargado de la seguridad en el municipio, y tambi\u00e9n agradeci\u00f3 a Cervantes Mendoza por el tiempo que estuvo al frente de la corporaci\u00f3n, desde el mes de septiembre del 2019, y pidi\u00f3 Barraza Morales trabajar apegado a los derechos humanos, sobre todo en este mes de diciembre, que son las fechas m\u00e1s complicadas por la movilidad de gente.<\/span><\/p>\n<p style=\"text-align: justify;\">&nbsp;<\/p>\n<p class=\"x_MsoNormal\" style=\"text-align: justify;\"><span style=\"font-size: 14pt; font-family: arial, helvetica, sans-serif;\">\u201cQuisiera yo aprovechar para darle las gracias al se\u00f1or gobernador Quirino Ordaz Coppel, que siempre est\u00e1 atento a la seguridad del municipio, darle las gracias tambi\u00e9n al secretario de Seguridad P\u00fablica. Darle las gracias al maestro en Ciencias Gerardo Cervantes por el trabajo brindado en esta administraci\u00f3n, por el desempe\u00f1o que tuvo en su cargo, y por siempre salvaguardar la integridad de los ciudadanos\u201d, indic\u00f3.<\/span><\/p>\n<p style=\"text-align: justify;\">&nbsp;<\/p>\n<p class=\"x_MsoNormal\" style=\"text-align: justify;\"><span style=\"font-size: 14pt; font-family: arial, helvetica, sans-serif;\">Juan Carlos Barraza lleg\u00f3 acompa\u00f1ado del subsecretario de Seguridad P\u00fablica en Sinaloa, Carlos Alberto Hern\u00e1ndez Leyva, quien tra\u00eda la encomienda de presentarlo y darle posesi\u00f3n al nuevo funcionario, as\u00ed como dar los detalles de su trayectoria policial y la encomienda que trae para cumplir con su responsabilidad en el municipio.<\/span><\/p>\n<p style=\"text-align: justify;\">&nbsp;<\/p>\n<p class=\"x_MsoNormal\" style=\"text-align: justify;\"><span style=\"font-size: 14pt; font-family: arial, helvetica, sans-serif;\">\u201cBueno, nos tuvimos que apresurar un poquito en este tema, hay una agenda ahorita en el tema de relevos de cambios de varios directores de seguridad p\u00fablica. El secretario Crist\u00f3bal Casta\u00f1eda Camarillo me ha pedido que en su representaci\u00f3n venga y le demos posesi\u00f3n como nuevo director de Seguridad P\u00fablica del Municipio de Salvador Alvarado al oficial t\u00e1ctico Juan Carlos Barraza Morales; Juan Carlos ha sido un elemento clave en el tema de la Polic\u00eda Estatal, \u00e9l es licenciado en Criminal\u00edstica, tiene una maestr\u00eda en el nuevo sistema de justicia penal acusatorio, y actualmente est\u00e1 efectuando un doctorado en Seguridad P\u00fablica\u201d, detall\u00f3<\/span><\/p>\n<p style=\"text-align: justify;\">&nbsp;<\/p>\n<p class=\"x_MsoNormal\" style=\"text-align: justify;\"><span style=\"font-size: 14pt; font-family: arial, helvetica, sans-serif;\">Despu\u00e9s de tomar protesta, el nuevo director de Seguridad en Salvador Alvarado, Juan Carlos Barraza Morales, asegur\u00f3 que viene a trabajar para seguir manteniendo la tranquilidad en el municipio, sobre todo en estas fechas decembrinas, por lo que aseguro que toma la responsabilidad con todas las ganas, sin dejar de lado el tema de la pandemia.<\/span><\/p>\n<p style=\"text-align: justify;\">&nbsp;<\/p>\n<p class=\"x_MsoNormal\" style=\"text-align: justify;\"><span style=\"font-size: 14pt; font-family: arial, helvetica, sans-serif;\">\u201cEl objetivo es mantener los buenos resultados que a la fecha se vienen teniendo a nivel de seguridad p\u00fablica, todo en estricto apego a los derechos humanos, en coordinaci\u00f3n con los tres niveles de gobierno, apeg\u00e1ndonos en estas fiestas decembrinas al Plan General de Operaciones de la Secretar\u00eda de Seguridad P\u00fablica del Estado, adecu\u00e1ndonos al municipio de Salvador Alvarado, y priorizando la prevenci\u00f3n de los contagios de la actual pandemia\u201d, apunt\u00f3.<\/span><\/p>\n<p style=\"text-align: justify;\">&nbsp;<\/p>\n<p class=\"x_MsoNormal\" style=\"text-align: justify;\"><span style=\"font-size: 14pt; font-family: arial, helvetica, sans-serif;\">Cabe mencionar que en el evento estuvieron presentes el secretario del Ayuntamiento, Roberto Garc\u00eda Michel, as\u00ed como los regidores Marco Antonio L\u00f3pez Gonz\u00e1lez, presidente de la Comisi\u00f3n de Seguridad P\u00fablica del Cabildo; y Patricia Dautt, as\u00ed como la s\u00edndica Procuradora, Alejandra Z\u00e1mano Mej\u00eda.<\/span><\/p>\n<p style=\"text-align: justify;\">&nbsp;<\/p>\n<p style=\"text-align: justify;\"><span style=\"font-size: 14pt; font-family: arial, helvetica, sans-serif;\">REDACCI\u00d3N\/VISI\u00d3N CIUDADANA.<\/span><\/p>\n","protected":false},"excerpt":{"rendered":"<p>La presidenta municipal, Pier Angely Camacho de Ortiz, tom\u00f3 protesta al nuevo director de Seguridad P\u00fablica y Tr\u00e1nsito en Salvador Alvarado, Juan Carlos Barraza Morales, que a partir de este mi\u00e9rcoles, ocupar\u00e1 el cargo de Gerardo Cervantes Mendoza. &nbsp; La alcaldesa le dio la bienvenida al nuevo encargado de la seguridad en el municipio, y [&hellip;]<\/p>\n","protected":false},"author":1,"featured_media":6149,"comment_status":"closed","ping_status":"closed","sticky":false,"template":"","format":"standard","meta":{"footnotes":""},"categories":[13],"tags":[],"ppma_author":[31],"class_list":["post-14538","post","type-post","status-publish","format-standard","has-post-thumbnail","hentry","category-locales"],"aioseo_notices":[],"authors":[{"term_id":31,"user_id":1,"is_guest":0,"slug":"ivan3vino","display_name":"Iv\u00e1n Trevi\u00f1o","avatar_url":{"url":"https:\/\/visionciudadana.com.mx\/oficial\/wp-content\/uploads\/2025\/09\/columna-ivan-Trevino.png","url2x":"https:\/\/visionciudadana.com.mx\/oficial\/wp-content\/uploads\/2025\/09\/columna-ivan-Trevino.png"},"0":null,"1":"","2":"","3":"","4":"","5":"","6":"","7":"","8":""}],"_links":{"self":[{"href":"https:\/\/visionciudadana.com.mx\/oficial\/wp-json\/wp\/v2\/posts\/14538","targetHints":{"allow":["GET"]}}],"collection":[{"href":"https:\/\/visionciudadana.com.mx\/oficial\/wp-json\/wp\/v2\/posts"}],"about":[{"href":"https:\/\/visionciudadana.com.mx\/oficial\/wp-json\/wp\/v2\/types\/post"}],"author":[{"embeddable":true,"href":"https:\/\/visionciudadana.com.mx\/oficial\/wp-json\/wp\/v2\/users\/1"}],"replies":[{"embeddable":true,"href":"https:\/\/visionciudadana.com.mx\/oficial\/wp-json\/wp\/v2\/comments?post=14538"}],"version-history":[{"count":1,"href":"https:\/\/visionciudadana.com.mx\/oficial\/wp-json\/wp\/v2\/posts\/14538\/revisions"}],"predecessor-version":[{"id":31617,"href":"https:\/\/visionciudadana.com.mx\/oficial\/wp-json\/wp\/v2\/posts\/14538\/revisions\/31617"}],"wp:featuredmedia":[{"embeddable":true,"href":"https:\/\/visionciudadana.com.mx\/oficial\/wp-json\/wp\/v2\/media\/6149"}],"wp:attachment":[{"href":"https:\/\/visionciudadana.com.mx\/oficial\/wp-json\/wp\/v2\/media?parent=14538"}],"wp:term":[{"taxonomy":"category","embeddable":true,"href":"https:\/\/visionciudadana.com.mx\/oficial\/wp-json\/wp\/v2\/categories?post=14538"},{"taxonomy":"post_tag","embeddable":true,"href":"https:\/\/visionciudadana.com.mx\/oficial\/wp-json\/wp\/v2\/tags?post=14538"},{"taxonomy":"author","embeddable":true,"href":"https:\/\/visionciudadana.com.mx\/oficial\/wp-json\/wp\/v2\/ppma_author?post=14538"}],"curies":[{"name":"wp","href":"https:\/\/api.w.org\/{rel}","templated":true}]}}