{"id":14537,"date":"2020-12-09T19:28:25","date_gmt":"2020-12-09T19:28:25","guid":{"rendered":"https:\/\/visionciudadana.com.mx\/prueba\/2020\/12\/09\/avanza-financiamiento-a-empresas-a-traves-de-impulso-nafin-gobierno-de-sinaloa\/"},"modified":"2025-06-25T00:32:56","modified_gmt":"2025-06-25T00:32:56","slug":"avanza-financiamiento-a-empresas-a-traves-de-impulso-nafin-gobierno-de-sinaloa","status":"publish","type":"post","link":"https:\/\/visionciudadana.com.mx\/oficial\/2020\/12\/09\/avanza-financiamiento-a-empresas-a-traves-de-impulso-nafin-gobierno-de-sinaloa\/","title":{"rendered":"Avanza financiamiento a empresas a trav\u00e9s de impulso-Naf\u00edn-Gobierno de Sinaloa"},"content":{"rendered":"<p class=\"x_MsoNormal\" align=\"center\"><b><img fetchpriority=\"high\" decoding=\"async\" src=\"images\/2020\/dic20\/Nafin.jpg\" alt=\"Nafin\" width=\"780\" height=\"420\" style=\"display: block; margin-left: auto; margin-right: auto;\" \/>&nbsp;<\/b><\/p>\n<p class=\"x_MsoNormal\" style=\"text-align: justify;\"><span style=\"font-size: 14pt; font-family: arial, helvetica, sans-serif;\">Una bolsa de alrededor de 225 millones de pesos es la que se ha dispersado en 96 c\u00e9dulas a empresarios que solicitaron recursos del programa de reactivaci\u00f3n econ\u00f3mica Impulso-Nafin-Gobierno de Sinaloa.<\/span><\/p>\n<p style=\"text-align: justify;\">&nbsp;<\/p>\n<p class=\"x_MsoNormal\" style=\"text-align: justify;\"><span style=\"font-size: 14pt; font-family: arial, helvetica, sans-serif;\">Cabe recordar que el Gobierno de Sinaloa, por medio del Secretario de Econom\u00eda, aport\u00f3 11.4 mdp, con lo cual, se inicia una nueva ronda del programa, y con la potencializaci\u00f3n de Nafin se alcanzar\u00e1n 145 mdp para que apoyar a las micro, peque\u00f1as y medianas empresas del Estado.<\/span><\/p>\n<p style=\"text-align: justify;\">&nbsp;<\/p>\n<p class=\"x_MsoNormal\" style=\"text-align: justify;\"><span style=\"font-size: 14pt; font-family: arial, helvetica, sans-serif;\">Al encabezar una reuni\u00f3n virtual con los representantes de Nafin y Bancomext, el Secretario de Econom\u00eda, Javier Liz\u00e1rraga Mercado, dijo que en el estado se han creado diferentes acciones y programas para que m\u00e1s sinaloenses puedan contar con las herramientas para su desarrollo.<\/span><\/p>\n<p style=\"text-align: justify;\">&nbsp;<\/p>\n<p class=\"x_MsoNormal\" style=\"text-align: justify;\"><span style=\"font-size: 14pt; font-family: arial, helvetica, sans-serif;\">En esta reuni\u00f3n de trabajo se fortalecieron los lazos de cooperaci\u00f3n entre el Gobierno del Estado y el sector empresarial para el restablecimiento de la actividad econ\u00f3mica de Sinaloa, estuvieron presentes representantes del Consejo Consultivo de Nacional Financiera (Nafin) y del Banco Nacional de Comercio Exterior (Bancomext).<\/span><\/p>\n<p style=\"text-align: justify;\">&nbsp;<\/p>\n<p class=\"x_MsoNormal\" style=\"text-align: justify;\"><span style=\"font-size: 14pt; font-family: arial, helvetica, sans-serif;\">\u201cA pesar de la pandemia, no se ha detenido la entrega de cr\u00e9ditos y tampoco los empresarios se han visto afectados por pagarlos. El gobernador, Quirino Ordaz Coppel, ha instruido que se otorguen cr\u00e9ditos a los comerciantes y empresarios, y as\u00ed poder reactivar la econom\u00eda y generar empleos\u201d, dijo Liz\u00e1rraga Mercado.<\/span><\/p>\n<p style=\"text-align: justify;\">&nbsp;<\/p>\n<p class=\"x_MsoNormal\" style=\"text-align: justify;\"><span style=\"font-size: 14pt; font-family: arial, helvetica, sans-serif;\">En este marco, Said Saavedra Bracamonte, Director General Adjunto de Promoci\u00f3n Institucional de Nafin y de Bancomext, se\u00f1al\u00f3 que \u201ccomo banca de desarrollo debemos trabajar en equipo con los estados, los municipios y el sector empresarial, y ese trabajo se ver\u00e1 reflejado en un escenario favorable para que los microempresarios de la entidad pueden potenciar sus capacidades operativas y con ello incidir positivamente en la conservaci\u00f3n de empleos y el crecimiento econ\u00f3mico de Sinaloa\u201d.<\/span><\/p>\n<p style=\"text-align: justify;\">&nbsp;<\/p>\n<p class=\"x_MsoNormal\" style=\"text-align: justify;\"><span style=\"font-size: 14pt; font-family: arial, helvetica, sans-serif;\">Al celebrarse esta cuarta Sesi\u00f3n de Consejo Consultivo de Nacional Financiera y del Banco Nacional de Comercio Exterior en Sinaloa, se precis\u00f3 que la colocaci\u00f3n crediticia para los programas sectoriales en la entidad durante el periodo enero-octubre, entre los que se destacan: Mujeres Empresarias; Impulso Nafin+Estados; J\u00f3venes Empresarios; Energ\u00edas Limpias; Moldes, Troqueles y Herramentales;&nbsp; Textil, Vestido y Moda; y Cuero y Calzado, ascendi\u00f3 a 436 millones de pesos.<\/span><\/p>\n<p style=\"text-align: justify;\">&nbsp;<\/p>\n<p class=\"x_MsoNormal\" style=\"text-align: justify;\"><span style=\"font-size: 14pt; font-family: arial, helvetica, sans-serif;\">En esta reuni\u00f3n tambi\u00e9n particip\u00f3 el presidente del Consejo Consultivo de Nafin y Bancomext en Sinaloa, Sebasti\u00e1n Arana Escobar; Guillermo Barnes Levin, representante estatal; y empresarios que conforman el Consejo Consultivo en el estado.<\/span><\/p>\n<p style=\"text-align: justify;\">&nbsp;<\/p>\n<p style=\"text-align: justify;\"><span style=\"font-size: 14pt; font-family: arial, helvetica, sans-serif;\">REDACCI\u00d3N\/VISI\u00d3N CIUDADANA.<\/span><\/p>\n","protected":false},"excerpt":{"rendered":"<p>&nbsp; Una bolsa de alrededor de 225 millones de pesos es la que se ha dispersado en 96 c\u00e9dulas a empresarios que solicitaron recursos del programa de reactivaci\u00f3n econ\u00f3mica Impulso-Nafin-Gobierno de Sinaloa. &nbsp; Cabe recordar que el Gobierno de Sinaloa, por medio del Secretario de Econom\u00eda, aport\u00f3 11.4 mdp, con lo cual, se inicia una [&hellip;]<\/p>\n","protected":false},"author":1,"featured_media":6147,"comment_status":"closed","ping_status":"closed","sticky":false,"template":"","format":"standard","meta":{"footnotes":""},"categories":[13],"tags":[],"ppma_author":[31],"class_list":["post-14537","post","type-post","status-publish","format-standard","has-post-thumbnail","hentry","category-locales"],"aioseo_notices":[],"authors":[{"term_id":31,"user_id":1,"is_guest":0,"slug":"ivan3vino","display_name":"Iv\u00e1n Trevi\u00f1o","avatar_url":{"url":"https:\/\/visionciudadana.com.mx\/oficial\/wp-content\/uploads\/2025\/09\/columna-ivan-Trevino.png","url2x":"https:\/\/visionciudadana.com.mx\/oficial\/wp-content\/uploads\/2025\/09\/columna-ivan-Trevino.png"},"0":null,"1":"","2":"","3":"","4":"","5":"","6":"","7":"","8":""}],"_links":{"self":[{"href":"https:\/\/visionciudadana.com.mx\/oficial\/wp-json\/wp\/v2\/posts\/14537","targetHints":{"allow":["GET"]}}],"collection":[{"href":"https:\/\/visionciudadana.com.mx\/oficial\/wp-json\/wp\/v2\/posts"}],"about":[{"href":"https:\/\/visionciudadana.com.mx\/oficial\/wp-json\/wp\/v2\/types\/post"}],"author":[{"embeddable":true,"href":"https:\/\/visionciudadana.com.mx\/oficial\/wp-json\/wp\/v2\/users\/1"}],"replies":[{"embeddable":true,"href":"https:\/\/visionciudadana.com.mx\/oficial\/wp-json\/wp\/v2\/comments?post=14537"}],"version-history":[{"count":1,"href":"https:\/\/visionciudadana.com.mx\/oficial\/wp-json\/wp\/v2\/posts\/14537\/revisions"}],"predecessor-version":[{"id":31618,"href":"https:\/\/visionciudadana.com.mx\/oficial\/wp-json\/wp\/v2\/posts\/14537\/revisions\/31618"}],"wp:featuredmedia":[{"embeddable":true,"href":"https:\/\/visionciudadana.com.mx\/oficial\/wp-json\/wp\/v2\/media\/6147"}],"wp:attachment":[{"href":"https:\/\/visionciudadana.com.mx\/oficial\/wp-json\/wp\/v2\/media?parent=14537"}],"wp:term":[{"taxonomy":"category","embeddable":true,"href":"https:\/\/visionciudadana.com.mx\/oficial\/wp-json\/wp\/v2\/categories?post=14537"},{"taxonomy":"post_tag","embeddable":true,"href":"https:\/\/visionciudadana.com.mx\/oficial\/wp-json\/wp\/v2\/tags?post=14537"},{"taxonomy":"author","embeddable":true,"href":"https:\/\/visionciudadana.com.mx\/oficial\/wp-json\/wp\/v2\/ppma_author?post=14537"}],"curies":[{"name":"wp","href":"https:\/\/api.w.org\/{rel}","templated":true}]}}