{"id":14536,"date":"2020-12-09T19:08:40","date_gmt":"2020-12-09T19:08:40","guid":{"rendered":"https:\/\/visionciudadana.com.mx\/prueba\/2020\/12\/09\/la-semana-de-la-troca-se-llevara-a-cabo-en-mazatlan-del-5-7-de-marzo-de-2021\/"},"modified":"2025-06-25T00:32:56","modified_gmt":"2025-06-25T00:32:56","slug":"la-semana-de-la-troca-se-llevara-a-cabo-en-mazatlan-del-5-7-de-marzo-de-2021","status":"publish","type":"post","link":"https:\/\/visionciudadana.com.mx\/oficial\/2020\/12\/09\/la-semana-de-la-troca-se-llevara-a-cabo-en-mazatlan-del-5-7-de-marzo-de-2021\/","title":{"rendered":"La semana  de la Troca se llevar\u00e1 a cabo en Mazatl\u00e1n del 5-7 de marzo de 2021"},"content":{"rendered":"<p><img fetchpriority=\"high\" decoding=\"async\" src=\"images\/2020\/dic20\/la_troca.jpg\" alt=\"la troca\" width=\"780\" height=\"420\" style=\"display: block; margin-left: auto; margin-right: auto;\" \/><\/p>\n<div>\n<p>&nbsp;<\/p>\n<p class=\"x_MsoNormal\" style=\"text-align: justify;\"><span style=\"font-size: 14pt; font-family: arial, helvetica, sans-serif;\">El Secretario de Turismo \u00d3scar P\u00e9rez Barros anunci\u00f3 la realizaci\u00f3n de la \u201cSemana de la Troca\u201d en su segunda edici\u00f3n, para el pr\u00f3ximo mes de marzo 2021, en la que se espera la participaci\u00f3n de m\u00e1s de mil unidades motoras, considerando para ello todos los protocolos de salud con el prop\u00f3sito de evitar cualquier contagio del COVID 19.<\/span><\/p>\n<p style=\"text-align: justify;\">&nbsp;<\/p>\n<p class=\"x_MsoNormal\" style=\"text-align: justify;\"><span style=\"font-size: 14pt; font-family: arial, helvetica, sans-serif;\">El titular de la Sectur agreg\u00f3 que los conciertos musicales se podr\u00edan hacer de acuerdo al sem\u00e1foro que rija en las fechas del evento, en este caso del 5 al 7 de marzo, contando para ello con un espacio extenso para que se guarde la sana distancia, con el uso obligatorio del cubre bocas, el gel antibacterial y todo lo que se exige para no tener problemas sanitarios.<\/span><\/p>\n<p style=\"text-align: justify;\">&nbsp;<\/p>\n<p class=\"x_MsoNormal\" style=\"text-align: justify;\"><span style=\"font-size: 14pt; font-family: arial, helvetica, sans-serif;\">A\u00f1adi\u00f3 que se tiene una serie de actividades totalmente familiares, adem\u00e1s de contar con la presencia del famoso Influencer Mart\u00edn Vaca, el restaurador y modificador de autos m\u00e1s conocido de Estados Unidos y M\u00e9xico, protagonista&nbsp; de la serie \u201cMexic\u00e1nicos\u201d que transmite Discovery Chanel, quien grabar\u00e1 una edici\u00f3n especial en Mazatl\u00e1n de la Semana de la Troca.<\/span><\/p>\n<p style=\"text-align: justify;\">&nbsp;<\/p>\n<p class=\"x_MsoNormal\" style=\"text-align: justify;\"><span style=\"font-size: 14pt; font-family: arial, helvetica, sans-serif;\">Adem\u00e1s dijo que tambi\u00e9n se tienen programados dos desfiles, esto con el fin de evitar aglomeraciones y que la gente tenga m\u00e1s oportunidad de presenciarlos.<\/span><\/p>\n<p style=\"text-align: justify;\">&nbsp;<\/p>\n<p class=\"x_MsoNormal\" style=\"text-align: justify;\"><span style=\"font-size: 14pt; font-family: arial, helvetica, sans-serif;\">P\u00e9rez Barros, se\u00f1al\u00f3 lo importante que es tener programas de esta naturaleza, para que Mazatl\u00e1n siga manteni\u00e9ndose como un sitio en el que se desarrollan eventos que mantienen despierto el inter\u00e9s del turismo nacional y extranjero, y en el que la Sectur ofrece todo el apoyo de promoci\u00f3n.<\/span><\/p>\n<p style=\"text-align: justify;\">&nbsp;<\/p>\n<p class=\"x_MsoNormal\" style=\"text-align: justify;\"><span style=\"font-size: 14pt; font-family: arial, helvetica, sans-serif;\">Por su parte, el encargado de la Secretar\u00eda de Desarrollo Econ\u00f3mico y Turismo del municipio, Jos\u00e9 Luis Ter\u00e1n, dijo que por instrucciones del alcalde Luis Guillermo Ben\u00edtez Torres, se apoya al 100 por ciento todo lo que se refiera a la promoci\u00f3n de este municipio, manejando para ello todos los protocolos de salud con el fin de no tener ning\u00fan problema.<\/span><\/p>\n<p style=\"text-align: justify;\">&nbsp;<\/p>\n<p class=\"x_MsoNormal\" style=\"text-align: justify;\"><span style=\"font-size: 14pt; font-family: arial, helvetica, sans-serif;\">A su vez, Sa\u00fal P\u00e1ez, del comit\u00e9 organizador y miembro del Club Mzt Truck, expres\u00f3 que este s\u00e1bado 12 de diciembre llegar\u00e1 Mart\u00edn Vaca a la Perla del Pac\u00edfico, para entregar una camioneta que \u00e9l dise\u00f1\u00f3 a manera de prototipo y se llevar\u00e1 otra modelo 1952 con la finalidad de arreglarla para que sea el s\u00edmbolo del club y los represente en todas las promociones que efect\u00faen.<\/span><\/p>\n<p style=\"text-align: justify;\">&nbsp;<\/p>\n<p class=\"x_MsoNormal\" style=\"text-align: justify;\"><span style=\"font-size: 14pt; font-family: arial, helvetica, sans-serif;\">Respecto a la entrada durante la \u201cSemana de la Troca\u201d, dio a conocer que habr\u00e1 un registro con horario para tener un control con el n\u00famero de personas que entren y tendr\u00e1n dos horas para ver la exhibici\u00f3n, que se montar\u00e1 sobre la avenida Bah\u00eda, los tres d\u00edas.<\/span><\/p>\n<p style=\"text-align: justify;\">&nbsp;<\/p>\n<p style=\"text-align: justify;\"><span style=\"font-size: 14pt; font-family: arial, helvetica, sans-serif;\">REDACCI\u00d3N\/VISI\u00d3N CIUDADANA.<\/span><\/p>\n<\/div>\n<div style=\"text-align: justify;\"><span style=\"font-size: 14pt; font-family: arial, helvetica, sans-serif;\"><\/span><\/div>\n<p style=\"text-align: justify;\">&nbsp;<\/p>\n<p>&nbsp;<\/p>\n","protected":false},"excerpt":{"rendered":"<p>&nbsp; El Secretario de Turismo \u00d3scar P\u00e9rez Barros anunci\u00f3 la realizaci\u00f3n de la \u201cSemana de la Troca\u201d en su segunda edici\u00f3n, para el pr\u00f3ximo mes de marzo 2021, en la que se espera la participaci\u00f3n de m\u00e1s de mil unidades motoras, considerando para ello todos los protocolos de salud con el prop\u00f3sito de evitar cualquier [&hellip;]<\/p>\n","protected":false},"author":1,"featured_media":6145,"comment_status":"closed","ping_status":"closed","sticky":false,"template":"","format":"standard","meta":{"footnotes":""},"categories":[24],"tags":[],"ppma_author":[31],"class_list":["post-14536","post","type-post","status-publish","format-standard","has-post-thumbnail","hentry","category-relevantes"],"aioseo_notices":[],"authors":[{"term_id":31,"user_id":1,"is_guest":0,"slug":"ivan3vino","display_name":"Iv\u00e1n Trevi\u00f1o","avatar_url":{"url":"https:\/\/visionciudadana.com.mx\/oficial\/wp-content\/uploads\/2025\/09\/columna-ivan-Trevino.png","url2x":"https:\/\/visionciudadana.com.mx\/oficial\/wp-content\/uploads\/2025\/09\/columna-ivan-Trevino.png"},"0":null,"1":"","2":"","3":"","4":"","5":"","6":"","7":"","8":""}],"_links":{"self":[{"href":"https:\/\/visionciudadana.com.mx\/oficial\/wp-json\/wp\/v2\/posts\/14536","targetHints":{"allow":["GET"]}}],"collection":[{"href":"https:\/\/visionciudadana.com.mx\/oficial\/wp-json\/wp\/v2\/posts"}],"about":[{"href":"https:\/\/visionciudadana.com.mx\/oficial\/wp-json\/wp\/v2\/types\/post"}],"author":[{"embeddable":true,"href":"https:\/\/visionciudadana.com.mx\/oficial\/wp-json\/wp\/v2\/users\/1"}],"replies":[{"embeddable":true,"href":"https:\/\/visionciudadana.com.mx\/oficial\/wp-json\/wp\/v2\/comments?post=14536"}],"version-history":[{"count":1,"href":"https:\/\/visionciudadana.com.mx\/oficial\/wp-json\/wp\/v2\/posts\/14536\/revisions"}],"predecessor-version":[{"id":31619,"href":"https:\/\/visionciudadana.com.mx\/oficial\/wp-json\/wp\/v2\/posts\/14536\/revisions\/31619"}],"wp:featuredmedia":[{"embeddable":true,"href":"https:\/\/visionciudadana.com.mx\/oficial\/wp-json\/wp\/v2\/media\/6145"}],"wp:attachment":[{"href":"https:\/\/visionciudadana.com.mx\/oficial\/wp-json\/wp\/v2\/media?parent=14536"}],"wp:term":[{"taxonomy":"category","embeddable":true,"href":"https:\/\/visionciudadana.com.mx\/oficial\/wp-json\/wp\/v2\/categories?post=14536"},{"taxonomy":"post_tag","embeddable":true,"href":"https:\/\/visionciudadana.com.mx\/oficial\/wp-json\/wp\/v2\/tags?post=14536"},{"taxonomy":"author","embeddable":true,"href":"https:\/\/visionciudadana.com.mx\/oficial\/wp-json\/wp\/v2\/ppma_author?post=14536"}],"curies":[{"name":"wp","href":"https:\/\/api.w.org\/{rel}","templated":true}]}}