{"id":14534,"date":"2020-12-09T18:46:49","date_gmt":"2020-12-09T18:46:49","guid":{"rendered":"https:\/\/visionciudadana.com.mx\/prueba\/2020\/12\/09\/por-deuda-historica-jovenes-deben-participar-en-este-2021-pt-sinaloa\/"},"modified":"2025-06-25T00:32:56","modified_gmt":"2025-06-25T00:32:56","slug":"por-deuda-historica-jovenes-deben-participar-en-este-2021-pt-sinaloa","status":"publish","type":"post","link":"https:\/\/visionciudadana.com.mx\/oficial\/2020\/12\/09\/por-deuda-historica-jovenes-deben-participar-en-este-2021-pt-sinaloa\/","title":{"rendered":"Por deuda hist\u00f3rica j\u00f3venes deben participar en este 2021: PT Sinaloa"},"content":{"rendered":"<div style=\"text-align: justify;\"><img fetchpriority=\"high\" decoding=\"async\" src=\"images\/2020\/dic20\/trabajo_pts.PNG\" alt=\"trabajo pts\" width=\"432\" height=\"246\" style=\"display: block; margin-left: auto; margin-right: auto;\" \/><\/p>\n<p><span style=\"font-size: 14pt; font-family: arial, helvetica, sans-serif;\">La participaci\u00f3n de los j\u00f3venes en la pol\u00edtica siempre ha estado presente y ellos han sido actores de cambio en los principales movimientos sociales y pol\u00edticos del pa\u00eds, sin embargo, no se les ha dado el espacio de expresi\u00f3n y participaci\u00f3n necesaria para transitar con libertad y decisi\u00f3n en la vida pol\u00edtica, manifest\u00f3 el dirigente juvenil del Partido del Trabajo, Humberto Aramberry.<\/span><\/div>\n<div style=\"text-align: justify;\">\n<p><span style=\"font-size: 14pt; font-family: arial, helvetica, sans-serif;\">Con la firme convicci\u00f3n de que, la juventud tiene grandes aportaciones para la innovaci\u00f3n de la pol\u00edtica y las formas de hacer gobierno, Humberto Aramberry hizo un llamado a los partidos pol\u00edticos y los organismos electorales para que, implementen medidas de participaci\u00f3n ciudadana juvenil, con las cuales, m\u00e1s j\u00f3venes puedan ser protagonistas en los Congresos locales, en el federal y los cargos de elecci\u00f3n del Poder Ejecutivo.<\/span><\/div>\n<div style=\"text-align: justify;\">\n<p><span style=\"font-size: 14pt; font-family: arial, helvetica, sans-serif;\">Asegur\u00f3 que, el PT le apuesta a que el sector juvenil de la poblaci\u00f3n de cara al proceso electoral del 2021 pues, se debe dejar de subestimar su capacidad y fuerza para gobernar.<\/span><\/div>\n<div style=\"text-align: justify;\">&nbsp;<\/div>\n<div style=\"text-align: justify;\">\n<p><span style=\"font-size: 14pt; font-family: arial, helvetica, sans-serif;\">\u201cDejemos pues dejar de subestimar la fuerza de la juventud, su capacidad de organizaci\u00f3n y cr\u00edtica, pues ah\u00ed est\u00e1n los grandes ejemplos a lo largo de la historia que incluso con resistencias han alcanzado cambios radicales y con ello consolidado grandes avances en el pro de nuestro pa\u00eds\u201d, agreg\u00f3.<\/span><\/div>\n<div style=\"text-align: justify;\"><span style=\"font-size: 14pt; font-family: arial, helvetica, sans-serif;\"><\/span><br \/><span style=\"font-size: 14pt; font-family: arial, helvetica, sans-serif;\">Humberto Aramberry, militante petista y activo en la pol\u00edtica desde muy joven, se\u00f1al\u00f3 que, a lo largo de la historia ha sido bajo el involucramiento de la juventud en las actividades pol\u00edtico-electorales y por tanto, los j\u00f3venes de M\u00e9xico est\u00e1n subrepresentados.<\/span><\/div>\n<div style=\"text-align: justify;\">\n<p><span style=\"font-size: 14pt; font-family: arial, helvetica, sans-serif;\">En las elecciones del 2018, s\u00f3lo el 55 por ciento de los j\u00f3venes de entre 19 a 34 a\u00f1os vot\u00f3, cifra que preocupa y debe alarmar a los partidos pol\u00edticos e institutos electorales para impulsar y hacer crecer el inter\u00e9s de la juventud.<\/span><\/div>\n<div style=\"text-align: justify;\">&nbsp;<\/div>\n<div style=\"text-align: justify;\">&nbsp;<\/div>\n<div style=\"text-align: justify;\">&nbsp;<\/div>\n<div style=\"text-align: justify;\"><span style=\"font-size: 14pt; font-family: arial, helvetica, sans-serif;\">REDACCI\u00d3N\/VISI\u00d3N CIUDADANA.<\/span><\/div>\n","protected":false},"excerpt":{"rendered":"<p>La participaci\u00f3n de los j\u00f3venes en la pol\u00edtica siempre ha estado presente y ellos han sido actores de cambio en los principales movimientos sociales y pol\u00edticos del pa\u00eds, sin embargo, no se les ha dado el espacio de expresi\u00f3n y participaci\u00f3n necesaria para transitar con libertad y decisi\u00f3n en la vida pol\u00edtica, manifest\u00f3 el dirigente [&hellip;]<\/p>\n","protected":false},"author":1,"featured_media":6142,"comment_status":"closed","ping_status":"closed","sticky":false,"template":"","format":"standard","meta":{"footnotes":""},"categories":[13],"tags":[],"ppma_author":[31],"class_list":["post-14534","post","type-post","status-publish","format-standard","has-post-thumbnail","hentry","category-locales"],"aioseo_notices":[],"authors":[{"term_id":31,"user_id":1,"is_guest":0,"slug":"ivan3vino","display_name":"Iv\u00e1n Trevi\u00f1o","avatar_url":{"url":"https:\/\/visionciudadana.com.mx\/oficial\/wp-content\/uploads\/2025\/09\/columna-ivan-Trevino.png","url2x":"https:\/\/visionciudadana.com.mx\/oficial\/wp-content\/uploads\/2025\/09\/columna-ivan-Trevino.png"},"0":null,"1":"","2":"","3":"","4":"","5":"","6":"","7":"","8":""}],"_links":{"self":[{"href":"https:\/\/visionciudadana.com.mx\/oficial\/wp-json\/wp\/v2\/posts\/14534","targetHints":{"allow":["GET"]}}],"collection":[{"href":"https:\/\/visionciudadana.com.mx\/oficial\/wp-json\/wp\/v2\/posts"}],"about":[{"href":"https:\/\/visionciudadana.com.mx\/oficial\/wp-json\/wp\/v2\/types\/post"}],"author":[{"embeddable":true,"href":"https:\/\/visionciudadana.com.mx\/oficial\/wp-json\/wp\/v2\/users\/1"}],"replies":[{"embeddable":true,"href":"https:\/\/visionciudadana.com.mx\/oficial\/wp-json\/wp\/v2\/comments?post=14534"}],"version-history":[{"count":1,"href":"https:\/\/visionciudadana.com.mx\/oficial\/wp-json\/wp\/v2\/posts\/14534\/revisions"}],"predecessor-version":[{"id":31620,"href":"https:\/\/visionciudadana.com.mx\/oficial\/wp-json\/wp\/v2\/posts\/14534\/revisions\/31620"}],"wp:featuredmedia":[{"embeddable":true,"href":"https:\/\/visionciudadana.com.mx\/oficial\/wp-json\/wp\/v2\/posts\/6142"}],"wp:attachment":[{"href":"https:\/\/visionciudadana.com.mx\/oficial\/wp-json\/wp\/v2\/media?parent=14534"}],"wp:term":[{"taxonomy":"category","embeddable":true,"href":"https:\/\/visionciudadana.com.mx\/oficial\/wp-json\/wp\/v2\/categories?post=14534"},{"taxonomy":"post_tag","embeddable":true,"href":"https:\/\/visionciudadana.com.mx\/oficial\/wp-json\/wp\/v2\/tags?post=14534"},{"taxonomy":"author","embeddable":true,"href":"https:\/\/visionciudadana.com.mx\/oficial\/wp-json\/wp\/v2\/ppma_author?post=14534"}],"curies":[{"name":"wp","href":"https:\/\/api.w.org\/{rel}","templated":true}]}}