{"id":14530,"date":"2020-12-09T18:27:54","date_gmt":"2020-12-09T18:27:54","guid":{"rendered":"https:\/\/visionciudadana.com.mx\/prueba\/2020\/12\/09\/quirino-inicia-una-etapa-mas-de-la-carretera-a-el-palotal\/"},"modified":"2025-06-25T00:32:56","modified_gmt":"2025-06-25T00:32:56","slug":"quirino-inicia-una-etapa-mas-de-la-carretera-a-el-palotal","status":"publish","type":"post","link":"https:\/\/visionciudadana.com.mx\/oficial\/2020\/12\/09\/quirino-inicia-una-etapa-mas-de-la-carretera-a-el-palotal\/","title":{"rendered":"Quirino inicia una etapa m\u00e1s de la carretera a El Palotal"},"content":{"rendered":"<p>&nbsp;<\/p>\n<p><img fetchpriority=\"high\" decoding=\"async\" src=\"images\/2020\/dic20\/el_palotal.jpg\" alt=\"el palotal\" width=\"780\" height=\"420\" style=\"display: block; margin-left: auto; margin-right: auto;\" \/><\/p>\n<p class=\"x_MsoNormal\" style=\"text-align: justify;\"><span style=\"font-size: 14pt; font-family: arial, helvetica, sans-serif;\"><span lang=\"ES-TRAD\">La carretera a El Palotal, en Sinaloa municipio, quedar\u00e1 concluida antes de terminar esta administraci\u00f3n, afirm\u00f3 el gobernador Quirino Ordaz Coppel al poner en marcha los trabajos de construcci\u00f3n de una etapa m\u00e1s de esta importante v\u00eda que es usada principalmente como camino saca cosechas del valle de L\u00e1zaro C\u00e1rdenas, obras en las que se invertir\u00e1n ocho millones de pesos.<\/span><\/span><\/p>\n<p class=\"x_MsoNormal\" style=\"text-align: justify;\"><span lang=\"ES-TRAD\" style=\"font-size: 14pt; font-family: arial, helvetica, sans-serif;\"><\/span><\/p>\n<p class=\"x_MsoNormal\" style=\"text-align: justify;\"><span lang=\"ES-TRAD\" style=\"font-size: 14pt; font-family: arial, helvetica, sans-serif;\">El mandatario estatal fue recibido por la presidenta municipal de Sinaloa, Mar\u00eda Beatriz Le\u00f3n Rubio en la comunidad de Ruiz Cortines No. 1, donde supervis\u00f3 los trabajos de construcci\u00f3n del edificio que albergar\u00e1 las oficinas de la Sindicatura de L\u00e1zaro C\u00e1rdenas y tambi\u00e9n constat\u00f3 los avances en la construcci\u00f3n de la plazuela del lugar.<\/span><\/p>\n<p class=\"x_MsoNormal\" style=\"text-align: justify;\"><span lang=\"ES-TRAD\" style=\"font-size: 14pt; font-family: arial, helvetica, sans-serif;\"><\/span><\/p>\n<p class=\"x_MsoNormal\" style=\"text-align: justify;\"><span lang=\"ES-TRAD\" style=\"font-size: 14pt; font-family: arial, helvetica, sans-serif;\">Enseguida, el gobernador del estado se traslad\u00f3 a la Calle Cero, que comunica con El Palotal, para dar el banderazo de inicio de un tramo m\u00e1s de carretera, de un kil\u00f3metro, donde se invertir\u00e1n ocho millones de pesos, con la inclusi\u00f3n de un puente, restando solamente seis kil\u00f3metros para concluirla.<\/span><\/p>\n<p class=\"x_MsoNormal\" style=\"text-align: justify;\"><span lang=\"ES-TRAD\" style=\"font-size: 14pt; font-family: arial, helvetica, sans-serif;\"><\/span><\/p>\n<p class=\"x_MsoNormal\" style=\"text-align: justify;\"><span lang=\"ES-TRAD\" style=\"font-size: 14pt; font-family: arial, helvetica, sans-serif;\">En su mensaje, Ordaz Coppel record\u00f3 que esta obra no fue un compromiso de su campa\u00f1a, pero de cualquier manera, desde el a\u00f1o pasado se inici\u00f3 con el primer kil\u00f3metro, y a petici\u00f3n de la alcaldesa Le\u00f3n Rubio anunci\u00f3 que los trabajos ya no parar\u00e1n para terminar la carretera hasta El Palotal antes de que concluya su gobierno.<\/span><\/p>\n<p class=\"x_MsoNormal\" style=\"text-align: justify;\"><span lang=\"ES-TRAD\" style=\"font-size: 14pt; font-family: arial, helvetica, sans-serif;\"><\/span><\/p>\n<p class=\"x_MsoNormal\" style=\"text-align: justify;\"><span lang=\"ES-TRAD\" style=\"font-size: 14pt; font-family: arial, helvetica, sans-serif;\">Actualmente la carretera ya tiene pavimentados 14.3 kil\u00f3metros, con una inversi\u00f3n de 55.7 millones de pesos, y restan 6.4 kil\u00f3metros, donde se requiere de un presupuesto de 52 millones de pesos adicionales. Las comunidades beneficiadas son El Palotal, Calder\u00f3n, Mezquite Alto, Torre\u00f3n, Tetameche, Gabriel Leyva y Santa Teresita.<\/span><\/p>\n<p class=\"x_MsoNormal\" style=\"text-align: justify;\"><span lang=\"ES-TRAD\" style=\"font-size: 14pt; font-family: arial, helvetica, sans-serif;\"><\/span><\/p>\n<p class=\"x_MsoNormal\" style=\"text-align: justify;\"><span lang=\"ES-TRAD\" style=\"font-size: 14pt; font-family: arial, helvetica, sans-serif;\">El mandatario estatal adelant\u00f3 que seguir\u00e1 apoyando a la presidenta municipal Mar\u00eda Beatriz Le\u00f3n Rubio hasta el t\u00e9rmino de su gesti\u00f3n, y anunci\u00f3 que en breve se concluir\u00e1n los trabajos de ampliaci\u00f3n del malec\u00f3n de Sinaloa de Leyva, lo cual traer\u00e1 m\u00e1s turistas y generar\u00e1 mayores ingresos a las familias que se dedican a esta actividad.<\/span><\/p>\n<p class=\"x_MsoNormal\" style=\"text-align: justify;\"><span lang=\"ES-TRAD\" style=\"font-size: 14pt; font-family: arial, helvetica, sans-serif;\"><\/span><\/p>\n<p class=\"x_MsoNormal\" style=\"text-align: justify;\"><span lang=\"ES-TRAD\" style=\"font-size: 14pt; font-family: arial, helvetica, sans-serif;\">Por su parte, la alcaldesa reconoci\u00f3 que el gobernador Quirino Ordaz Coppel lo que promete y lo cumple, y por eso agradeci\u00f3 que se haya comprometido a terminar la carretera, a petici\u00f3n suya.<\/span><\/p>\n<p class=\"x_MsoNormal\" style=\"text-align: justify;\"><span lang=\"ES-TRAD\" style=\"font-size: 14pt; font-family: arial, helvetica, sans-serif;\"><\/span><\/p>\n<p class=\"x_MsoNormal\" style=\"text-align: justify;\"><span lang=\"ES-TRAD\" style=\"font-size: 14pt; font-family: arial, helvetica, sans-serif;\">A su vez, el secretario de Desarrollo Social, Ricardo Madrid P\u00e9rez, inform\u00f3 que en este a\u00f1o se han invertido en el municipio de Sinaloa 50 millones de pesos en obras de agua potable, drenaje y alcantarillado en varias comunidades rurales.<\/span><\/p>\n<p class=\"x_MsoNormal\" style=\"text-align: justify;\"><span lang=\"ES-TRAD\" style=\"font-size: 14pt; font-family: arial, helvetica, sans-serif;\"><\/span><\/p>\n<p class=\"x_MsoNormal\" style=\"text-align: justify;\"><span lang=\"ES-TRAD\" style=\"font-size: 14pt; font-family: arial, helvetica, sans-serif;\">De igual manera, el secretario de Obras P\u00fablicas, Osbaldo L\u00f3pez Angulo, explic\u00f3 que en etapa previa se invirtieron siete millones de pesos, para construir un kil\u00f3metro.<\/span><\/p>\n<p class=\"x_MsoNormal\" style=\"text-align: justify;\"><span lang=\"ES-TRAD\" style=\"font-size: 14pt; font-family: arial, helvetica, sans-serif;\"><\/span><\/p>\n<p class=\"x_MsoNormal\" style=\"text-align: justify;\"><span lang=\"ES-TRAD\" style=\"font-size: 14pt; font-family: arial, helvetica, sans-serif;\">Tambi\u00e9n acompa\u00f1\u00f3 al gobernador Quirino Ordaz Coppel en esta gira de trabajo, la diputada local por este municipio, Ana Cecilia Moreno Romero.<\/span><\/p>\n<p style=\"text-align: justify;\">&nbsp;<\/p>\n<p style=\"text-align: justify;\"><span style=\"font-size: 14pt; font-family: arial, helvetica, sans-serif;\">REDACCI\u00d3N\/VISI\u00d3N CIUDADANA.<\/span><\/p>\n","protected":false},"excerpt":{"rendered":"<p>&nbsp; La carretera a El Palotal, en Sinaloa municipio, quedar\u00e1 concluida antes de terminar esta administraci\u00f3n, afirm\u00f3 el gobernador Quirino Ordaz Coppel al poner en marcha los trabajos de construcci\u00f3n de una etapa m\u00e1s de esta importante v\u00eda que es usada principalmente como camino saca cosechas del valle de L\u00e1zaro C\u00e1rdenas, obras en las que [&hellip;]<\/p>\n","protected":false},"author":1,"featured_media":6137,"comment_status":"closed","ping_status":"closed","sticky":false,"template":"","format":"standard","meta":{"footnotes":""},"categories":[24],"tags":[],"ppma_author":[31],"class_list":["post-14530","post","type-post","status-publish","format-standard","has-post-thumbnail","hentry","category-relevantes"],"aioseo_notices":[],"authors":[{"term_id":31,"user_id":1,"is_guest":0,"slug":"ivan3vino","display_name":"Iv\u00e1n Trevi\u00f1o","avatar_url":{"url":"https:\/\/visionciudadana.com.mx\/oficial\/wp-content\/uploads\/2025\/09\/columna-ivan-Trevino.png","url2x":"https:\/\/visionciudadana.com.mx\/oficial\/wp-content\/uploads\/2025\/09\/columna-ivan-Trevino.png"},"0":null,"1":"","2":"","3":"","4":"","5":"","6":"","7":"","8":""}],"_links":{"self":[{"href":"https:\/\/visionciudadana.com.mx\/oficial\/wp-json\/wp\/v2\/posts\/14530","targetHints":{"allow":["GET"]}}],"collection":[{"href":"https:\/\/visionciudadana.com.mx\/oficial\/wp-json\/wp\/v2\/posts"}],"about":[{"href":"https:\/\/visionciudadana.com.mx\/oficial\/wp-json\/wp\/v2\/types\/post"}],"author":[{"embeddable":true,"href":"https:\/\/visionciudadana.com.mx\/oficial\/wp-json\/wp\/v2\/users\/1"}],"replies":[{"embeddable":true,"href":"https:\/\/visionciudadana.com.mx\/oficial\/wp-json\/wp\/v2\/comments?post=14530"}],"version-history":[{"count":1,"href":"https:\/\/visionciudadana.com.mx\/oficial\/wp-json\/wp\/v2\/posts\/14530\/revisions"}],"predecessor-version":[{"id":31621,"href":"https:\/\/visionciudadana.com.mx\/oficial\/wp-json\/wp\/v2\/posts\/14530\/revisions\/31621"}],"wp:featuredmedia":[{"embeddable":true,"href":"https:\/\/visionciudadana.com.mx\/oficial\/wp-json\/wp\/v2\/media\/6137"}],"wp:attachment":[{"href":"https:\/\/visionciudadana.com.mx\/oficial\/wp-json\/wp\/v2\/media?parent=14530"}],"wp:term":[{"taxonomy":"category","embeddable":true,"href":"https:\/\/visionciudadana.com.mx\/oficial\/wp-json\/wp\/v2\/categories?post=14530"},{"taxonomy":"post_tag","embeddable":true,"href":"https:\/\/visionciudadana.com.mx\/oficial\/wp-json\/wp\/v2\/tags?post=14530"},{"taxonomy":"author","embeddable":true,"href":"https:\/\/visionciudadana.com.mx\/oficial\/wp-json\/wp\/v2\/ppma_author?post=14530"}],"curies":[{"name":"wp","href":"https:\/\/api.w.org\/{rel}","templated":true}]}}