{"id":14529,"date":"2020-12-09T18:12:55","date_gmt":"2020-12-09T18:12:55","guid":{"rendered":"https:\/\/visionciudadana.com.mx\/prueba\/2020\/12\/09\/grandes-beneficios-durante-la-campana-pura-salud\/"},"modified":"2025-06-25T00:32:56","modified_gmt":"2025-06-25T00:32:56","slug":"grandes-beneficios-durante-la-campana-pura-salud","status":"publish","type":"post","link":"https:\/\/visionciudadana.com.mx\/oficial\/2020\/12\/09\/grandes-beneficios-durante-la-campana-pura-salud\/","title":{"rendered":"Grandes beneficios durante la campa\u00f1a \u00a1Pura Salud!"},"content":{"rendered":"<p style=\"text-align: justify;\"><img fetchpriority=\"high\" decoding=\"async\" src=\"images\/2020\/dic20\/salud_mayores.jpg\" alt=\"salud mayores\" width=\"780\" height=\"420\" style=\"display: block; margin-left: auto; margin-right: auto;\" \/><\/p>\n<p style=\"text-align: justify;\"><span lang=\"ES-TRAD\" style=\"font-size: 14pt; font-family: arial, helvetica, sans-serif;\">Anuncia Rosy Fuentes de Ordaz, presidenta del Sistema DIF Sinaloa, lanzamiento de la campa\u00f1a de bienestar \u00a1Pura Salud!, con la cual se busca atender con diversos programas de asistencia social a los sectores m\u00e1s vulnerables.<\/span><\/p>\n<p style=\"text-align: justify;\"><span style=\"font-size: 14pt; font-family: arial, helvetica, sans-serif;\"><\/span><\/p>\n<p style=\"text-align: justify;\"><span lang=\"ES-TRAD\" style=\"font-size: 14pt; font-family: arial, helvetica, sans-serif;\">Con el respaldo del gobernador del Estado, Quirino Ordaz Coppel y con una inversi\u00f3n de 10 MDP se pone en marcha esta campa\u00f1a que abarca: operaci\u00f3n de cataratas, aparatos auditivos, estudios generales de laboratorio, apoyo alimentario, apoyo a personas con c\u00e1ncer y aparatos funcionales.<\/span><\/p>\n<p style=\"text-align: justify;\"><span style=\"font-size: 14pt; font-family: arial, helvetica, sans-serif;\"><\/span><\/p>\n<p style=\"text-align: justify;\"><span lang=\"ES-TRAD\" style=\"font-size: 14pt; font-family: arial, helvetica, sans-serif;\">\u201cEn un a\u00f1o at\u00edpico y dif\u00edcil en muchos aspectos, hemos buscando la manera de seguir sirviendo a las familias sinaloenses, por ello, ahora emprendemos esta campa\u00f1a de bienestar \u00a1Pura Salud!, que funcionar\u00e1 durante diciembre y enero del pr\u00f3ximo a\u00f1o\u201d, coment\u00f3 Rosy Fuentes de Ordaz.<\/span><\/p>\n<p style=\"text-align: justify;\"><span style=\"font-size: 14pt; font-family: arial, helvetica, sans-serif;\"><\/span><\/p>\n<p style=\"text-align: justify;\"><span style=\"font-size: 14pt; font-family: arial, helvetica, sans-serif;\">Mencion\u00f3 que para llevar a cabo la campa\u00f1a se ejerci\u00f3 una inversi\u00f3n de m\u00e1s de 10 millones de pesos: \u201cEsto se ha hecho posible con muchos ahorros, algunos donativos y bueno todo esto para poder ofrecerles m\u00e1s de 400 operaciones de cataratas, aparatos auditivos, tambi\u00e9n las operaciones de cataratas con la empresa Buena Vista, CIDIS y con Beneficencia p\u00fablica\u201d.<\/span><\/p>\n<p style=\"text-align: justify;\"><span style=\"font-size: 14pt; font-family: arial, helvetica, sans-serif;\"><\/span><\/p>\n<p style=\"text-align: justify;\"><span style=\"font-size: 14pt; font-family: arial, helvetica, sans-serif;\"><span lang=\"ES-TRAD\">Rosy Fuentes de Ordaz, detall\u00f3 los apoyos a distribuir durante la campa\u00f1a,&nbsp;<\/span><span lang=\"ES-TRAD\">en materia de auxiliares auditivos, donde en conjunto con Fundaci\u00f3n Telmex y Beneficencia P\u00fablica, se distribuir\u00e1n 400 aparatos.<\/span><\/span><\/p>\n<p style=\"text-align: justify;\"><span style=\"font-size: 14pt; font-family: arial, helvetica, sans-serif;\"><\/span><\/p>\n<p style=\"text-align: justify;\"><span lang=\"ES-TRAD\" style=\"font-size: 14pt; font-family: arial, helvetica, sans-serif;\">Se pone a disposici\u00f3n de la poblaci\u00f3n 2 mil estudios generales de: Biometr\u00eda Hem\u00e1tica, Qu\u00edmica Sangu\u00ednea, Reacciones Febriles, Glucosa, Colesterol, entre otros. Dichos estudios se podr\u00e1n realizar en Delia Barraza y Laboratorio LAB.<\/span><\/p>\n<p style=\"text-align: justify;\"><span style=\"font-size: 14pt; font-family: arial, helvetica, sans-serif;\"><\/span><\/p>\n<p style=\"text-align: justify;\"><span lang=\"ES-TRAD\" style=\"font-size: 14pt; font-family: arial, helvetica, sans-serif;\">La campa\u00f1a tambi\u00e9n abarca 500 apoyos funcionales, tales como: sillas de ruedas, muletas, bastones, andaderas y pr\u00f3tesis.<\/span><\/p>\n<p style=\"text-align: justify;\"><span style=\"font-size: 14pt; font-family: arial, helvetica, sans-serif;\"><\/span><\/p>\n<p style=\"text-align: justify;\"><span lang=\"ES-TRAD\" style=\"font-size: 14pt; font-family: arial, helvetica, sans-serif;\">\u201cHemos continuado con un tema muy sensible, el apoyo para las personas con c\u00e1ncer, vamos a beneficiar a 100 personas con medicamentos de especialidad y estudios de diagn\u00f3stico\u201d, coment\u00f3 la presidenta de la instituci\u00f3n.<\/span><\/p>\n<p style=\"text-align: justify;\"><span style=\"font-size: 14pt; font-family: arial, helvetica, sans-serif;\"><\/span><\/p>\n<p style=\"text-align: justify;\"><span lang=\"ES-TRAD\" style=\"font-size: 14pt; font-family: arial, helvetica, sans-serif;\">Tambi\u00e9n, se continuar\u00e1 entregando apoyo alimenticio, siendo este de vital importancia para muchas familias de escasos recursos, finaliz\u00f3 Rosy Fuentes.<\/span><\/p>\n<p style=\"text-align: justify;\"><span style=\"font-size: 14pt; font-family: arial, helvetica, sans-serif;\"><\/span><\/p>\n<p style=\"text-align: justify;\"><span lang=\"ES-TRAD\" style=\"font-size: 14pt; font-family: arial, helvetica, sans-serif;\">Para obtener alguno de estos beneficios, las y los interesados deber\u00e1n presentar los siguientes requisitos: estudio socioecon\u00f3mico, copia de comprobante de domicilio, identificaci\u00f3n oficial y la CURP, acta de nacimiento en caso de ser menor de edad y recetas u orden de estudios.<\/span><\/p>\n<p style=\"text-align: justify;\">&nbsp;<\/p>\n<p style=\"text-align: justify;\"><span lang=\"ES-TRAD\" style=\"font-size: 14pt; font-family: arial, helvetica, sans-serif;\">Para recibir este beneficio deben comunicarse a DIF Sinaloa (7132323), CRRI Los Mochis (6688130009), CRRI Mazatl\u00e1n (6691230706), o bien, al DIF Municipal que corresponda. La atenci\u00f3n se brinda de lunes a viernes en un horario de 8 de la ma\u00f1ana a 3 de la tarde.<\/span><\/p>\n<p style=\"text-align: justify;\">&nbsp;<\/p>\n<p style=\"text-align: justify;\"><span style=\"font-size: 14pt; font-family: arial, helvetica, sans-serif;\">REDACCI\u00d3N\/VISI\u00d3N CIUDADANA.<\/span><\/p>\n","protected":false},"excerpt":{"rendered":"<p>Anuncia Rosy Fuentes de Ordaz, presidenta del Sistema DIF Sinaloa, lanzamiento de la campa\u00f1a de bienestar \u00a1Pura Salud!, con la cual se busca atender con diversos programas de asistencia social a los sectores m\u00e1s vulnerables. Con el respaldo del gobernador del Estado, Quirino Ordaz Coppel y con una inversi\u00f3n de 10 MDP se pone en [&hellip;]<\/p>\n","protected":false},"author":1,"featured_media":6135,"comment_status":"closed","ping_status":"closed","sticky":false,"template":"","format":"standard","meta":{"footnotes":""},"categories":[24],"tags":[],"ppma_author":[31],"class_list":["post-14529","post","type-post","status-publish","format-standard","has-post-thumbnail","hentry","category-relevantes"],"aioseo_notices":[],"authors":[{"term_id":31,"user_id":1,"is_guest":0,"slug":"ivan3vino","display_name":"Iv\u00e1n Trevi\u00f1o","avatar_url":{"url":"https:\/\/visionciudadana.com.mx\/oficial\/wp-content\/uploads\/2025\/09\/columna-ivan-Trevino.png","url2x":"https:\/\/visionciudadana.com.mx\/oficial\/wp-content\/uploads\/2025\/09\/columna-ivan-Trevino.png"},"0":null,"1":"","2":"","3":"","4":"","5":"","6":"","7":"","8":""}],"_links":{"self":[{"href":"https:\/\/visionciudadana.com.mx\/oficial\/wp-json\/wp\/v2\/posts\/14529","targetHints":{"allow":["GET"]}}],"collection":[{"href":"https:\/\/visionciudadana.com.mx\/oficial\/wp-json\/wp\/v2\/posts"}],"about":[{"href":"https:\/\/visionciudadana.com.mx\/oficial\/wp-json\/wp\/v2\/types\/post"}],"author":[{"embeddable":true,"href":"https:\/\/visionciudadana.com.mx\/oficial\/wp-json\/wp\/v2\/users\/1"}],"replies":[{"embeddable":true,"href":"https:\/\/visionciudadana.com.mx\/oficial\/wp-json\/wp\/v2\/comments?post=14529"}],"version-history":[{"count":1,"href":"https:\/\/visionciudadana.com.mx\/oficial\/wp-json\/wp\/v2\/posts\/14529\/revisions"}],"predecessor-version":[{"id":31622,"href":"https:\/\/visionciudadana.com.mx\/oficial\/wp-json\/wp\/v2\/posts\/14529\/revisions\/31622"}],"wp:featuredmedia":[{"embeddable":true,"href":"https:\/\/visionciudadana.com.mx\/oficial\/wp-json\/wp\/v2\/media\/6135"}],"wp:attachment":[{"href":"https:\/\/visionciudadana.com.mx\/oficial\/wp-json\/wp\/v2\/media?parent=14529"}],"wp:term":[{"taxonomy":"category","embeddable":true,"href":"https:\/\/visionciudadana.com.mx\/oficial\/wp-json\/wp\/v2\/categories?post=14529"},{"taxonomy":"post_tag","embeddable":true,"href":"https:\/\/visionciudadana.com.mx\/oficial\/wp-json\/wp\/v2\/tags?post=14529"},{"taxonomy":"author","embeddable":true,"href":"https:\/\/visionciudadana.com.mx\/oficial\/wp-json\/wp\/v2\/ppma_author?post=14529"}],"curies":[{"name":"wp","href":"https:\/\/api.w.org\/{rel}","templated":true}]}}