{"id":14528,"date":"2020-12-09T18:04:48","date_gmt":"2020-12-09T18:04:48","guid":{"rendered":"https:\/\/visionciudadana.com.mx\/prueba\/2020\/12\/09\/veo-a-movimiento-ciudadano-como-esquirol-de-morena-alejandro-moreno\/"},"modified":"2025-06-25T00:32:56","modified_gmt":"2025-06-25T00:32:56","slug":"veo-a-movimiento-ciudadano-como-esquirol-de-morena-alejandro-moreno","status":"publish","type":"post","link":"https:\/\/visionciudadana.com.mx\/oficial\/2020\/12\/09\/veo-a-movimiento-ciudadano-como-esquirol-de-morena-alejandro-moreno\/","title":{"rendered":"Veo a Movimiento Ciudadano como esquirol de MORENA: Alejandro Moreno"},"content":{"rendered":"<p><img fetchpriority=\"high\" decoding=\"async\" src=\"images\/2020\/dic20\/morena_insulta.jpg\" alt=\"morena insulta\" width=\"780\" height=\"420\" style=\"display: block; margin-left: auto; margin-right: auto;\" \/><\/p>\n<p class=\"x_MsoNormal\" style=\"text-align: justify;\"><span style=\"font-size: 14pt; font-family: arial, helvetica, sans-serif;\">Veo a Movimiento Ciudadano (MC) como un esquirol de Morena, que est\u00e1 haciendo el trabajo a la bancada y al partido oficial. Si quisieran verdaderamente construir una mayor\u00eda, estar\u00eda en esta coalici\u00f3n y lo \u00fanico que va a hacer, es dividir, o pretender dividir, el voto en algunos Distritos. Pero, aun as\u00ed, les vamos a ganar; afirm\u00f3 Alejandro Moreno, Presidente del Comit\u00e9 Ejecutivo Nacional (CEN) del Partido Revolucionario Institucional (PRI).<\/span><\/p>\n<p style=\"text-align: justify;\">&nbsp;<\/p>\n<p class=\"x_MsoNormal\" style=\"text-align: justify;\"><span style=\"font-size: 14pt; font-family: arial, helvetica, sans-serif;\">El dirigente del tricolor asegur\u00f3 que es una incongruencia que MC no se haya sumado a la alianza electoral, ya que \u201cdicen que no van con el PRI, seg\u00fan ellos, pero todos los que se llevan a su partido eran del PRI\u201d. Han dejado claro, enfatiz\u00f3, con hechos, que no est\u00e1n con el pa\u00eds, que no est\u00e1n con M\u00e9xico y que no apoyan la construcci\u00f3n de una coalici\u00f3n y una nueva mayor\u00eda.<\/span><\/p>\n<p style=\"text-align: justify;\">&nbsp;<\/p>\n<p class=\"x_MsoNormal\" style=\"text-align: justify;\"><span style=\"font-size: 14pt; font-family: arial, helvetica, sans-serif;\">En entrevista radiof\u00f3nica, el l\u00edder priista cuestion\u00f3 la&nbsp; presencia del partido&nbsp; ciudadano en las entidades federativas, as\u00ed como los resultados que obtuvo ese instituto pol\u00edtico en las elecciones de Hidalgo y de Coahuila.<\/span><\/p>\n<p style=\"text-align: justify;\">&nbsp;<\/p>\n<p class=\"x_MsoNormal\" style=\"text-align: justify;\"><span style=\"font-size: 14pt; font-family: arial, helvetica, sans-serif;\">El Presidente del CEN del PRI dej\u00f3 claro que hoy, se necesita del esfuerzo de todos, de trabajar en equipo y de sumar a quienes puedan colaborar. Reiter\u00f3 que \u201cvamos a ir con todo. Vamos a construir esta coalici\u00f3n en los Distritos. Y est\u00e1 en los hechos, no est\u00e1 en los dichos\u201d.<\/span><\/p>\n<p style=\"text-align: justify;\">&nbsp;<\/p>\n<p class=\"x_MsoNormal\" style=\"text-align: justify;\"><span style=\"font-size: 14pt; font-family: arial, helvetica, sans-serif;\">Los gobernadores del PRI, asever\u00f3, somos pol\u00edticos profesionales; construimos con la instituci\u00f3n presidencial. \u201cEl PRI no hace pol\u00edtica a gritos y a sombrerazos. Nosotros, sumamos, criticamos y construimos\u201d, respondi\u00f3 la cabeza del tricolor, al preguntarle sobre la relaci\u00f3n de los gobiernos estatales priistas&nbsp; con el gobierno federal. Recalc\u00f3 que su partido hace se\u00f1alamientos y cr\u00edticas&nbsp; al gobierno y a Morena, ya que no tienen la capacidad para dar resultados.<\/span><\/p>\n<p style=\"text-align: justify;\">&nbsp;<\/p>\n<p class=\"x_MsoNormal\" style=\"text-align: justify;\"><span style=\"font-size: 14pt; font-family: arial, helvetica, sans-serif;\">Por ello, advirti\u00f3 que es necesario sumar esfuerzos y voluntades, pensando en el pa\u00eds, para que no se desbarranque, que tenga crecimiento y desarrollo. \u201cLa gente va a confiar en una coalici\u00f3n, que es la que estamos construyendo; cercana a la gente, con resultados y con estructuras\u201d, puntualiz\u00f3 Alejandro Moreno.<\/span><\/p>\n<p style=\"text-align: justify;\">&nbsp;<\/p>\n<p style=\"text-align: justify;\"><span style=\"font-size: 14pt; font-family: arial, helvetica, sans-serif;\">REDACCI\u00d3N\/VISI\u00d3N CIUDADANA.<\/span><\/p>\n<div style=\"text-align: justify;\"><span style=\"font-size: 14pt; font-family: arial, helvetica, sans-serif;\"><\/span><\/div>\n","protected":false},"excerpt":{"rendered":"<p>Veo a Movimiento Ciudadano (MC) como un esquirol de Morena, que est\u00e1 haciendo el trabajo a la bancada y al partido oficial. Si quisieran verdaderamente construir una mayor\u00eda, estar\u00eda en esta coalici\u00f3n y lo \u00fanico que va a hacer, es dividir, o pretender dividir, el voto en algunos Distritos. Pero, aun as\u00ed, les vamos a [&hellip;]<\/p>\n","protected":false},"author":1,"featured_media":6133,"comment_status":"closed","ping_status":"closed","sticky":false,"template":"","format":"standard","meta":{"footnotes":""},"categories":[24],"tags":[],"ppma_author":[31],"class_list":["post-14528","post","type-post","status-publish","format-standard","has-post-thumbnail","hentry","category-relevantes"],"aioseo_notices":[],"authors":[{"term_id":31,"user_id":1,"is_guest":0,"slug":"ivan3vino","display_name":"Iv\u00e1n Trevi\u00f1o","avatar_url":{"url":"https:\/\/visionciudadana.com.mx\/oficial\/wp-content\/uploads\/2025\/09\/columna-ivan-Trevino.png","url2x":"https:\/\/visionciudadana.com.mx\/oficial\/wp-content\/uploads\/2025\/09\/columna-ivan-Trevino.png"},"0":null,"1":"","2":"","3":"","4":"","5":"","6":"","7":"","8":""}],"_links":{"self":[{"href":"https:\/\/visionciudadana.com.mx\/oficial\/wp-json\/wp\/v2\/posts\/14528","targetHints":{"allow":["GET"]}}],"collection":[{"href":"https:\/\/visionciudadana.com.mx\/oficial\/wp-json\/wp\/v2\/posts"}],"about":[{"href":"https:\/\/visionciudadana.com.mx\/oficial\/wp-json\/wp\/v2\/types\/post"}],"author":[{"embeddable":true,"href":"https:\/\/visionciudadana.com.mx\/oficial\/wp-json\/wp\/v2\/users\/1"}],"replies":[{"embeddable":true,"href":"https:\/\/visionciudadana.com.mx\/oficial\/wp-json\/wp\/v2\/comments?post=14528"}],"version-history":[{"count":1,"href":"https:\/\/visionciudadana.com.mx\/oficial\/wp-json\/wp\/v2\/posts\/14528\/revisions"}],"predecessor-version":[{"id":31623,"href":"https:\/\/visionciudadana.com.mx\/oficial\/wp-json\/wp\/v2\/posts\/14528\/revisions\/31623"}],"wp:featuredmedia":[{"embeddable":true,"href":"https:\/\/visionciudadana.com.mx\/oficial\/wp-json\/wp\/v2\/media\/6133"}],"wp:attachment":[{"href":"https:\/\/visionciudadana.com.mx\/oficial\/wp-json\/wp\/v2\/media?parent=14528"}],"wp:term":[{"taxonomy":"category","embeddable":true,"href":"https:\/\/visionciudadana.com.mx\/oficial\/wp-json\/wp\/v2\/categories?post=14528"},{"taxonomy":"post_tag","embeddable":true,"href":"https:\/\/visionciudadana.com.mx\/oficial\/wp-json\/wp\/v2\/tags?post=14528"},{"taxonomy":"author","embeddable":true,"href":"https:\/\/visionciudadana.com.mx\/oficial\/wp-json\/wp\/v2\/ppma_author?post=14528"}],"curies":[{"name":"wp","href":"https:\/\/api.w.org\/{rel}","templated":true}]}}