{"id":14520,"date":"2020-12-07T19:26:13","date_gmt":"2020-12-07T19:26:13","guid":{"rendered":"https:\/\/visionciudadana.com.mx\/prueba\/2020\/12\/07\/las-colonias-tienen-memoria-jesus-valdes\/"},"modified":"2025-06-25T00:32:57","modified_gmt":"2025-06-25T00:32:57","slug":"las-colonias-tienen-memoria-jesus-valdes","status":"publish","type":"post","link":"https:\/\/visionciudadana.com.mx\/oficial\/2020\/12\/07\/las-colonias-tienen-memoria-jesus-valdes\/","title":{"rendered":"Las colonias tienen memoria: Jes\u00fas Vald\u00e9s"},"content":{"rendered":"<p>&nbsp;<\/p>\n<p><img fetchpriority=\"high\" decoding=\"async\" src=\"images\/2020\/dic20\/las_colonias_no_olvidann.jpg\" alt=\"las colonias no olvidann\" width=\"780\" height=\"420\" style=\"display: block; margin-left: auto; margin-right: auto;\" \/><\/p>\n<p class=\"x_MsoNormal\" style=\"text-align: justify;\"><span style=\"font-size: 14pt; font-family: arial, helvetica, sans-serif;\"> Nuestro contacto con las colonias populares es permanente; el recoger sus propuestas y demandas, tambi\u00e9n forma parte de nuestra agenda de todos los d\u00edas, asegur\u00f3 el presidente estatal del PRI, Jes\u00fas Vald\u00e9s Palazuelos.<\/span><\/p>\n<p style=\"text-align: justify;\"><span style=\"font-size: 14pt; font-family: arial, helvetica, sans-serif;\"><\/span><\/p>\n<p class=\"x_MsoNormal\" style=\"text-align: justify;\"><span style=\"font-size: 14pt; font-family: arial, helvetica, sans-serif;\">Al continuar con los \u00abForos de participaci\u00f3n ciudadana\u00bb y ante los representantes de la Asociaci\u00f3n \u00abL\u00edderes Unidos de Culiac\u00e1n\u00bb que encabeza Mario Corona, Jes\u00fas Vald\u00e9s habl\u00f3 sobre la importancia de escuchar sus planteamientos y necesidades, \u00abya que con esa directriz,&nbsp; se elaborar\u00e1 la plataforma electoral 2021 con soluciones directas y un plan estrat\u00e9gico\u00bb, dijo.<\/span><\/p>\n<p style=\"text-align: justify;\"><span style=\"font-size: 14pt; font-family: arial, helvetica, sans-serif;\"><\/span><\/p>\n<p class=\"x_MsoNormal\" style=\"text-align: justify;\"><span style=\"font-size: 14pt; font-family: arial, helvetica, sans-serif;\">En la gira de trabajo n\u00famero 799 y acompa\u00f1ado de la secretaria general, Cinthia Valenzuela, adem\u00e1s del presidente del PRI Culiac\u00e1n, Julio Osuna, Jes\u00fas Vald\u00e9s record\u00f3 que el PRI es el \u00fanico partido que ha hecho trabajo de la mano con los colonos de Culiac\u00e1n, \u00absomos los \u00fanicos que hemos recorrido cada rinc\u00f3n de Culiac\u00e1n y sabemos de sus limitaciones, pero tambi\u00e9n somos los \u00fanicos que s\u00ed atendemos y que s\u00ed hemos gestionado para resolver\u00bb,&nbsp; sostuvo.<\/span><\/p>\n<p style=\"text-align: justify;\"><span style=\"font-size: 14pt; font-family: arial, helvetica, sans-serif;\"><\/span><\/p>\n<p class=\"x_MsoNormal\" style=\"text-align: justify;\"><span style=\"font-size: 14pt; font-family: arial, helvetica, sans-serif;\">Nosotros, al igual que la gente en las colonias, tenemos memoria y sabemos de sus necesidades, por eso el trabajo que realizamos en el PRI, es permanente y resolutivo, resalt\u00f3 el dirigente estatal.<\/span><\/p>\n<p style=\"text-align: justify;\"><span style=\"font-size: 14pt; font-family: arial, helvetica, sans-serif;\"><\/span><\/p>\n<p class=\"x_MsoNormal\" style=\"text-align: justify;\"><span style=\"font-size: 14pt; font-family: arial, helvetica, sans-serif;\">Jes\u00fas Vald\u00e9s destac\u00f3 que el ejemplo de trabajo los siete d\u00edas de la semana del gobernador Quirino Ordaz, es motivante para continuar apoyando a los diversos sectores sociales.<\/span><\/p>\n<p style=\"text-align: justify;\"><span style=\"font-size: 14pt; font-family: arial, helvetica, sans-serif;\"><\/span><\/p>\n<p class=\"x_MsoNormal\" style=\"text-align: justify;\"><span style=\"font-size: 14pt; font-family: arial, helvetica, sans-serif;\">En su mensaje, Cinthia Valenzuela, reconoci\u00f3 el trabajo de los l\u00edderes de colonias, a quienes describi\u00f3 como los mejores gestores para sus sectores en la b\u00fasqueda de soluciones a los problemas que enfrentan.<\/span><\/p>\n<p style=\"text-align: justify;\"><span style=\"font-size: 14pt; font-family: arial, helvetica, sans-serif;\"><\/span><\/p>\n<p class=\"x_MsoNormal\" style=\"text-align: justify;\"><span style=\"font-size: 14pt; font-family: arial, helvetica, sans-serif;\">A su vez, el presidente del PRI Culiac\u00e1n, Julio Osuna, se\u00f1al\u00f3 \u00abla directriz est\u00e1 marcada: hay que salir a las calles, recorrer las colonias y las sindicaturas para atender de manera personal a los ciudadanos y apoyarles en sus demandas.<\/span><\/p>\n<p style=\"text-align: justify;\"><span style=\"font-size: 14pt; font-family: arial, helvetica, sans-serif;\"><\/span><\/p>\n<p class=\"x_MsoNormal\" style=\"text-align: justify;\"><span style=\"font-size: 14pt; font-family: arial, helvetica, sans-serif;\">A su&nbsp; vez, Mario Corona, l\u00edder de la asociaci\u00f3n \u00abUnidos Culiac\u00e1n\u00bb, reconoci\u00f3 al PRI por ser un partido que siempre les ha apoyado y sobre todo, ha cumplido en lo que ha ofrecido.<\/span><\/p>\n<p style=\"text-align: justify;\"><span style=\"font-size: 14pt; font-family: arial, helvetica, sans-serif;\"><\/span><\/p>\n<p class=\"x_MsoNormal\" style=\"text-align: justify;\"><span style=\"font-size: 14pt; font-family: arial, helvetica, sans-serif;\">Asimismo, agradeci\u00f3 a Jes\u00fas Vald\u00e9s, a Cinthia Valenzuela y a Julio Osuna por el trabajo y el apoyo otorgado.<\/span><\/p>\n<p style=\"text-align: justify;\"><span style=\"font-size: 14pt; font-family: arial, helvetica, sans-serif;\"><\/span><\/p>\n<p class=\"x_MsoNormal\" style=\"text-align: justify;\"><span style=\"font-size: 14pt; font-family: arial, helvetica, sans-serif;\">Presentes en el foro, l\u00edderes de las colonias 5 de febrero; Vista hermosa; Amistad; Renato Vega, entre otras m\u00e1s.<\/span><\/p>\n<p style=\"text-align: justify;\"><span style=\"font-size: 14pt; font-family: arial, helvetica, sans-serif;\"><\/span><\/p>\n<div style=\"text-align: justify;\"><span style=\"font-size: 14pt; font-family: arial, helvetica, sans-serif;\"><\/span><\/div>\n<div style=\"text-align: justify;\"><span style=\"font-size: 14pt; font-family: arial, helvetica, sans-serif;\">REDACCI\u00d3N\/VISI\u00d3N CIUDADANA.<\/span><\/div>\n<div style=\"text-align: justify;\"><span style=\"font-size: 14pt; font-family: arial, helvetica, sans-serif;\"><\/span><\/div>\n","protected":false},"excerpt":{"rendered":"<p>&nbsp; Nuestro contacto con las colonias populares es permanente; el recoger sus propuestas y demandas, tambi\u00e9n forma parte de nuestra agenda de todos los d\u00edas, asegur\u00f3 el presidente estatal del PRI, Jes\u00fas Vald\u00e9s Palazuelos. Al continuar con los \u00abForos de participaci\u00f3n ciudadana\u00bb y ante los representantes de la Asociaci\u00f3n \u00abL\u00edderes Unidos de Culiac\u00e1n\u00bb que encabeza [&hellip;]<\/p>\n","protected":false},"author":1,"featured_media":6124,"comment_status":"closed","ping_status":"closed","sticky":false,"template":"","format":"standard","meta":{"footnotes":""},"categories":[13],"tags":[],"ppma_author":[31],"class_list":["post-14520","post","type-post","status-publish","format-standard","has-post-thumbnail","hentry","category-locales"],"aioseo_notices":[],"authors":[{"term_id":31,"user_id":1,"is_guest":0,"slug":"ivan3vino","display_name":"Iv\u00e1n Trevi\u00f1o","avatar_url":{"url":"https:\/\/visionciudadana.com.mx\/oficial\/wp-content\/uploads\/2025\/09\/columna-ivan-Trevino.png","url2x":"https:\/\/visionciudadana.com.mx\/oficial\/wp-content\/uploads\/2025\/09\/columna-ivan-Trevino.png"},"0":null,"1":"","2":"","3":"","4":"","5":"","6":"","7":"","8":""}],"_links":{"self":[{"href":"https:\/\/visionciudadana.com.mx\/oficial\/wp-json\/wp\/v2\/posts\/14520","targetHints":{"allow":["GET"]}}],"collection":[{"href":"https:\/\/visionciudadana.com.mx\/oficial\/wp-json\/wp\/v2\/posts"}],"about":[{"href":"https:\/\/visionciudadana.com.mx\/oficial\/wp-json\/wp\/v2\/types\/post"}],"author":[{"embeddable":true,"href":"https:\/\/visionciudadana.com.mx\/oficial\/wp-json\/wp\/v2\/users\/1"}],"replies":[{"embeddable":true,"href":"https:\/\/visionciudadana.com.mx\/oficial\/wp-json\/wp\/v2\/comments?post=14520"}],"version-history":[{"count":1,"href":"https:\/\/visionciudadana.com.mx\/oficial\/wp-json\/wp\/v2\/posts\/14520\/revisions"}],"predecessor-version":[{"id":31624,"href":"https:\/\/visionciudadana.com.mx\/oficial\/wp-json\/wp\/v2\/posts\/14520\/revisions\/31624"}],"wp:featuredmedia":[{"embeddable":true,"href":"https:\/\/visionciudadana.com.mx\/oficial\/wp-json\/wp\/v2\/posts\/6124"}],"wp:attachment":[{"href":"https:\/\/visionciudadana.com.mx\/oficial\/wp-json\/wp\/v2\/media?parent=14520"}],"wp:term":[{"taxonomy":"category","embeddable":true,"href":"https:\/\/visionciudadana.com.mx\/oficial\/wp-json\/wp\/v2\/categories?post=14520"},{"taxonomy":"post_tag","embeddable":true,"href":"https:\/\/visionciudadana.com.mx\/oficial\/wp-json\/wp\/v2\/tags?post=14520"},{"taxonomy":"author","embeddable":true,"href":"https:\/\/visionciudadana.com.mx\/oficial\/wp-json\/wp\/v2\/ppma_author?post=14520"}],"curies":[{"name":"wp","href":"https:\/\/api.w.org\/{rel}","templated":true}]}}