{"id":14518,"date":"2020-12-07T18:58:09","date_gmt":"2020-12-07T18:58:09","guid":{"rendered":"https:\/\/visionciudadana.com.mx\/prueba\/2020\/12\/07\/anuncian-cierre-de-la-iglesia-la-lomita-durante-los-dias-11-12-y-13-de-diciembre\/"},"modified":"2020-12-07T18:58:09","modified_gmt":"2020-12-07T18:58:09","slug":"anuncian-cierre-de-la-iglesia-la-lomita-durante-los-dias-11-12-y-13-de-diciembre","status":"publish","type":"post","link":"https:\/\/visionciudadana.com.mx\/oficial\/2020\/12\/07\/anuncian-cierre-de-la-iglesia-la-lomita-durante-los-dias-11-12-y-13-de-diciembre\/","title":{"rendered":"Anuncian cierre de la iglesia La Lomita durante los d\u00edas 11, 12 y 13 de diciembre"},"content":{"rendered":"<p>&nbsp;<\/p>\n<p><img fetchpriority=\"high\" decoding=\"async\" src=\"images\/2020\/dic20\/la_lomita_cln.jpg\" alt=\"la lomita cln\" width=\"780\" height=\"420\" style=\"display: block; margin-left: auto; margin-right: auto;\" \/><\/p>\n<p style=\"text-align: justify;\"><span style=\"font-size: 14pt; font-family: arial, helvetica, sans-serif;\">Anuncian cierre de la Iglesia La Lomita durante los d\u00edas 11, 12 y 13 de diciembre Culiac\u00e1n, Sin., a 07 de diciembre de 2020.- Ante la delicada situaci\u00f3n que se vive en el mundo con motivo de la contingencia sanitaria derivada del COVID-19, donde la capital sinaloense no ha quedado exenta, el Gobierno de Culiac\u00e1n, en coordinaci\u00f3n con las autoridades eclesi\u00e1sticas, ha decidido la suspensi\u00f3n de las actividades en la Iglesia La Lomita los d\u00edas 11, 12 y 13 de diciembre. <\/span><\/p>\n<p style=\"text-align: justify;\">&nbsp;<\/p>\n<p style=\"text-align: justify;\"><span style=\"font-size: 14pt; font-family: arial, helvetica, sans-serif;\">Oth\u00f3n Herrera y Cairo Yarahu\u00e1n, secretario del ayuntamiento, detall\u00f3 que, de la misma forma en que se procedi\u00f3 a resguardar la salud de los culiacanenses con el operativo en panteones con motivo del D\u00eda de Muertos, en esta ocasi\u00f3n tambi\u00e9n se buscar\u00e1 evitar aglomeraciones que propicien riesgos de contagio por coronavirus durante los festejos de la Virgen de Guadalupe. <\/span><\/p>\n<p style=\"text-align: justify;\">&nbsp;<\/p>\n<p style=\"text-align: justify;\"><span style=\"font-size: 14pt; font-family: arial, helvetica, sans-serif;\">\u201cPor ello, si quieren visitar y rendirle muestras de su fervor religioso lo hagan desde sus casas, o de manera ordenada y cubriendo los protocolos sanitarios desde hoy y hasta el d\u00eda 10 de diciembre, o bien del 14 de diciembre en adelante cuando existan condiciones favorables para prevenir la propagaci\u00f3n de esta letal enfermedad\u201d, expuso el funcionario. Oth\u00f3n Herrera destac\u00f3 que ha sido la misma sociedad la que ha pedido la suspensi\u00f3n de estas actividades tras presenciar el panorama actual que mantiene a Culiac\u00e1n en el color rojo del Sem\u00e1foro de Riesgo Epidemiol\u00f3gico.<\/span><\/p>\n<p style=\"text-align: justify;\">&nbsp;<\/p>\n<p style=\"text-align: justify;\"><span style=\"font-size: 14pt; font-family: arial, helvetica, sans-serif;\"> \u201cDebido a eso exhortamos respetuosamente a todas las personas del municipio, que se abstengan de hacer peregrinaciones, que no asistan y eviten arriesgar su salud y la de los dem\u00e1s, pues tenemos previsto un operativo coordinado de la Secretar\u00eda de Seguridad P\u00fablica Municipal, Protecci\u00f3n Civil, Polic\u00eda Estatal, Guardia Nacional, as\u00ed como personal de inspecci\u00f3n y vigilancia, y mercados, para impedir el paso a La Lomita\u201d, precis\u00f3. <\/span><\/p>\n<p style=\"text-align: justify;\">&nbsp;<\/p>\n<p style=\"text-align: justify;\"><span style=\"font-size: 14pt; font-family: arial, helvetica, sans-serif;\">Expuso que no se puede permitir que nuestra la posibilidad de un rebrote en Culiac\u00e1n y el resto del estado, porque debido a los efectos de la temporada invernal se corre el riesgo de que la situaci\u00f3n sanitaria se agrave y los efectos de este virus sean devastadores en perjuicio de la poblaci\u00f3n. <\/span><\/p>\n<p style=\"text-align: justify;\">&nbsp;<\/p>\n<p style=\"text-align: justify;\"><span style=\"font-size: 14pt; font-family: arial, helvetica, sans-serif;\">\u201cSobre todo en adultos mayores, mujeres embarazadas, personas vulnerables, ni\u00f1os y ni\u00f1as; por eso, les solicitamos muy atentamente a todos ustedes, medios de comunicaci\u00f3n, que nos ayuden a mantener informada a la sociedad sobre este particular, y podamos contribuir entre todos a la erradicaci\u00f3n del virus del COVID-19, y a la protecci\u00f3n de nuestros seres queridos\u201d, manifest\u00f3 Herrera y Cairo Yarahu\u00e1n. Finalmente, mencion\u00f3 que la misma Arquidi\u00f3cesis de M\u00e9xico ha mostrado una muy clara preocupaci\u00f3n por la actuaci\u00f3n de la sociedad mexicana ante la emergencia sanitaria. <\/span><\/p>\n<p style=\"text-align: justify;\">&nbsp;<\/p>\n<p style=\"text-align: justify;\"><span style=\"font-size: 14pt; font-family: arial, helvetica, sans-serif;\">Siendo el arzobispo primado de M\u00e9xico Monse\u00f1or Carlos Aguiar Retes, quien ha hecho el llamado urgente a todos los ciudadanos a limitar sus salidas, a evitar las reuniones innecesarias (especialmente en espacios cerrados), a extremar las medidas de prevenci\u00f3n y a reaccionar lo m\u00e1s pronto posible si existe la m\u00ednima sospecha de ser portadores del virus. Quien tambi\u00e9n ha expresado que este a\u00f1o la virgen ser\u00e1 quien visitar\u00e1 sus casas, para que cada uno pueda rendir culto desde la intimidad y la seguridad de sus hogares.<\/span><\/p>\n<p style=\"text-align: justify;\">&nbsp;<\/p>\n<p style=\"text-align: justify;\"><span style=\"font-size: 14pt; font-family: arial, helvetica, sans-serif;\">REDACCI\u00d3N\/VISI\u00d3N CIUDADANA.<\/span><\/p>\n","protected":false},"excerpt":{"rendered":"<p>&nbsp; Anuncian cierre de la Iglesia La Lomita durante los d\u00edas 11, 12 y 13 de diciembre Culiac\u00e1n, Sin., a 07 de diciembre de 2020.- Ante la delicada situaci\u00f3n que se vive en el mundo con motivo de la contingencia sanitaria derivada del COVID-19, donde la capital sinaloense no ha quedado exenta, el Gobierno de [&hellip;]<\/p>\n","protected":false},"author":1,"featured_media":6120,"comment_status":"open","ping_status":"closed","sticky":false,"template":"","format":"standard","meta":{"footnotes":""},"categories":[24],"tags":[],"ppma_author":[31],"class_list":["post-14518","post","type-post","status-publish","format-standard","has-post-thumbnail","hentry","category-relevantes"],"aioseo_notices":[],"authors":[{"term_id":31,"user_id":1,"is_guest":0,"slug":"ivan3vino","display_name":"Iv\u00e1n Trevi\u00f1o","avatar_url":{"url":"https:\/\/visionciudadana.com.mx\/oficial\/wp-content\/uploads\/2025\/09\/columna-ivan-Trevino.png","url2x":"https:\/\/visionciudadana.com.mx\/oficial\/wp-content\/uploads\/2025\/09\/columna-ivan-Trevino.png"},"0":null,"1":"","2":"","3":"","4":"","5":"","6":"","7":"","8":""}],"_links":{"self":[{"href":"https:\/\/visionciudadana.com.mx\/oficial\/wp-json\/wp\/v2\/posts\/14518","targetHints":{"allow":["GET"]}}],"collection":[{"href":"https:\/\/visionciudadana.com.mx\/oficial\/wp-json\/wp\/v2\/posts"}],"about":[{"href":"https:\/\/visionciudadana.com.mx\/oficial\/wp-json\/wp\/v2\/types\/post"}],"author":[{"embeddable":true,"href":"https:\/\/visionciudadana.com.mx\/oficial\/wp-json\/wp\/v2\/users\/1"}],"replies":[{"embeddable":true,"href":"https:\/\/visionciudadana.com.mx\/oficial\/wp-json\/wp\/v2\/comments?post=14518"}],"version-history":[{"count":0,"href":"https:\/\/visionciudadana.com.mx\/oficial\/wp-json\/wp\/v2\/posts\/14518\/revisions"}],"wp:featuredmedia":[{"embeddable":true,"href":"https:\/\/visionciudadana.com.mx\/oficial\/wp-json\/wp\/v2\/posts\/6120"}],"wp:attachment":[{"href":"https:\/\/visionciudadana.com.mx\/oficial\/wp-json\/wp\/v2\/media?parent=14518"}],"wp:term":[{"taxonomy":"category","embeddable":true,"href":"https:\/\/visionciudadana.com.mx\/oficial\/wp-json\/wp\/v2\/categories?post=14518"},{"taxonomy":"post_tag","embeddable":true,"href":"https:\/\/visionciudadana.com.mx\/oficial\/wp-json\/wp\/v2\/tags?post=14518"},{"taxonomy":"author","embeddable":true,"href":"https:\/\/visionciudadana.com.mx\/oficial\/wp-json\/wp\/v2\/ppma_author?post=14518"}],"curies":[{"name":"wp","href":"https:\/\/api.w.org\/{rel}","templated":true}]}}