{"id":14514,"date":"2020-12-05T02:47:34","date_gmt":"2020-12-05T02:47:34","guid":{"rendered":"https:\/\/visionciudadana.com.mx\/prueba\/2020\/12\/05\/el-sector-agricola-de-los-mas-afectados-con-la-4t-jesus-valdes\/"},"modified":"2020-12-05T02:47:34","modified_gmt":"2020-12-05T02:47:34","slug":"el-sector-agricola-de-los-mas-afectados-con-la-4t-jesus-valdes","status":"publish","type":"post","link":"https:\/\/visionciudadana.com.mx\/oficial\/2020\/12\/05\/el-sector-agricola-de-los-mas-afectados-con-la-4t-jesus-valdes\/","title":{"rendered":"El sector agr\u00edcola de los m\u00e1s afectados con la 4T: Jes\u00fas Vald\u00e9s."},"content":{"rendered":"<p>&nbsp;<\/p>\n<p><img fetchpriority=\"high\" decoding=\"async\" src=\"images\/2020\/dic20\/vision_2R.PNG\" alt=\"vision 2R\" width=\"499\" height=\"296\" style=\"display: block; margin-left: auto; margin-right: auto;\" \/><\/p>\n<p style=\"text-align: justify;\"><span style=\"font-size: 14pt; font-family: arial, helvetica, sans-serif;\">Continuando con los Foros de Participaci\u00f3n Ciudadana para la elaboraci\u00f3n de la plataforma electoral 2021, que realiza el PRI Sinaloa, se escucharon las propuestas de los agricultores en el municipio de Navolato.<\/span><\/p>\n<p style=\"text-align: justify;\">&nbsp;<\/p>\n<p style=\"text-align: justify;\"><span style=\"font-size: 14pt; font-family: arial, helvetica, sans-serif;\">El dirigente estatal, Jes\u00fas Vald\u00e9s Palazuelos, estuvo acompa\u00f1ado de la presidenta del PRI Navolato, Alma Leticia L\u00f3pez Ibarra; del secretario general, Juan Manuel Portllo; del el expresidente municipal de Navolato, Evelio Plata Inzunza y del dirigente del Comit\u00e9 Campesino # 11 Navolato, Arnoldo Verdugo Aguilar.<\/span><\/p>\n<p style=\"text-align: justify;\">&nbsp;<\/p>\n<p style=\"text-align: justify;\"><span style=\"font-size: 14pt; font-family: arial, helvetica, sans-serif;\">Vald\u00e9s Palazuelos, se\u00f1al\u00f3 que en estos foros se han escuchado con atenci\u00f3n la participaci\u00f3n de cada uno y esto servir\u00e1 para elaborar la plataforma electoral 2021.<\/span><\/p>\n<p style=\"text-align: justify;\">&nbsp;<\/p>\n<p style=\"text-align: justify;\"><span style=\"font-size: 14pt; font-family: arial, helvetica, sans-serif;\">Destac\u00f3, que gracias al gobierno de Andr\u00e9s Manuel L\u00f3pez Obrador, \u00abno hay un escenario m\u00e1s adverso en la historia moderna en nuestro pa\u00eds, que la que hoy estamos viviendo, por la falta de recursos en los diversos rubros\u201d.<\/span><\/p>\n<p style=\"text-align: justify;\">&nbsp;<\/p>\n<p style=\"text-align: justify;\"><span style=\"font-size: 14pt; font-family: arial, helvetica, sans-serif;\">Por otra parte, el l\u00edder partidista, visit\u00f3 la sindicatura de Aguaruto, donde se realiz\u00f3 una entrega m\u00e1s del programa Jornadas Vecinales.<\/span><\/p>\n<p style=\"text-align: justify;\">&nbsp;<\/p>\n<p style=\"text-align: justify;\"><span style=\"font-size: 14pt; font-family: arial, helvetica, sans-serif;\">\u201cCon estas acciones el partido, llega de manera directa con las familias m\u00e1s vulnerables, ante la situaci\u00f3n que estamos viviendo y la problem\u00e1tica de la econom\u00eda que est\u00e1 golpeando a las familias\u00bb, puntualiz\u00f3 Jes\u00fas Vald\u00e9s.<\/span><\/p>\n<p style=\"text-align: justify;\">&nbsp;<\/p>\n<p style=\"text-align: justify;\"><span style=\"font-size: 14pt; font-family: arial, helvetica, sans-serif;\">En Aguaruto, estuvieron presentes la secretaria general del PRI Sinaloa, Cinthia Valenzuela Langarica; las regidoras del PRI, Mar\u00eda Elisa Palazuelos Arenas y Tony Sarabia; el s\u00edndico, Obdulio Esquerra; del presidente del Fondo de Aseguramiento Agr\u00edcola 4 Caminos, Miguel Manuel Palazuelos.<\/span><\/p>\n<p style=\"text-align: justify;\">&nbsp;<\/p>\n<p style=\"text-align: justify;\">&nbsp;<\/p>\n<p style=\"text-align: justify;\">REDACCI\u00d3N\/VISI\u00d3N CIUDADANA&nbsp;<\/p>\n","protected":false},"excerpt":{"rendered":"<p>&nbsp; Continuando con los Foros de Participaci\u00f3n Ciudadana para la elaboraci\u00f3n de la plataforma electoral 2021, que realiza el PRI Sinaloa, se escucharon las propuestas de los agricultores en el municipio de Navolato. &nbsp; El dirigente estatal, Jes\u00fas Vald\u00e9s Palazuelos, estuvo acompa\u00f1ado de la presidenta del PRI Navolato, Alma Leticia L\u00f3pez Ibarra; del secretario general, [&hellip;]<\/p>\n","protected":false},"author":1,"featured_media":6113,"comment_status":"open","ping_status":"closed","sticky":false,"template":"","format":"standard","meta":{"footnotes":""},"categories":[24],"tags":[],"ppma_author":[31],"class_list":["post-14514","post","type-post","status-publish","format-standard","has-post-thumbnail","hentry","category-relevantes"],"aioseo_notices":[],"authors":[{"term_id":31,"user_id":1,"is_guest":0,"slug":"ivan3vino","display_name":"Iv\u00e1n Trevi\u00f1o","avatar_url":{"url":"https:\/\/visionciudadana.com.mx\/oficial\/wp-content\/uploads\/2025\/09\/columna-ivan-Trevino.png","url2x":"https:\/\/visionciudadana.com.mx\/oficial\/wp-content\/uploads\/2025\/09\/columna-ivan-Trevino.png"},"0":null,"1":"","2":"","3":"","4":"","5":"","6":"","7":"","8":""}],"_links":{"self":[{"href":"https:\/\/visionciudadana.com.mx\/oficial\/wp-json\/wp\/v2\/posts\/14514","targetHints":{"allow":["GET"]}}],"collection":[{"href":"https:\/\/visionciudadana.com.mx\/oficial\/wp-json\/wp\/v2\/posts"}],"about":[{"href":"https:\/\/visionciudadana.com.mx\/oficial\/wp-json\/wp\/v2\/types\/post"}],"author":[{"embeddable":true,"href":"https:\/\/visionciudadana.com.mx\/oficial\/wp-json\/wp\/v2\/users\/1"}],"replies":[{"embeddable":true,"href":"https:\/\/visionciudadana.com.mx\/oficial\/wp-json\/wp\/v2\/comments?post=14514"}],"version-history":[{"count":0,"href":"https:\/\/visionciudadana.com.mx\/oficial\/wp-json\/wp\/v2\/posts\/14514\/revisions"}],"wp:featuredmedia":[{"embeddable":true,"href":"https:\/\/visionciudadana.com.mx\/oficial\/wp-json\/wp\/v2\/media\/6113"}],"wp:attachment":[{"href":"https:\/\/visionciudadana.com.mx\/oficial\/wp-json\/wp\/v2\/media?parent=14514"}],"wp:term":[{"taxonomy":"category","embeddable":true,"href":"https:\/\/visionciudadana.com.mx\/oficial\/wp-json\/wp\/v2\/categories?post=14514"},{"taxonomy":"post_tag","embeddable":true,"href":"https:\/\/visionciudadana.com.mx\/oficial\/wp-json\/wp\/v2\/tags?post=14514"},{"taxonomy":"author","embeddable":true,"href":"https:\/\/visionciudadana.com.mx\/oficial\/wp-json\/wp\/v2\/ppma_author?post=14514"}],"curies":[{"name":"wp","href":"https:\/\/api.w.org\/{rel}","templated":true}]}}