{"id":14513,"date":"2020-12-05T02:40:17","date_gmt":"2020-12-05T02:40:17","guid":{"rendered":"https:\/\/visionciudadana.com.mx\/prueba\/2020\/12\/05\/proyecto-de-movimiento-ciudadano-y-sergio-torres-suma-cada-dia-a-mas-gente\/"},"modified":"2020-12-05T02:40:17","modified_gmt":"2020-12-05T02:40:17","slug":"proyecto-de-movimiento-ciudadano-y-sergio-torres-suma-cada-dia-a-mas-gente","status":"publish","type":"post","link":"https:\/\/visionciudadana.com.mx\/oficial\/2020\/12\/05\/proyecto-de-movimiento-ciudadano-y-sergio-torres-suma-cada-dia-a-mas-gente\/","title":{"rendered":"Proyecto de Movimiento Ciudadano y Sergio Torres suma cada d\u00eda a m\u00e1s gente\u00a0"},"content":{"rendered":"<p>&nbsp; &nbsp; &nbsp; &nbsp; &nbsp; &nbsp; &nbsp; &nbsp; &nbsp; &nbsp; &nbsp; &nbsp; &nbsp; &nbsp; &nbsp; &nbsp;&nbsp;<\/p>\n<p><img fetchpriority=\"high\" decoding=\"async\" src=\"images\/vision_1R.PNG\" alt=\"vision 1R\" width=\"410\" height=\"290\" style=\"display: block; margin-left: auto; margin-right: auto;\" \/><\/p>\n<p>&nbsp;<\/p>\n<p style=\"text-align: justify;\"><span style=\"font-size: 14pt; font-family: arial, helvetica, sans-serif;\">J\u00f3venes, adultos, hombres y mujeres, se suman cada d\u00eda a fortalecer el proyecto de Movimiento Ciudadano y Sergio Torres, con miras al proceso 2021.&nbsp;&nbsp;&nbsp;&nbsp;&nbsp;&nbsp;&nbsp;&nbsp;&nbsp;&nbsp;&nbsp;&nbsp;&nbsp;&nbsp;&nbsp;<\/span><\/p>\n<p>&nbsp;<\/p>\n<p style=\"text-align: justify;\"><span style=\"font-size: 14pt; font-family: arial, helvetica, sans-serif;\">&nbsp;En evento organizado por Ivanjob Valenzuela, y con la presencia del reci\u00e9n nombrado delegado en Sinaloa de MC, Roberto \u00abel G\u00fcero\u00bb Cruz, as\u00ed como el l\u00edder estatal, Cristhian Palacios, cerca de un centenar de personas manifestaron su adhesi\u00f3n y confianza en que este proyecto ser\u00e1 un \u00e9xito en el 2021 y marcar\u00e1 una nueva historia para las familias sinaloenses.&nbsp;&nbsp;&nbsp;&nbsp;&nbsp;&nbsp;<\/span><\/p>\n<p>&nbsp;<\/p>\n<p style=\"text-align: justify;\"><span style=\"font-size: 14pt; font-family: arial, helvetica, sans-serif;\">Sergio Torres manifest\u00f3 que poco a pico, pero en forma firme y constante, crece y se consolida este proyecto donde caben todas las voces, con igualdad de oportunidades, para marcar el camino a seguir para el desarrollo de Sinaloa.&nbsp;&nbsp;&nbsp;&nbsp;&nbsp;&nbsp;&nbsp;&nbsp;<\/span><\/p>\n<p style=\"text-align: justify;\"><span style=\"font-size: 14pt; font-family: arial, helvetica, sans-serif;\"><\/span><\/p>\n<p style=\"text-align: justify;\"><span style=\"font-size: 14pt; font-family: arial, helvetica, sans-serif;\">&nbsp;Agradeci\u00f3 las manifestaciones de apoyo brindadas al proyecto, pues significa \u00abque estamos en el camino correcto para dar a Sinaloa el cambio real que se necesita para beneficiar a todas las familias sinaloenses\u00bb.<\/span><\/p>\n<p>&nbsp;<\/p>\n<p>&nbsp;<\/p>\n<p><span style=\"font-size: 14pt;\">REDACCI\u00d3N\/VISI\u00d3N CIUDADANA&nbsp;<\/span><\/p>\n","protected":false},"excerpt":{"rendered":"<p>&nbsp; &nbsp; &nbsp; &nbsp; &nbsp; &nbsp; &nbsp; &nbsp; &nbsp; &nbsp; &nbsp; &nbsp; &nbsp; &nbsp; &nbsp; &nbsp;&nbsp; &nbsp; J\u00f3venes, adultos, hombres y mujeres, se suman cada d\u00eda a fortalecer el proyecto de Movimiento Ciudadano y Sergio Torres, con miras al proceso 2021.&nbsp;&nbsp;&nbsp;&nbsp;&nbsp;&nbsp;&nbsp;&nbsp;&nbsp;&nbsp;&nbsp;&nbsp;&nbsp;&nbsp;&nbsp; &nbsp; &nbsp;En evento organizado por Ivanjob Valenzuela, y con la presencia del reci\u00e9n nombrado [&hellip;]<\/p>\n","protected":false},"author":1,"featured_media":6111,"comment_status":"open","ping_status":"closed","sticky":false,"template":"","format":"standard","meta":{"footnotes":""},"categories":[24],"tags":[],"ppma_author":[31],"class_list":["post-14513","post","type-post","status-publish","format-standard","has-post-thumbnail","hentry","category-relevantes"],"aioseo_notices":[],"authors":[{"term_id":31,"user_id":1,"is_guest":0,"slug":"ivan3vino","display_name":"Iv\u00e1n Trevi\u00f1o","avatar_url":{"url":"https:\/\/visionciudadana.com.mx\/oficial\/wp-content\/uploads\/2025\/09\/columna-ivan-Trevino.png","url2x":"https:\/\/visionciudadana.com.mx\/oficial\/wp-content\/uploads\/2025\/09\/columna-ivan-Trevino.png"},"0":null,"1":"","2":"","3":"","4":"","5":"","6":"","7":"","8":""}],"_links":{"self":[{"href":"https:\/\/visionciudadana.com.mx\/oficial\/wp-json\/wp\/v2\/posts\/14513","targetHints":{"allow":["GET"]}}],"collection":[{"href":"https:\/\/visionciudadana.com.mx\/oficial\/wp-json\/wp\/v2\/posts"}],"about":[{"href":"https:\/\/visionciudadana.com.mx\/oficial\/wp-json\/wp\/v2\/types\/post"}],"author":[{"embeddable":true,"href":"https:\/\/visionciudadana.com.mx\/oficial\/wp-json\/wp\/v2\/users\/1"}],"replies":[{"embeddable":true,"href":"https:\/\/visionciudadana.com.mx\/oficial\/wp-json\/wp\/v2\/comments?post=14513"}],"version-history":[{"count":0,"href":"https:\/\/visionciudadana.com.mx\/oficial\/wp-json\/wp\/v2\/posts\/14513\/revisions"}],"wp:featuredmedia":[{"embeddable":true,"href":"https:\/\/visionciudadana.com.mx\/oficial\/wp-json\/wp\/v2\/media\/6111"}],"wp:attachment":[{"href":"https:\/\/visionciudadana.com.mx\/oficial\/wp-json\/wp\/v2\/media?parent=14513"}],"wp:term":[{"taxonomy":"category","embeddable":true,"href":"https:\/\/visionciudadana.com.mx\/oficial\/wp-json\/wp\/v2\/categories?post=14513"},{"taxonomy":"post_tag","embeddable":true,"href":"https:\/\/visionciudadana.com.mx\/oficial\/wp-json\/wp\/v2\/tags?post=14513"},{"taxonomy":"author","embeddable":true,"href":"https:\/\/visionciudadana.com.mx\/oficial\/wp-json\/wp\/v2\/ppma_author?post=14513"}],"curies":[{"name":"wp","href":"https:\/\/api.w.org\/{rel}","templated":true}]}}