{"id":14506,"date":"2020-12-03T18:25:31","date_gmt":"2020-12-03T18:25:31","guid":{"rendered":"https:\/\/visionciudadana.com.mx\/prueba\/2020\/12\/03\/movimiento-ciudadano-ya-agarro-vuelo-sergio-torres\/"},"modified":"2020-12-03T18:25:31","modified_gmt":"2020-12-03T18:25:31","slug":"movimiento-ciudadano-ya-agarro-vuelo-sergio-torres","status":"publish","type":"post","link":"https:\/\/visionciudadana.com.mx\/oficial\/2020\/12\/03\/movimiento-ciudadano-ya-agarro-vuelo-sergio-torres\/","title":{"rendered":"Movimiento Ciudadano ya agarr\u00f3 vuelo: Sergio Torres"},"content":{"rendered":"<p>&nbsp;<\/p>\n<p><img fetchpriority=\"high\" decoding=\"async\" src=\"images\/2020\/NOV20\/DIC20\/Checho_torr.PNG\" alt=\"Checho torr\" width=\"449\" height=\"271\" style=\"display: block; margin-left: auto; margin-right: auto;\" \/><\/p>\n<p style=\"text-align: justify;\"><span style=\"font-size: 14pt; font-family: arial, helvetica, sans-serif;\">Tras recorrer casi todos los municipios del estado, Sergio Torres asegur\u00f3 que la gente quiere formar parte de este proyecto a favor de las familias sinaloenses, y puntualiz\u00f3 \u00abesto va bien, ya agarr\u00f3 vuelo\u00bb.&nbsp;&nbsp;&nbsp;&nbsp;&nbsp;&nbsp;&nbsp;&nbsp;&nbsp;&nbsp;&nbsp;&nbsp;&nbsp;&nbsp;&nbsp;&nbsp;&nbsp;&nbsp;&nbsp;&nbsp; <\/span><\/p>\n<p>&nbsp;<\/p>\n<p style=\"text-align: justify;\"><span style=\"font-size: 14pt; font-family: arial, helvetica, sans-serif;\">Ante medios de comunicaci\u00f3n de la ciudad capital, se\u00f1al\u00f3 recibir en forma constante quejas por la deficiente prestaci\u00f3n de servicios p\u00fablicos municipales; que quienes encabezan los ayuntamientos act\u00faan con desaseo presupuestal y con un gran distanciamiento con la ciudadan\u00eda, formula que, dijo: \u00bb es muy da\u00f1ina, donde siempre pierde la sociedad\u00bb.&nbsp;&nbsp;&nbsp;&nbsp;&nbsp;&nbsp;&nbsp;&nbsp;&nbsp;&nbsp;&nbsp;&nbsp;&nbsp; <\/span><\/p>\n<p>&nbsp;<\/p>\n<p style=\"text-align: justify;\"><span style=\"font-size: 14pt; font-family: arial, helvetica, sans-serif;\">De la administraci\u00f3n federal se\u00f1al\u00f3: este gobierno federal es un gran fracaso en la econom\u00eda, el combate a la pobreza, la salud, la inseguridad y el combate a la corrupci\u00f3n.&nbsp;&nbsp;&nbsp;&nbsp;&nbsp;&nbsp;&nbsp;&nbsp;&nbsp;&nbsp;&nbsp;&nbsp;&nbsp;&nbsp;&nbsp;&nbsp;&nbsp;&nbsp;&nbsp;&nbsp;&nbsp;&nbsp;&nbsp;&nbsp;&nbsp;&nbsp;&nbsp;&nbsp;<\/span><\/p>\n<p>&nbsp;<\/p>\n<p style=\"text-align: justify;\"><span style=\"font-size: 14pt; font-family: arial, helvetica, sans-serif;\"> \u00abEn estos primeros dos a\u00f1os, se\u00f1ala Sergio Torres, hay un menos 10 por ciento de crecimiento econ\u00f3mico; 12 millones m\u00e1s de pobres; m\u00e1s de 100 mil muertos por covid y m\u00e1s de 100 mil muertes por causa de la violencia. 2019 destaca como el a\u00f1o m\u00e1s violento en la historia de M\u00e9xico.&nbsp; &nbsp; &nbsp; &nbsp; &nbsp; &nbsp; &nbsp; &nbsp; &nbsp; &nbsp; &nbsp; &nbsp; &nbsp; &nbsp; &nbsp;&nbsp;<\/span><\/p>\n<p>&nbsp;<\/p>\n<p style=\"text-align: justify;\"><span style=\"font-size: 14pt; font-family: arial, helvetica, sans-serif;\"> Y como ejemplo de desaseo presupuestal y corrupci\u00f3n del gobierno federal expres\u00f3 que en estos dos a\u00f1os se han adjudicado, compras y obras, de forma directa, sin licitaci\u00f3n ni informaci\u00f3n alguna, como en ning\u00fan otro gobierno.<\/span><\/p>\n<p>&nbsp;<\/p>\n<p style=\"text-align: justify;\">&nbsp;<\/p>\n<p style=\"text-align: justify;\"><span style=\"font-size: 14pt; font-family: arial, helvetica, sans-serif;\">REDACCI\u00d3N\/VISI\u00d3N CIUDADANA.<\/span><\/p>\n","protected":false},"excerpt":{"rendered":"<p>&nbsp; Tras recorrer casi todos los municipios del estado, Sergio Torres asegur\u00f3 que la gente quiere formar parte de este proyecto a favor de las familias sinaloenses, y puntualiz\u00f3 \u00abesto va bien, ya agarr\u00f3 vuelo\u00bb.&nbsp;&nbsp;&nbsp;&nbsp;&nbsp;&nbsp;&nbsp;&nbsp;&nbsp;&nbsp;&nbsp;&nbsp;&nbsp;&nbsp;&nbsp;&nbsp;&nbsp;&nbsp;&nbsp;&nbsp; &nbsp; Ante medios de comunicaci\u00f3n de la ciudad capital, se\u00f1al\u00f3 recibir en forma constante quejas por la deficiente prestaci\u00f3n de [&hellip;]<\/p>\n","protected":false},"author":1,"featured_media":6103,"comment_status":"open","ping_status":"closed","sticky":false,"template":"","format":"standard","meta":{"footnotes":""},"categories":[24],"tags":[],"ppma_author":[31],"class_list":["post-14506","post","type-post","status-publish","format-standard","has-post-thumbnail","hentry","category-relevantes"],"aioseo_notices":[],"authors":[{"term_id":31,"user_id":1,"is_guest":0,"slug":"ivan3vino","display_name":"Iv\u00e1n Trevi\u00f1o","avatar_url":{"url":"https:\/\/visionciudadana.com.mx\/oficial\/wp-content\/uploads\/2025\/09\/columna-ivan-Trevino.png","url2x":"https:\/\/visionciudadana.com.mx\/oficial\/wp-content\/uploads\/2025\/09\/columna-ivan-Trevino.png"},"0":null,"1":"","2":"","3":"","4":"","5":"","6":"","7":"","8":""}],"_links":{"self":[{"href":"https:\/\/visionciudadana.com.mx\/oficial\/wp-json\/wp\/v2\/posts\/14506","targetHints":{"allow":["GET"]}}],"collection":[{"href":"https:\/\/visionciudadana.com.mx\/oficial\/wp-json\/wp\/v2\/posts"}],"about":[{"href":"https:\/\/visionciudadana.com.mx\/oficial\/wp-json\/wp\/v2\/types\/post"}],"author":[{"embeddable":true,"href":"https:\/\/visionciudadana.com.mx\/oficial\/wp-json\/wp\/v2\/users\/1"}],"replies":[{"embeddable":true,"href":"https:\/\/visionciudadana.com.mx\/oficial\/wp-json\/wp\/v2\/comments?post=14506"}],"version-history":[{"count":0,"href":"https:\/\/visionciudadana.com.mx\/oficial\/wp-json\/wp\/v2\/posts\/14506\/revisions"}],"wp:featuredmedia":[{"embeddable":true,"href":"https:\/\/visionciudadana.com.mx\/oficial\/wp-json\/wp\/v2\/media\/6103"}],"wp:attachment":[{"href":"https:\/\/visionciudadana.com.mx\/oficial\/wp-json\/wp\/v2\/media?parent=14506"}],"wp:term":[{"taxonomy":"category","embeddable":true,"href":"https:\/\/visionciudadana.com.mx\/oficial\/wp-json\/wp\/v2\/categories?post=14506"},{"taxonomy":"post_tag","embeddable":true,"href":"https:\/\/visionciudadana.com.mx\/oficial\/wp-json\/wp\/v2\/tags?post=14506"},{"taxonomy":"author","embeddable":true,"href":"https:\/\/visionciudadana.com.mx\/oficial\/wp-json\/wp\/v2\/ppma_author?post=14506"}],"curies":[{"name":"wp","href":"https:\/\/api.w.org\/{rel}","templated":true}]}}