{"id":14504,"date":"2020-12-03T18:17:05","date_gmt":"2020-12-03T18:17:05","guid":{"rendered":"https:\/\/visionciudadana.com.mx\/prueba\/2020\/12\/03\/gobierno-de-morena-reprobado-en-su-gabinete\/"},"modified":"2020-12-03T18:17:05","modified_gmt":"2020-12-03T18:17:05","slug":"gobierno-de-morena-reprobado-en-su-gabinete","status":"publish","type":"post","link":"https:\/\/visionciudadana.com.mx\/oficial\/2020\/12\/03\/gobierno-de-morena-reprobado-en-su-gabinete\/","title":{"rendered":"Gobierno de Morena reprobado en su gabinete"},"content":{"rendered":"<p style=\"text-align: justify;\">&nbsp;<\/p>\n<p style=\"text-align: justify;\"><img fetchpriority=\"high\" decoding=\"async\" src=\"images\/2020\/NOV20\/DIC20\/gabinete_amlo.PNG\" alt=\"gabinete amlo\" width=\"424\" height=\"235\" style=\"display: block; margin-left: auto; margin-right: auto;\" \/><\/p>\n<p class=\"x_MsoNormal\" style=\"text-align: justify;\"><span style=\"font-size: 14pt; font-family: arial, helvetica, sans-serif;\">Tenemos un Gobierno de Morena reprobado en su gabinete y que no ha tenido la capacidad para resolver los grandes temas del pa\u00eds, como muestran los m\u00e1s de 7 mil 500 feminicidios, y los m\u00e1s de 2 mil 600 secuestros en lo que va de esta administraci\u00f3n, consider\u00f3 Alejandro Moreno, Presidente del Comit\u00e9 Ejecutivo Nacional (CEN) del Partido Revolucionario Institucional (PRI).<\/span><\/p>\n<p style=\"text-align: justify;\">&nbsp;<\/p>\n<p class=\"x_MsoNormal\" style=\"text-align: justify;\"><span style=\"font-size: 14pt; font-family: arial, helvetica, sans-serif;\">Al realizar un balance del Segundo Informe del Gobierno federal,&nbsp; el dirigente del tricolor asegur\u00f3 que tenemos un gobierno que no ha tenido la capacidad para resolver los grandes temas del pa\u00eds, como muestran los m\u00e1s de 7 mil 500 feminicidios y los m\u00e1s de 2 mil 600 secuestros, en lo que va de esta Administraci\u00f3n.<\/span><\/p>\n<p style=\"text-align: justify;\">&nbsp;<\/p>\n<p class=\"x_MsoNormal\" style=\"text-align: justify;\"><span style=\"font-size: 14pt; font-family: arial, helvetica, sans-serif;\">El l\u00edder priista advirti\u00f3 que en 2020, de acuerdo con el Consejo Nacional de Evaluaci\u00f3n de la Pol\u00edtica de Desarrollo Social&nbsp; (Coneval), se van a incorporar m\u00e1s de 10 millones de pobres en M\u00e9xico, adem\u00e1s de que ha ca\u00eddo la econom\u00eda, no hay inversi\u00f3n, no hay desarrollo y se ha perdido el presupuesto para atender a mujeres; sector que ha sufrido m\u00e1s de 750 feminicidios en lo que va del a\u00f1o.<\/span><\/p>\n<p style=\"text-align: justify;\">&nbsp;<\/p>\n<p class=\"x_MsoNormal\" style=\"text-align: justify;\"><span style=\"font-size: 14pt; font-family: arial, helvetica, sans-serif;\">Alejandro Moreno record\u00f3 que hay m\u00e1s de cien mil muertos por la pandemia en el pa\u00eds y .se tiene la tasa de mortalidad m\u00e1s alta, \u201cdebido a la falta de un gobierno eficaz y eficiente\u201d, por lo que a nivel internacional se considera que tenemos los peores resultados en el manejo del Covid-19. Se gobierna, indic\u00f3, con ocurrencias, como en el caso de Tabasco, en donde se inundaron las zonas m\u00e1s vulnerables, \u201ccomo decisi\u00f3n de c\u00e1lculo mal planeada\u201d.<\/span><\/p>\n<p style=\"text-align: justify;\">&nbsp;<\/p>\n<p class=\"x_MsoNormal\" style=\"text-align: justify;\"><span style=\"font-size: 14pt; font-family: arial, helvetica, sans-serif;\">En una mesa de an\u00e1lisis, transmitida por Televisa, el dirigente del tricolor calific\u00f3 el mensaje del Ejecutivo federal como demasiado optimista y poco realista, ante los nulos resultados. Hizo hincapi\u00e9 en que no hay vacunas contra la polio, el sarampi\u00f3n o la influenza, adem\u00e1s de la escases de medicamentos.<\/span><\/p>\n<p style=\"text-align: justify;\">&nbsp;<\/p>\n<p class=\"x_MsoNormal\" style=\"text-align: justify;\"><span style=\"font-size: 14pt; font-family: arial, helvetica, sans-serif;\">Lo que se necesita construir, consider\u00f3 el Presidente del Revolucionario Institucional, son resultados y respuestas. Hay muy buenas intenciones, subray\u00f3, pero hay pocos resultados, lo que queremos es generar turismo, inversi\u00f3n, que haya salud, trabajar en temas del cambio clim\u00e1tico y poder a hacer de M\u00e9xico un pa\u00eds moderno.<\/span><\/p>\n<p style=\"text-align: justify;\">&nbsp;<\/p>\n<p class=\"x_MsoNormal\" style=\"text-align: justify;\"><span style=\"font-size: 14pt; font-family: arial, helvetica, sans-serif;\">\u201cNosotros estamos para trabajar por el pa\u00eds, darles certeza a los empresarios, generar empleos en todo M\u00e9xico, para que los ciudadanos tengan una mejor calidad de vida\u201d, asegur\u00f3 el l\u00edder priista. Agreg\u00f3 que hay preocupaci\u00f3n por las iniciativas presentadas por el gobierno federal, entre las que hay propuestas que parecen nuevos impuestos, que pueden afectar a los micro y medianos empresarios, golpear al sector productivo y hacer perder cinco millones de empleos el pr\u00f3ximo a\u00f1o.<\/span><\/p>\n<p style=\"text-align: justify;\">&nbsp;<\/p>\n<p class=\"x_MsoNormal\" style=\"text-align: justify;\"><span style=\"font-size: 14pt; font-family: arial, helvetica, sans-serif;\">Finalmente, Alejandro Moreno afirm\u00f3 que, ante la falta de resultados,&nbsp; es necesario que el gobierno federal&nbsp; realice propuestas claras, que escuche a la oposici\u00f3n y que reconozca sus errores, \u201cporque lo que se quiere es que le vaya bien a M\u00e9xico\u201d. Por ello, exhort\u00f3 a construir una nueva mayor\u00eda en las elecciones del pr\u00f3ximo a\u00f1o, en las que el ciudadano participe, tras destacar que en Coahuila e Hidalgo ya le dijeron no al oficialismo y Morena, por su incapacidad e inexperiencia.<\/span><\/p>\n<p style=\"text-align: justify;\">&nbsp;<\/p>\n<p style=\"text-align: justify;\"><span style=\"font-size: 14pt; font-family: arial, helvetica, sans-serif;\">REDACCI\u00d3N\/VISI\u00d3N CIUDADANA.<\/span><\/p>\n","protected":false},"excerpt":{"rendered":"<p>&nbsp; Tenemos un Gobierno de Morena reprobado en su gabinete y que no ha tenido la capacidad para resolver los grandes temas del pa\u00eds, como muestran los m\u00e1s de 7 mil 500 feminicidios, y los m\u00e1s de 2 mil 600 secuestros en lo que va de esta administraci\u00f3n, consider\u00f3 Alejandro Moreno, Presidente del Comit\u00e9 Ejecutivo [&hellip;]<\/p>\n","protected":false},"author":1,"featured_media":6100,"comment_status":"open","ping_status":"closed","sticky":false,"template":"","format":"standard","meta":{"footnotes":""},"categories":[13],"tags":[],"ppma_author":[31],"class_list":["post-14504","post","type-post","status-publish","format-standard","has-post-thumbnail","hentry","category-locales"],"aioseo_notices":[],"authors":[{"term_id":31,"user_id":1,"is_guest":0,"slug":"ivan3vino","display_name":"Iv\u00e1n Trevi\u00f1o","avatar_url":{"url":"https:\/\/visionciudadana.com.mx\/oficial\/wp-content\/uploads\/2025\/09\/columna-ivan-Trevino.png","url2x":"https:\/\/visionciudadana.com.mx\/oficial\/wp-content\/uploads\/2025\/09\/columna-ivan-Trevino.png"},"0":null,"1":"","2":"","3":"","4":"","5":"","6":"","7":"","8":""}],"_links":{"self":[{"href":"https:\/\/visionciudadana.com.mx\/oficial\/wp-json\/wp\/v2\/posts\/14504","targetHints":{"allow":["GET"]}}],"collection":[{"href":"https:\/\/visionciudadana.com.mx\/oficial\/wp-json\/wp\/v2\/posts"}],"about":[{"href":"https:\/\/visionciudadana.com.mx\/oficial\/wp-json\/wp\/v2\/types\/post"}],"author":[{"embeddable":true,"href":"https:\/\/visionciudadana.com.mx\/oficial\/wp-json\/wp\/v2\/users\/1"}],"replies":[{"embeddable":true,"href":"https:\/\/visionciudadana.com.mx\/oficial\/wp-json\/wp\/v2\/comments?post=14504"}],"version-history":[{"count":0,"href":"https:\/\/visionciudadana.com.mx\/oficial\/wp-json\/wp\/v2\/posts\/14504\/revisions"}],"wp:featuredmedia":[{"embeddable":true,"href":"https:\/\/visionciudadana.com.mx\/oficial\/wp-json\/wp\/v2\/media\/6100"}],"wp:attachment":[{"href":"https:\/\/visionciudadana.com.mx\/oficial\/wp-json\/wp\/v2\/media?parent=14504"}],"wp:term":[{"taxonomy":"category","embeddable":true,"href":"https:\/\/visionciudadana.com.mx\/oficial\/wp-json\/wp\/v2\/categories?post=14504"},{"taxonomy":"post_tag","embeddable":true,"href":"https:\/\/visionciudadana.com.mx\/oficial\/wp-json\/wp\/v2\/tags?post=14504"},{"taxonomy":"author","embeddable":true,"href":"https:\/\/visionciudadana.com.mx\/oficial\/wp-json\/wp\/v2\/ppma_author?post=14504"}],"curies":[{"name":"wp","href":"https:\/\/api.w.org\/{rel}","templated":true}]}}