{"id":14503,"date":"2020-12-03T18:07:39","date_gmt":"2020-12-03T18:07:39","guid":{"rendered":"https:\/\/visionciudadana.com.mx\/prueba\/2020\/12\/03\/promueven-campana-navidad-consume-sinaloa-en-apoyo-al-consumo-local-y-a-emprendedores\/"},"modified":"2020-12-03T18:07:39","modified_gmt":"2020-12-03T18:07:39","slug":"promueven-campana-navidad-consume-sinaloa-en-apoyo-al-consumo-local-y-a-emprendedores","status":"publish","type":"post","link":"https:\/\/visionciudadana.com.mx\/oficial\/2020\/12\/03\/promueven-campana-navidad-consume-sinaloa-en-apoyo-al-consumo-local-y-a-emprendedores\/","title":{"rendered":"Promueven campa\u00f1a \u00abNavidad Consume Sinaloa\u00bb en apoyo al consumo local y a emprendedores"},"content":{"rendered":"<p><img fetchpriority=\"high\" decoding=\"async\" src=\"images\/2020\/NOV20\/DIC20\/navidad_consume_sinaloa.PNG\" alt=\"navidad consume sinaloa\" width=\"428\" height=\"255\" style=\"display: block; margin-left: auto; margin-right: auto;\" \/><\/p>\n<p class=\"x_MsoNormal\" style=\"text-align: justify;\"><span style=\"font-size: 14pt; font-family: arial, helvetica, sans-serif;\">La Secretar\u00eda de Econom\u00eda dio a conocer la campa\u00f1a \u201cNavidad Consume Sinaloa\u201d en la cual se promover\u00e1 el consumo local con la que se apoya a emprendedores y MiPyMES del estado.<\/span><\/p>\n<p style=\"text-align: justify;\">&nbsp;<\/p>\n<p class=\"x_MsoNormal\" style=\"text-align: justify;\"><span style=\"font-size: 14pt; font-family: arial, helvetica, sans-serif;\">En su mensaje de arranque de esta campa\u00f1a, el Secretario de Econom\u00eda, Javier Liz\u00e1rraga Mercado, dijo que con la reapertura de establecimientos en Sinaloa empresas de todo tipo volvieron a reabrir sus negocios con lo cual la generaci\u00f3n de empleos nuevos se ha ido recuperando poco a poco.<\/span><\/p>\n<p style=\"text-align: justify;\">&nbsp;<\/p>\n<p class=\"x_MsoNormal\" style=\"text-align: justify;\"><span style=\"font-size: 14pt; font-family: arial, helvetica, sans-serif;\">\u201cCon esta campa\u00f1a que mejor que ayudar a las MiPyMES de los 18 municipios. Consumiendo sus productos y servicios de forma local, es consumir buenos y extraordinarios productos hechos, creados y confeccionados en Sinaloa\u201d, destac\u00f3.<\/span><\/p>\n<p style=\"text-align: justify;\">&nbsp;<\/p>\n<p class=\"x_MsoNormal\" style=\"text-align: justify;\"><span style=\"font-size: 14pt; font-family: arial, helvetica, sans-serif;\">Dijo que si pensamos en lo local, fortaleceremos la econom\u00eda de Sinaloa y saldremos unidos y fortalecidos de frente a la pandemia del COVID-19.<\/span><\/p>\n<p style=\"text-align: justify;\">&nbsp;<\/p>\n<p class=\"x_MsoNormal\" style=\"text-align: justify;\"><span style=\"font-size: 14pt; font-family: arial, helvetica, sans-serif;\">\u201cAhora en Navidad hay que hacer compras y consumir productos y servicios sinaloenses, es la mejor forma de ayudarnos y salir m\u00e1s r\u00e1pido de la pandemia. El Gobernador Quirino Ordaz Coppel nos ha instruido a seguir apoyando este tipo de estrategias a favor del consumo local\u201d, a\u00f1adi\u00f3.<\/span><\/p>\n<p style=\"text-align: justify;\">&nbsp;<\/p>\n<p class=\"x_MsoNormal\" style=\"text-align: justify;\"><span style=\"font-size: 14pt; font-family: arial, helvetica, sans-serif;\">En esta \u00e9poca navide\u00f1a las empresas sinaloenses tendr\u00e1n mucho que ofrecer al mercado con una gran variedad de productos y servicios ideales para adquirirse en este fin de a\u00f1o para los tradicionales regalos.<\/span><\/p>\n<p style=\"text-align: justify;\">&nbsp;<\/p>\n<p class=\"x_MsoNormal\" style=\"text-align: justify;\"><span style=\"font-size: 14pt; font-family: arial, helvetica, sans-serif;\">Ser\u00e1 a trav\u00e9s de la plataforma digital&nbsp;<a href=\"http:\/\/www.consumesinaloa.com\/\" target=\"_blank\" rel=\"noopener noreferrer\" data-auth=\"NotApplicable\">www.consumesinaloa.com<\/a>&nbsp;por medio del cual el comprador podr\u00e1 acceder a los diferentes productos y servicios.<\/span><\/p>\n<p style=\"text-align: justify;\">&nbsp;<\/p>\n<p class=\"x_MsoNormal\" style=\"text-align: justify;\"><span style=\"font-size: 14pt; font-family: arial, helvetica, sans-serif;\">De esta forma el Gobierno de Sinaloa que encabeza Quirino Ordaz Coppel pone a disposici\u00f3n esta plataforma electr\u00f3nica que apoya a los emprendedores y empresarios, a participar en el comercio electr\u00f3nico de forma gratuita.<\/span><\/p>\n<p style=\"text-align: justify;\">&nbsp;<\/p>\n<p class=\"x_MsoNormal\" style=\"text-align: justify;\"><span style=\"font-size: 14pt; font-family: arial, helvetica, sans-serif;\">Uno de los objetivos de la campa\u00f1a \u201cNavidad Consume Sinaloa\u201d es que la gente conozca los productos y servicios sinaloenses, d\u00e1ndoles visibilidad en el mercado y permitiendo generar comunidad con otras marcas, promoviendo las ventas en l\u00ednea de las empresas registradas en&nbsp;<a href=\"http:\/\/www.consumesinaloa.com\/\" target=\"_blank\" rel=\"noopener noreferrer\" data-auth=\"NotApplicable\">www.consumesinaloa.com<\/a><\/span><\/p>\n<p style=\"text-align: justify;\">&nbsp;<\/p>\n<p class=\"x_MsoNormal\" style=\"text-align: justify;\"><span style=\"font-size: 14pt; font-family: arial, helvetica, sans-serif;\">La campa\u00f1a \u201cNavidad Consume Sinaloa\u201d se lleva a cabo del 30 de noviembre al 16 de diciembre y beneficia a las empresas y negocios que deseen participar en la plataforma&nbsp;<a href=\"http:\/\/www.consumesinalo.com\/\" target=\"_blank\" rel=\"noopener noreferrer\" data-auth=\"NotApplicable\">www.consumesinalo.com<\/a>&nbsp;&nbsp;con: espacios publicitarios gratuitos, promoci\u00f3n de productos, servicios, promociones, especiales navide\u00f1os de la empresa en redes sociales, fotos y dise\u00f1os de productos participantes en sorteos, campa\u00f1a estatal, impulso en ventas en el mes de diciembre.<\/span><\/p>\n<p style=\"text-align: justify;\">&nbsp;<\/p>\n<p class=\"x_MsoNormal\" style=\"text-align: justify;\"><span style=\"font-size: 14pt; font-family: arial, helvetica, sans-serif;\">Participaron en este lanzamiento de campa\u00f1a la Subsecretaria de Gesti\u00f3n y Financiamiento, Morayma Yaseen Campomanes, y la Directora de Proyectos y Emprendimientos de la Secretar\u00eda de Econom\u00eda, Dulce Rodr\u00edguez L\u00f3pez.<\/span><\/p>\n<p style=\"text-align: justify;\">&nbsp;<\/p>\n<p class=\"x_MsoNormal\" style=\"text-align: justify;\"><span style=\"font-size: 14pt; font-family: arial, helvetica, sans-serif;\">El registro para emprendedores y empresarios ser\u00e1 en&nbsp;<a href=\"http:\/\/www.consumesinaloa.com\/\" target=\"_blank\" rel=\"noopener noreferrer\" data-auth=\"NotApplicable\">www.consumesinaloa.com<\/a>&nbsp;&nbsp;el correo para mayor informaci\u00f3n es:&nbsp;<a href=\"mailto:contacto@consumesinaloa.com\" target=\"_blank\" rel=\"noopener noreferrer\" data-auth=\"NotApplicable\"><\/a><a href=\"mailto:contacto@consumesinaloa.com\">contacto@consumesinaloa.com<\/a>&nbsp;y tel\u00e9fono 667 7587000 extensi\u00f3n 2963.<\/span><\/p>\n<p style=\"text-align: justify;\">&nbsp;<\/p>\n<p style=\"text-align: justify;\"><span style=\"font-size: 14pt; font-family: arial, helvetica, sans-serif;\">REDACCI\u00d3N\/VISI\u00d3N CIUDADANA.<\/span><\/p>\n","protected":false},"excerpt":{"rendered":"<p>La Secretar\u00eda de Econom\u00eda dio a conocer la campa\u00f1a \u201cNavidad Consume Sinaloa\u201d en la cual se promover\u00e1 el consumo local con la que se apoya a emprendedores y MiPyMES del estado. &nbsp; En su mensaje de arranque de esta campa\u00f1a, el Secretario de Econom\u00eda, Javier Liz\u00e1rraga Mercado, dijo que con la reapertura de establecimientos en [&hellip;]<\/p>\n","protected":false},"author":1,"featured_media":6098,"comment_status":"open","ping_status":"closed","sticky":false,"template":"","format":"standard","meta":{"footnotes":""},"categories":[24],"tags":[],"ppma_author":[31],"class_list":["post-14503","post","type-post","status-publish","format-standard","has-post-thumbnail","hentry","category-relevantes"],"aioseo_notices":[],"authors":[{"term_id":31,"user_id":1,"is_guest":0,"slug":"ivan3vino","display_name":"Iv\u00e1n Trevi\u00f1o","avatar_url":{"url":"https:\/\/visionciudadana.com.mx\/oficial\/wp-content\/uploads\/2025\/09\/columna-ivan-Trevino.png","url2x":"https:\/\/visionciudadana.com.mx\/oficial\/wp-content\/uploads\/2025\/09\/columna-ivan-Trevino.png"},"0":null,"1":"","2":"","3":"","4":"","5":"","6":"","7":"","8":""}],"_links":{"self":[{"href":"https:\/\/visionciudadana.com.mx\/oficial\/wp-json\/wp\/v2\/posts\/14503","targetHints":{"allow":["GET"]}}],"collection":[{"href":"https:\/\/visionciudadana.com.mx\/oficial\/wp-json\/wp\/v2\/posts"}],"about":[{"href":"https:\/\/visionciudadana.com.mx\/oficial\/wp-json\/wp\/v2\/types\/post"}],"author":[{"embeddable":true,"href":"https:\/\/visionciudadana.com.mx\/oficial\/wp-json\/wp\/v2\/users\/1"}],"replies":[{"embeddable":true,"href":"https:\/\/visionciudadana.com.mx\/oficial\/wp-json\/wp\/v2\/comments?post=14503"}],"version-history":[{"count":0,"href":"https:\/\/visionciudadana.com.mx\/oficial\/wp-json\/wp\/v2\/posts\/14503\/revisions"}],"wp:featuredmedia":[{"embeddable":true,"href":"https:\/\/visionciudadana.com.mx\/oficial\/wp-json\/wp\/v2\/posts\/6098"}],"wp:attachment":[{"href":"https:\/\/visionciudadana.com.mx\/oficial\/wp-json\/wp\/v2\/media?parent=14503"}],"wp:term":[{"taxonomy":"category","embeddable":true,"href":"https:\/\/visionciudadana.com.mx\/oficial\/wp-json\/wp\/v2\/categories?post=14503"},{"taxonomy":"post_tag","embeddable":true,"href":"https:\/\/visionciudadana.com.mx\/oficial\/wp-json\/wp\/v2\/tags?post=14503"},{"taxonomy":"author","embeddable":true,"href":"https:\/\/visionciudadana.com.mx\/oficial\/wp-json\/wp\/v2\/ppma_author?post=14503"}],"curies":[{"name":"wp","href":"https:\/\/api.w.org\/{rel}","templated":true}]}}