{"id":14502,"date":"2020-12-03T17:57:26","date_gmt":"2020-12-03T17:57:26","guid":{"rendered":"https:\/\/visionciudadana.com.mx\/prueba\/2020\/12\/03\/ejes-2020-continua-dando-voz-a-la-juventud-sinaloense\/"},"modified":"2020-12-03T17:57:26","modified_gmt":"2020-12-03T17:57:26","slug":"ejes-2020-continua-dando-voz-a-la-juventud-sinaloense","status":"publish","type":"post","link":"https:\/\/visionciudadana.com.mx\/oficial\/2020\/12\/03\/ejes-2020-continua-dando-voz-a-la-juventud-sinaloense\/","title":{"rendered":"EJES 2020 contin\u00faa dando voz a la juventud Sinaloense"},"content":{"rendered":"<div>\n<p class=\"x_MsoNormal\" align=\"center\"><img fetchpriority=\"high\" decoding=\"async\" src=\"images\/2020\/NOV20\/DIC20\/ejes2020.PNG\" alt=\"ejes2020\" width=\"465\" height=\"265\" style=\"display: block; margin-left: auto; margin-right: auto;\" \/><\/p>\n<p>&nbsp;<\/p>\n<p style=\"text-align: justify;\"><span style=\"font-size: 14pt; font-family: arial, helvetica, sans-serif;\">El Encuentro Juvenil de Estrategias Sociales(EJES) 2020 contin\u00faa d\u00e1ndole voz a la Juventud Sinaloense, afirm\u00f3 el director del Instituto Sinaloense de la Juventud, Joaqu\u00edn Rodr\u00edguez Astengo, esto durante la tercera eliminatoria del EJES 2020, realizada en el Centro de Ciencias de Sinaloa.<\/span><\/p>\n<p style=\"text-align: justify;\">&nbsp;<\/p>\n<p class=\"x_MsoNormal\" style=\"text-align: justify;\"><span style=\"font-size: 14pt; font-family: arial, helvetica, sans-serif;\">Detall\u00f3 que en esta ocasi\u00f3n la joven sinaloense Karen del Roc\u00edo Ju\u00e1rez Zamorano fue la tercera finalista, con su proyecto \u201cGladiadores del \u00c9vora\u201d, iniciativa que genera inclusi\u00f3n de&nbsp; personas con discapacidad motriz a trav\u00e9s de actividades culturales y deportivas; adem\u00e1s de brindarles&nbsp; oportunidad laboral en el taller \u201cartesan\u00edas muchas gracias\u201d.<\/span><\/p>\n<p style=\"text-align: justify;\">&nbsp;<\/p>\n<p class=\"x_MsoNormal\" style=\"text-align: justify;\"><span style=\"font-size: 14pt; font-family: arial, helvetica, sans-serif;\">Mencion\u00f3 que en esta tercera eliminatoria los 4 proyectos presentados contribuyen al crecimiento de la juventud sinaloense y de la ciudadan\u00eda a trav\u00e9s de iniciativas, orientadas al favorecimiento de la lucha de los derechos de las mujeres durante la maternidad; personas con discapacidad motriz; el crecimiento del s\u00e9ptimo arte en Sinaloa; y el emprendedurismo en los j\u00f3venes universitarios.<\/span><\/p>\n<p style=\"text-align: justify;\">&nbsp;<\/p>\n<p class=\"x_MsoNormal\" style=\"text-align: justify;\"><span style=\"font-size: 14pt; font-family: arial, helvetica, sans-serif;\">\u00abEJES 2020 contin\u00faa d\u00e1ndole la voz a la juventud, hoy vimos que en el episodio de juventud que fue el eje tem\u00e1tico de hoy,&nbsp; como gan\u00f3 el proyecto \u00abGladiadores del \u00c9vora\u00bb esta sinaloense que ha trabajado en Guam\u00fachil muy fuerte el tema de discapacitados, va a representar en la final; entonces queda un episodio m\u00e1s y sigue ya la gran final donde sabremos qui\u00e9n es el ganador de los 20 mil pesos en efectivo y tambi\u00e9n el seguimiento del proyecto\u00bb, dijo.<\/span><\/p>\n<p style=\"text-align: justify;\">&nbsp;<\/p>\n<p class=\"x_MsoNormal\" style=\"text-align: justify;\"><span style=\"font-size: 14pt; font-family: arial, helvetica, sans-serif;\">Rodr\u00edguez Astengo destac\u00f3 que los proyectos seleccionados en esta tercera eliminatoria fueron: \u201cTejiendo redes\u201d por Heidy Yamilen Mares Landeros, un&nbsp; programa que busca generar un espacio&nbsp; seguro para las futuras madres que tienen conflicto durante su&nbsp; maternidad; \u201cCine-loa Films\u201d de Juan Fernando Hern\u00e1ndez, propuesta que impulsa el cine local y el talento art\u00edstico sinaloense ; y \u201cActiva Lince\u201d por el joven Luis Enrique Castro Garc\u00eda, un proyecto que genera agentes de cambio, promoviendo la cultura del emprendimiento en las universidades.<\/span><\/p>\n<p style=\"text-align: justify;\">&nbsp;<\/p>\n<p class=\"x_MsoNormal\" style=\"text-align: justify;\"><span style=\"font-size: 14pt; font-family: arial, helvetica, sans-serif;\">El jurado estuvo conformado por Jes\u00fas Borboa, presidente del Consejo Intercamaral Juvenil; Sergio Mario Arredondo, director general del Colegio de Bachilleres del Estado de Sinaloa(COBAES); Paola Godoy,&nbsp; Fundadora de \u00abPola&nbsp; Foster\u00bb;&nbsp; y Laura Elena Medina, Fundadora de \u00abMi Vestido Blanco\u00bb.<\/span><\/p>\n<\/div>\n<div style=\"text-align: justify;\"><span style=\"font-size: 14pt; font-family: arial, helvetica, sans-serif;\"><\/span><\/div>\n<div style=\"text-align: justify;\"><span style=\"font-size: 14pt; font-family: arial, helvetica, sans-serif;\">REDACCI\u00d3N\/VISI\u00d3N CIUDADANA.<\/span><\/div>\n","protected":false},"excerpt":{"rendered":"<p>&nbsp; El Encuentro Juvenil de Estrategias Sociales(EJES) 2020 contin\u00faa d\u00e1ndole voz a la Juventud Sinaloense, afirm\u00f3 el director del Instituto Sinaloense de la Juventud, Joaqu\u00edn Rodr\u00edguez Astengo, esto durante la tercera eliminatoria del EJES 2020, realizada en el Centro de Ciencias de Sinaloa. &nbsp; Detall\u00f3 que en esta ocasi\u00f3n la joven sinaloense Karen del Roc\u00edo [&hellip;]<\/p>\n","protected":false},"author":1,"featured_media":6096,"comment_status":"open","ping_status":"closed","sticky":false,"template":"","format":"standard","meta":{"footnotes":""},"categories":[24],"tags":[],"ppma_author":[31],"class_list":["post-14502","post","type-post","status-publish","format-standard","has-post-thumbnail","hentry","category-relevantes"],"aioseo_notices":[],"authors":[{"term_id":31,"user_id":1,"is_guest":0,"slug":"ivan3vino","display_name":"Iv\u00e1n Trevi\u00f1o","avatar_url":{"url":"https:\/\/visionciudadana.com.mx\/oficial\/wp-content\/uploads\/2025\/09\/columna-ivan-Trevino.png","url2x":"https:\/\/visionciudadana.com.mx\/oficial\/wp-content\/uploads\/2025\/09\/columna-ivan-Trevino.png"},"0":null,"1":"","2":"","3":"","4":"","5":"","6":"","7":"","8":""}],"_links":{"self":[{"href":"https:\/\/visionciudadana.com.mx\/oficial\/wp-json\/wp\/v2\/posts\/14502","targetHints":{"allow":["GET"]}}],"collection":[{"href":"https:\/\/visionciudadana.com.mx\/oficial\/wp-json\/wp\/v2\/posts"}],"about":[{"href":"https:\/\/visionciudadana.com.mx\/oficial\/wp-json\/wp\/v2\/types\/post"}],"author":[{"embeddable":true,"href":"https:\/\/visionciudadana.com.mx\/oficial\/wp-json\/wp\/v2\/users\/1"}],"replies":[{"embeddable":true,"href":"https:\/\/visionciudadana.com.mx\/oficial\/wp-json\/wp\/v2\/comments?post=14502"}],"version-history":[{"count":0,"href":"https:\/\/visionciudadana.com.mx\/oficial\/wp-json\/wp\/v2\/posts\/14502\/revisions"}],"wp:featuredmedia":[{"embeddable":true,"href":"https:\/\/visionciudadana.com.mx\/oficial\/wp-json\/wp\/v2\/posts\/6096"}],"wp:attachment":[{"href":"https:\/\/visionciudadana.com.mx\/oficial\/wp-json\/wp\/v2\/media?parent=14502"}],"wp:term":[{"taxonomy":"category","embeddable":true,"href":"https:\/\/visionciudadana.com.mx\/oficial\/wp-json\/wp\/v2\/categories?post=14502"},{"taxonomy":"post_tag","embeddable":true,"href":"https:\/\/visionciudadana.com.mx\/oficial\/wp-json\/wp\/v2\/tags?post=14502"},{"taxonomy":"author","embeddable":true,"href":"https:\/\/visionciudadana.com.mx\/oficial\/wp-json\/wp\/v2\/ppma_author?post=14502"}],"curies":[{"name":"wp","href":"https:\/\/api.w.org\/{rel}","templated":true}]}}