{"id":14501,"date":"2020-12-03T17:43:06","date_gmt":"2020-12-03T17:43:06","guid":{"rendered":"https:\/\/visionciudadana.com.mx\/prueba\/2020\/12\/03\/en-el-2020-se-destruyeron-instituciones-y-programas-que-beneficiaban-a-las-familias\/"},"modified":"2020-12-03T17:43:06","modified_gmt":"2020-12-03T17:43:06","slug":"en-el-2020-se-destruyeron-instituciones-y-programas-que-beneficiaban-a-las-familias","status":"publish","type":"post","link":"https:\/\/visionciudadana.com.mx\/oficial\/2020\/12\/03\/en-el-2020-se-destruyeron-instituciones-y-programas-que-beneficiaban-a-las-familias\/","title":{"rendered":"En el 2020, se destruyeron instituciones y programas que beneficiaban a las familias"},"content":{"rendered":"<p style=\"text-align: justify;\"><img fetchpriority=\"high\" decoding=\"async\" src=\"images\/2020\/NOV20\/DIC20\/destruyeron_instituciones.PNG\" alt=\"destruyeron instituciones\" width=\"374\" height=\"209\" style=\"display: block; margin-left: auto; margin-right: auto;\" \/><\/p>\n<p class=\"x_MsoNormal\" style=\"text-align: justify;\"><span style=\"font-size: 14pt; font-family: arial, helvetica, sans-serif;\">Se cumplieron dos a\u00f1os de Morena en el poder, en los que la constante ha sido la falta de resultados y la destrucci\u00f3n de instituciones y programas que beneficiaban a las familias mexicanas, afirm\u00f3 la dirigencia del Comit\u00e9 Ejecutivo Nacional (CEN) del Partido Revolucionario Institucional (PRI), al exhortar a la ciudadan\u00eda a que, si ya se dio cuenta que M\u00e9xico perdi\u00f3 el rumbo, no apoye nuevamente al partido en el gobierno en el 2021.<\/span><\/p>\n<p style=\"text-align: justify;\">&nbsp;<\/p>\n<p class=\"x_MsoNormal\" style=\"text-align: justify;\"><span style=\"font-size: 14pt; font-family: arial, helvetica, sans-serif;\">El Presidente del tricolor, Alejandro Moreno anot\u00f3 que hoy, m\u00e1s que nunca, es evidente la falta de resultados y es claro que nuestro pa\u00eds ha perdido el rumbo. En una campa\u00f1a en redes sociales con el hashtag: #YaTeCay\u00f3El20, el PRI cuestion\u00f3 la falta de resultados del gobierno federal en materia de seguridad y econom\u00eda; as\u00ed como en atenci\u00f3n a las mujeres y a los ni\u00f1os con c\u00e1ncer.<\/span><\/p>\n<p style=\"text-align: justify;\">&nbsp;<\/p>\n<p class=\"x_MsoNormal\" style=\"text-align: justify;\"><span style=\"font-size: 14pt; font-family: arial, helvetica, sans-serif;\">El CEN apunt\u00f3 que en s\u00f3lo dos a\u00f1os M\u00e9xico perdi\u00f3 el rumbo, y hoy tenemos una econom\u00eda en picada, m\u00e1s inseguridad y p\u00e9rdida de empleos. Asimismo, enfatiz\u00f3 que Morena dej\u00f3 este a\u00f1o sin medicamentos a los ni\u00f1os con c\u00e1ncer\u201d.<\/span><\/p>\n<p style=\"text-align: justify;\">&nbsp;<\/p>\n<p class=\"x_MsoNormal\" style=\"text-align: justify;\"><span style=\"font-size: 14pt; font-family: arial, helvetica, sans-serif;\">La dirigencia nacional del PRI record\u00f3 a la ciudadan\u00eda que se perdieron m\u00e1s de 2 millones de empleos y la actual Administraci\u00f3n dejo desprotegidas a las mujeres, al quitar recursos presupuestales para el combate a la violencia que padecen. Por ello, ratific\u00f3: \u201c\u00a1En el 21 no te vayas con la finta! Es tiempo de dar marcha atr\u00e1s a sus errores\u201d.<\/span><\/p>\n<p style=\"text-align: justify;\">&nbsp;<\/p>\n<p class=\"x_MsoNormal\" style=\"text-align: justify;\"><span style=\"font-size: 14pt; font-family: arial, helvetica, sans-serif;\">El Partido de M\u00e9xico critic\u00f3 tambi\u00e9n que no hay apoyos para los emprendedores, para la investigaci\u00f3n cient\u00edfica y la cultura, por lo que convoc\u00f3 a la ciudadan\u00eda que no se le d\u00e9 m\u00e1s poder a Morena en el 21.<\/span><\/p>\n<p style=\"text-align: justify;\">&nbsp;<\/p>\n<p class=\"x_MsoNormal\" style=\"text-align: justify;\"><span style=\"font-size: 14pt; font-family: arial, helvetica, sans-serif;\">\u201cSi #YaTeCay\u00f3El20 de que la inseguridad est\u00e1 peor que nunca, no le des tu apoyo a Morena, que ya demostr\u00f3 no saber gobernar\u201d, asever\u00f3 el instituto pol\u00edtico.<\/span><\/p>\n<p style=\"text-align: justify;\">&nbsp;<\/p>\n<p style=\"text-align: justify;\"><span style=\"font-size: 14pt; font-family: arial, helvetica, sans-serif;\">REDACCI\u00d3N\/VISI\u00d3N CIUDADANA.<\/span><\/p>\n","protected":false},"excerpt":{"rendered":"<p>Se cumplieron dos a\u00f1os de Morena en el poder, en los que la constante ha sido la falta de resultados y la destrucci\u00f3n de instituciones y programas que beneficiaban a las familias mexicanas, afirm\u00f3 la dirigencia del Comit\u00e9 Ejecutivo Nacional (CEN) del Partido Revolucionario Institucional (PRI), al exhortar a la ciudadan\u00eda a que, si ya [&hellip;]<\/p>\n","protected":false},"author":1,"featured_media":6094,"comment_status":"open","ping_status":"closed","sticky":false,"template":"","format":"standard","meta":{"footnotes":""},"categories":[24],"tags":[],"ppma_author":[31],"class_list":["post-14501","post","type-post","status-publish","format-standard","has-post-thumbnail","hentry","category-relevantes"],"aioseo_notices":[],"authors":[{"term_id":31,"user_id":1,"is_guest":0,"slug":"ivan3vino","display_name":"Iv\u00e1n Trevi\u00f1o","avatar_url":{"url":"https:\/\/visionciudadana.com.mx\/oficial\/wp-content\/uploads\/2025\/09\/columna-ivan-Trevino.png","url2x":"https:\/\/visionciudadana.com.mx\/oficial\/wp-content\/uploads\/2025\/09\/columna-ivan-Trevino.png"},"0":null,"1":"","2":"","3":"","4":"","5":"","6":"","7":"","8":""}],"_links":{"self":[{"href":"https:\/\/visionciudadana.com.mx\/oficial\/wp-json\/wp\/v2\/posts\/14501","targetHints":{"allow":["GET"]}}],"collection":[{"href":"https:\/\/visionciudadana.com.mx\/oficial\/wp-json\/wp\/v2\/posts"}],"about":[{"href":"https:\/\/visionciudadana.com.mx\/oficial\/wp-json\/wp\/v2\/types\/post"}],"author":[{"embeddable":true,"href":"https:\/\/visionciudadana.com.mx\/oficial\/wp-json\/wp\/v2\/users\/1"}],"replies":[{"embeddable":true,"href":"https:\/\/visionciudadana.com.mx\/oficial\/wp-json\/wp\/v2\/comments?post=14501"}],"version-history":[{"count":0,"href":"https:\/\/visionciudadana.com.mx\/oficial\/wp-json\/wp\/v2\/posts\/14501\/revisions"}],"wp:featuredmedia":[{"embeddable":true,"href":"https:\/\/visionciudadana.com.mx\/oficial\/wp-json\/wp\/v2\/media\/6094"}],"wp:attachment":[{"href":"https:\/\/visionciudadana.com.mx\/oficial\/wp-json\/wp\/v2\/media?parent=14501"}],"wp:term":[{"taxonomy":"category","embeddable":true,"href":"https:\/\/visionciudadana.com.mx\/oficial\/wp-json\/wp\/v2\/categories?post=14501"},{"taxonomy":"post_tag","embeddable":true,"href":"https:\/\/visionciudadana.com.mx\/oficial\/wp-json\/wp\/v2\/tags?post=14501"},{"taxonomy":"author","embeddable":true,"href":"https:\/\/visionciudadana.com.mx\/oficial\/wp-json\/wp\/v2\/ppma_author?post=14501"}],"curies":[{"name":"wp","href":"https:\/\/api.w.org\/{rel}","templated":true}]}}