{"id":14499,"date":"2020-12-03T17:29:10","date_gmt":"2020-12-03T17:29:10","guid":{"rendered":"https:\/\/visionciudadana.com.mx\/prueba\/2020\/12\/03\/realizara-la-uas-conversatorios-para-conmemorar-el-dia-internacional-de-las-personas-con-discapacidad\/"},"modified":"2020-12-03T17:29:10","modified_gmt":"2020-12-03T17:29:10","slug":"realizara-la-uas-conversatorios-para-conmemorar-el-dia-internacional-de-las-personas-con-discapacidad","status":"publish","type":"post","link":"https:\/\/visionciudadana.com.mx\/oficial\/2020\/12\/03\/realizara-la-uas-conversatorios-para-conmemorar-el-dia-internacional-de-las-personas-con-discapacidad\/","title":{"rendered":"Realizar\u00e1 la UAS conversatorios para conmemorar el D\u00eda Internacional de las personas con Discapacidad"},"content":{"rendered":"<p style=\"text-align: justify;\"><img fetchpriority=\"high\" decoding=\"async\" src=\"images\/2020\/NOV20\/DIC20\/d\u00eda_discapacidad.PNG\" alt=\"d\u00eda discapacidad\" width=\"353\" height=\"197\" style=\"display: block; margin-left: auto; margin-right: auto;\" \/><\/p>\n<p class=\"x_MsoNormal\" style=\"text-align: justify;\"><span style=\"font-size: 14pt; font-family: arial, helvetica, sans-serif;\">Teniendo como marco este 3 de diciembre en el que se conmemora el D\u00eda Internacional de las Personas con Discapacidad, la Secretar\u00eda Acad\u00e9mica Universitaria a trav\u00e9s del Programa de Atenci\u00f3n a la Diversidad de la Universidad Aut\u00f3noma de Sinaloa (ADIUAS) llevar\u00e1 a cabo una serie de conversatorios con el objeto de promover los derechos y bienestar de las personas con discapacidad en el \u00e1mbito escolar, as\u00ed como para concientizar sobre su situaci\u00f3n en todos los aspectos de la vida ante la pandemia del COVID-19, inform\u00f3 Manuel Valdez Valenzuela.<\/span><\/p>\n<p style=\"text-align: justify;\">&nbsp;<\/p>\n<p class=\"x_MsoNormal\" style=\"text-align: justify;\"><span style=\"font-size: 14pt; font-family: arial, helvetica, sans-serif;\">El encargado de Tecnolog\u00edas Adaptadas del Centro de Apoyo ADIUAS dio a conocer que la invitaci\u00f3n est\u00e1 abierta a toda la comunidad estudiantil de la Universidad, a maestros que atienden a estudiantes con necesidades espec\u00edficas de apoyo, a padres de familia, al alumnado que recibe seguimiento, as\u00ed como para tutores de apoyo especializado.<\/span><\/p>\n<p style=\"text-align: justify;\">&nbsp;<\/p>\n<p class=\"x_MsoNormal\" style=\"text-align: justify;\"><span style=\"font-size: 14pt; font-family: arial, helvetica, sans-serif;\">\u201cLa Universidad Aut\u00f3noma de Sinaloa ha preparado para este a\u00f1o un conversatorio en el que se pretende exponer las perspectivas de inclusi\u00f3n y accesibilidad en esta nueva modalidad a distancia, para hacer una reflexi\u00f3n sobre la educaci\u00f3n inclusiva\u201d, destac\u00f3.<\/span><\/p>\n<p>&nbsp;<\/p>\n<p class=\"x_MsoNormal\" style=\"text-align: justify;\"><span style=\"font-size: 14pt; font-family: arial, helvetica, sans-serif;\">Los conversatorios se llevar\u00e1n a cabo el jueves 3 de diciembre en horario de 10:00 a 12:00 horas y de 16:00 a 18:00 horas, mientras que el viernes se desarrollar\u00e1 solo de 10:00 a 12:00 horas, por los interesados en acceder a estas amenas charlas deber\u00e1n ingresar a la&nbsp;<i>fanpage<\/i>&nbsp;Adiuas Unidad Regional Centro en Facebook.<\/span><\/p>\n<p style=\"text-align: justify;\">&nbsp;<\/p>\n<p class=\"x_MsoNormal\" style=\"text-align: justify;\"><span style=\"font-size: 14pt; font-family: arial, helvetica, sans-serif;\">Sobre lo que ha sido la adaptaci\u00f3n a la nueva normalidad de las personas con discapacidad con respecto a la formaci\u00f3n acad\u00e9mica, Valdez Valenzuela manifest\u00f3 que ha sido un gran reto, pero tambi\u00e9n una buena oportunidad para demostrar que s\u00ed se puede.<\/span><\/p>\n<p style=\"text-align: justify;\">&nbsp;<\/p>\n<p class=\"x_MsoNormal\" style=\"text-align: justify;\"><span style=\"font-size: 14pt; font-family: arial, helvetica, sans-serif;\">\u201cHa sido totalmente una oportunidad, un reto, han sido barreras y justamente queremos mostrar a la comunidad, a la sociedad interesada, al p\u00fablico, que estas oportunidades, barreras y retos que han salido, son un mont\u00f3n de experiencias que hemos logrado recaudar para impactar de manera positiva en la inclusi\u00f3n de la educaci\u00f3n de las personas con discapacidad\u201d, puntualiz\u00f3.<\/span><\/p>\n<p style=\"text-align: justify;\">&nbsp;<\/p>\n<p class=\"x_MsoNormal\" style=\"text-align: justify;\"><span style=\"font-size: 14pt; font-family: arial, helvetica, sans-serif;\">Valdez Valenzuela mencion\u00f3 que los temas que abordar\u00e1n los conversatorios son: el d\u00eda de jueves a las 10:00 \u201cExperiencias de inclusi\u00f3n y entornos virtuales; perspectiva estudiantil\u201d, mientras que el de las 16:00 hablar\u00e1 sobre \u201cLa familia, retos y oportunidades en el hogar\u201d, para concluir el viernes, en punto de las 10:00 horas con \u201cBuenas pr\u00e1cticas de educaci\u00f3n inclusiva en la Modalidad Virtual\u201d.<\/span><\/p>\n<p style=\"text-align: justify;\">&nbsp;<\/p>\n<p class=\"x_MsoNormal\" style=\"text-align: justify;\"><span style=\"font-size: 14pt; font-family: arial, helvetica, sans-serif;\">Cabe se\u00f1alar que el d\u00eda 3 de diciembre, por acuerdo emitido en 1992 por la UNESCO, es que se conmemora el D\u00eda Internacional de las Personas con Discapacidad, el cual a\u00f1o con a\u00f1o tiene como prop\u00f3sito hacer un llamado de atenci\u00f3n y movilizar apoyos para aspectos claves relativos a la inclusi\u00f3n de personas con discapacidad en la sociedad y en el desarrollo.<\/span><\/p>\n<p style=\"text-align: justify;\">&nbsp;<\/p>\n<p class=\"x_MsoNormal\" style=\"text-align: justify;\"><span style=\"font-size: 14pt; font-family: arial, helvetica, sans-serif;\">Teniendo como marco este 3 de diciembre en el que se conmemora el D\u00eda Internacional de las Personas con Discapacidad, la Secretar\u00eda Acad\u00e9mica Universitaria a trav\u00e9s del Programa de Atenci\u00f3n a la Diversidad de la Universidad Aut\u00f3noma de Sinaloa (ADIUAS) llevar\u00e1 a cabo una serie de conversatorios con el objeto de promover los derechos y bienestar de las personas con discapacidad en el \u00e1mbito escolar, as\u00ed como para concientizar sobre su situaci\u00f3n en todos los aspectos de la vida ante la pandemia del COVID-19, inform\u00f3 Manuel Valdez Valenzuela.<\/span><\/p>\n<p style=\"text-align: justify;\">&nbsp;<\/p>\n<p class=\"x_MsoNormal\" style=\"text-align: justify;\"><span style=\"font-size: 14pt; font-family: arial, helvetica, sans-serif;\">El encargado de Tecnolog\u00edas Adaptadas del Centro de Apoyo ADIUAS dio a conocer que la invitaci\u00f3n est\u00e1 abierta a toda la comunidad estudiantil de la Universidad, a maestros que atienden a estudiantes con necesidades espec\u00edficas de apoyo, a padres de familia, al alumnado que recibe seguimiento, as\u00ed como para tutores de apoyo especializado.<\/span><\/p>\n<p style=\"text-align: justify;\">&nbsp;<\/p>\n<p class=\"x_MsoNormal\" style=\"text-align: justify;\"><span style=\"font-size: 14pt; font-family: arial, helvetica, sans-serif;\">\u201cLa Universidad Aut\u00f3noma de Sinaloa ha preparado para este a\u00f1o un conversatorio en el que se pretende exponer las perspectivas de inclusi\u00f3n y accesibilidad en esta nueva modalidad a distancia, para hacer una reflexi\u00f3n sobre la educaci\u00f3n inclusiva\u201d, destac\u00f3.<\/span><\/p>\n<p style=\"text-align: justify;\">&nbsp;<\/p>\n<p class=\"x_MsoNormal\" style=\"text-align: justify;\"><span style=\"font-size: 14pt; font-family: arial, helvetica, sans-serif;\">Los conversatorios se llevar\u00e1n a cabo el jueves 3 de diciembre en horario de 10:00 a 12:00 horas y de 16:00 a 18:00 horas, mientras que el viernes se desarrollar\u00e1 solo de 10:00 a 12:00 horas, por los interesados en acceder a estas amenas charlas deber\u00e1n ingresar a la&nbsp;<i>fanpage<\/i>&nbsp;Adiuas Unidad Regional Centro en Facebook.<\/span><\/p>\n<p style=\"text-align: justify;\">&nbsp;<\/p>\n<p class=\"x_MsoNormal\" style=\"text-align: justify;\"><span style=\"font-size: 14pt; font-family: arial, helvetica, sans-serif;\">Sobre lo que ha sido la adaptaci\u00f3n a la nueva normalidad de las personas con discapacidad con respecto a la formaci\u00f3n acad\u00e9mica, Valdez Valenzuela manifest\u00f3 que ha sido un gran reto, pero tambi\u00e9n una buena oportunidad para demostrar que s\u00ed se puede.<\/span><\/p>\n<p style=\"text-align: justify;\">&nbsp;<\/p>\n<p style=\"text-align: justify;\">&nbsp;<\/p>\n<p class=\"x_MsoNormal\" style=\"text-align: justify;\"><span style=\"font-size: 14pt; font-family: arial, helvetica, sans-serif;\">\u201cHa sido totalmente una oportunidad, un reto, han sido barreras y justamente queremos mostrar a la comunidad, a la sociedad interesada, al p\u00fablico, que estas oportunidades, barreras y retos que han salido, son un mont\u00f3n de experiencias que hemos logrado recaudar para impactar de manera positiva en la inclusi\u00f3n de la educaci\u00f3n de las personas con discapacidad\u201d, puntualiz\u00f3.<\/span><\/p>\n<p style=\"text-align: justify;\">&nbsp;<\/p>\n<p class=\"x_MsoNormal\" style=\"text-align: justify;\"><span style=\"font-size: 14pt; font-family: arial, helvetica, sans-serif;\">Valdez Valenzuela mencion\u00f3 que los temas que abordar\u00e1n los conversatorios son: el d\u00eda de jueves a las 10:00 \u201cExperiencias de inclusi\u00f3n y entornos virtuales; perspectiva estudiantil\u201d, mientras que el de las 16:00 hablar\u00e1 sobre \u201cLa familia, retos y oportunidades en el hogar\u201d, para concluir el viernes, en punto de las 10:00 horas con \u201cBuenas pr\u00e1cticas de educaci\u00f3n inclusiva en la Modalidad Virtual\u201d.<\/span><\/p>\n<p style=\"text-align: justify;\">&nbsp;<\/p>\n<p style=\"text-align: justify;\">&nbsp;<\/p>\n<p style=\"text-align: justify;\"><span style=\"font-size: 14pt; font-family: arial, helvetica, sans-serif;\">REDACCI\u00d3N\/VISI\u00d3N CIUDADANA.<\/span><\/p>\n<p>&nbsp;<\/p>\n<p>&nbsp;<\/p>\n<p class=\"x_MsoNormal\">os para aspectos claves relativos a la inclusi\u00f3n de personas con discapacidad en la sociedad y en el desarrollo.<\/p>\n<div>&nbsp;<\/div>\n","protected":false},"excerpt":{"rendered":"<p>Teniendo como marco este 3 de diciembre en el que se conmemora el D\u00eda Internacional de las Personas con Discapacidad, la Secretar\u00eda Acad\u00e9mica Universitaria a trav\u00e9s del Programa de Atenci\u00f3n a la Diversidad de la Universidad Aut\u00f3noma de Sinaloa (ADIUAS) llevar\u00e1 a cabo una serie de conversatorios con el objeto de promover los derechos y [&hellip;]<\/p>\n","protected":false},"author":1,"featured_media":6090,"comment_status":"open","ping_status":"closed","sticky":false,"template":"","format":"standard","meta":{"footnotes":""},"categories":[24],"tags":[],"ppma_author":[31],"class_list":["post-14499","post","type-post","status-publish","format-standard","has-post-thumbnail","hentry","category-relevantes"],"aioseo_notices":[],"authors":[{"term_id":31,"user_id":1,"is_guest":0,"slug":"ivan3vino","display_name":"Iv\u00e1n Trevi\u00f1o","avatar_url":{"url":"https:\/\/visionciudadana.com.mx\/oficial\/wp-content\/uploads\/2025\/09\/columna-ivan-Trevino.png","url2x":"https:\/\/visionciudadana.com.mx\/oficial\/wp-content\/uploads\/2025\/09\/columna-ivan-Trevino.png"},"0":null,"1":"","2":"","3":"","4":"","5":"","6":"","7":"","8":""}],"_links":{"self":[{"href":"https:\/\/visionciudadana.com.mx\/oficial\/wp-json\/wp\/v2\/posts\/14499","targetHints":{"allow":["GET"]}}],"collection":[{"href":"https:\/\/visionciudadana.com.mx\/oficial\/wp-json\/wp\/v2\/posts"}],"about":[{"href":"https:\/\/visionciudadana.com.mx\/oficial\/wp-json\/wp\/v2\/types\/post"}],"author":[{"embeddable":true,"href":"https:\/\/visionciudadana.com.mx\/oficial\/wp-json\/wp\/v2\/users\/1"}],"replies":[{"embeddable":true,"href":"https:\/\/visionciudadana.com.mx\/oficial\/wp-json\/wp\/v2\/comments?post=14499"}],"version-history":[{"count":0,"href":"https:\/\/visionciudadana.com.mx\/oficial\/wp-json\/wp\/v2\/posts\/14499\/revisions"}],"wp:featuredmedia":[{"embeddable":true,"href":"https:\/\/visionciudadana.com.mx\/oficial\/wp-json\/wp\/v2\/posts\/6090"}],"wp:attachment":[{"href":"https:\/\/visionciudadana.com.mx\/oficial\/wp-json\/wp\/v2\/media?parent=14499"}],"wp:term":[{"taxonomy":"category","embeddable":true,"href":"https:\/\/visionciudadana.com.mx\/oficial\/wp-json\/wp\/v2\/categories?post=14499"},{"taxonomy":"post_tag","embeddable":true,"href":"https:\/\/visionciudadana.com.mx\/oficial\/wp-json\/wp\/v2\/tags?post=14499"},{"taxonomy":"author","embeddable":true,"href":"https:\/\/visionciudadana.com.mx\/oficial\/wp-json\/wp\/v2\/ppma_author?post=14499"}],"curies":[{"name":"wp","href":"https:\/\/api.w.org\/{rel}","templated":true}]}}