{"id":14494,"date":"2020-12-02T19:07:39","date_gmt":"2020-12-02T19:07:39","guid":{"rendered":"https:\/\/visionciudadana.com.mx\/prueba\/2020\/12\/02\/asesinan-a-balazos-a-funcionario-de-la-fiscalia-de-sinaloa\/"},"modified":"2020-12-02T19:07:39","modified_gmt":"2020-12-02T19:07:39","slug":"asesinan-a-balazos-a-funcionario-de-la-fiscalia-de-sinaloa","status":"publish","type":"post","link":"https:\/\/visionciudadana.com.mx\/oficial\/2020\/12\/02\/asesinan-a-balazos-a-funcionario-de-la-fiscalia-de-sinaloa\/","title":{"rendered":"Asesinan a balazos a funcionario de la Fiscal\u00eda de Sinaloa"},"content":{"rendered":"<p style=\"text-align: justify;\"><img fetchpriority=\"high\" decoding=\"async\" src=\"images\/2020\/NOV20\/DIC20\/asesinan_a_func_sinaloa.PNG\" alt=\"asesinan a func sinaloa\" width=\"420\" height=\"214\" style=\"display: block; margin-left: auto; margin-right: auto;\" \/><\/p>\n<p style=\"text-align: justify;\"><span style=\"font-size: 14pt; font-family: arial, helvetica, sans-serif;\">El coordinador de la Unidad Especializada en Aprehensiones de la&nbsp;Fiscal\u00eda General del Estado&nbsp;(FGE), Ram\u00f3n Mu\u00f1\u00edz Noriega,&nbsp;fue asesinado a balazos en la&nbsp;colonia Balcones Del Valle, en Culiac\u00e1n.<\/span><\/p>\n<p style=\"text-align: justify;\">&nbsp;<\/p>\n<p style=\"text-align: justify;\"><span style=\"font-size: 14pt; font-family: arial, helvetica, sans-serif;\">El hecho ocurri\u00f3 durante la ma\u00f1ana de este mi\u00e9rcoles sobre la Calzada las Torres, en la parte poniente de la capital del estado, cuando el funcionario&nbsp;conduc\u00eda un veh\u00edculo Nissan Sentra color gris, el cual presenta m\u00e1s de cien impactos de bala.<\/span><\/p>\n<p style=\"text-align: justify;\">&nbsp;<\/p>\n<p style=\"text-align: justify;\"><span style=\"font-size: 14pt; font-family: arial, helvetica, sans-serif;\">Minutos antes la v\u00edctima hab\u00eda salido de su hogar rumbo a su oficina, por lo que al llegar al cruce de la Privada de los Empaques fue atacado por lo menos por dos hombres armados con fusiles autom\u00e1ticos.<\/span><\/p>\n<h2 class=\"rtecenter\" style=\"text-align: justify;\">&nbsp;<\/h2>\n<p style=\"text-align: justify;\"><span style=\"font-size: 14pt; font-family: arial, helvetica, sans-serif;\">Mu\u00f1\u00edz Noriega, result\u00f3 herido en el atentado, sin embargo, poco despu\u00e9s se revel\u00f3 que este hab\u00eda fallecido a causa de las lesiones que sufri\u00f3.<\/span><\/p>\n<p style=\"text-align: justify;\">&nbsp;<\/p>\n<p style=\"text-align: justify;\"><span style=\"font-size: 14pt; font-family: arial, helvetica, sans-serif;\">La Fiscal\u00eda ya inici\u00f3 una carpeta de investigaci\u00f3n para determinar el m\u00f3vil del crimen y dar con los responsables.<\/span><\/p>\n<p style=\"text-align: justify;\">&nbsp;<\/p>\n<p style=\"text-align: justify;\">&nbsp;<\/p>\n<p style=\"text-align: justify;\"><span style=\"font-size: 14pt; font-family: arial, helvetica, sans-serif;\">FUENTE: ddmx.com\/fotograf\u00eda expreso.com.mx<\/span><\/p>\n","protected":false},"excerpt":{"rendered":"<p>El coordinador de la Unidad Especializada en Aprehensiones de la&nbsp;Fiscal\u00eda General del Estado&nbsp;(FGE), Ram\u00f3n Mu\u00f1\u00edz Noriega,&nbsp;fue asesinado a balazos en la&nbsp;colonia Balcones Del Valle, en Culiac\u00e1n. &nbsp; El hecho ocurri\u00f3 durante la ma\u00f1ana de este mi\u00e9rcoles sobre la Calzada las Torres, en la parte poniente de la capital del estado, cuando el funcionario&nbsp;conduc\u00eda un veh\u00edculo [&hellip;]<\/p>\n","protected":false},"author":1,"featured_media":6084,"comment_status":"open","ping_status":"closed","sticky":false,"template":"","format":"standard","meta":{"footnotes":""},"categories":[24],"tags":[],"ppma_author":[31],"class_list":["post-14494","post","type-post","status-publish","format-standard","has-post-thumbnail","hentry","category-relevantes"],"aioseo_notices":[],"authors":[{"term_id":31,"user_id":1,"is_guest":0,"slug":"ivan3vino","display_name":"Iv\u00e1n Trevi\u00f1o","avatar_url":{"url":"https:\/\/visionciudadana.com.mx\/oficial\/wp-content\/uploads\/2025\/09\/columna-ivan-Trevino.png","url2x":"https:\/\/visionciudadana.com.mx\/oficial\/wp-content\/uploads\/2025\/09\/columna-ivan-Trevino.png"},"0":null,"1":"","2":"","3":"","4":"","5":"","6":"","7":"","8":""}],"_links":{"self":[{"href":"https:\/\/visionciudadana.com.mx\/oficial\/wp-json\/wp\/v2\/posts\/14494","targetHints":{"allow":["GET"]}}],"collection":[{"href":"https:\/\/visionciudadana.com.mx\/oficial\/wp-json\/wp\/v2\/posts"}],"about":[{"href":"https:\/\/visionciudadana.com.mx\/oficial\/wp-json\/wp\/v2\/types\/post"}],"author":[{"embeddable":true,"href":"https:\/\/visionciudadana.com.mx\/oficial\/wp-json\/wp\/v2\/users\/1"}],"replies":[{"embeddable":true,"href":"https:\/\/visionciudadana.com.mx\/oficial\/wp-json\/wp\/v2\/comments?post=14494"}],"version-history":[{"count":0,"href":"https:\/\/visionciudadana.com.mx\/oficial\/wp-json\/wp\/v2\/posts\/14494\/revisions"}],"wp:featuredmedia":[{"embeddable":true,"href":"https:\/\/visionciudadana.com.mx\/oficial\/wp-json\/wp\/v2\/posts\/6084"}],"wp:attachment":[{"href":"https:\/\/visionciudadana.com.mx\/oficial\/wp-json\/wp\/v2\/media?parent=14494"}],"wp:term":[{"taxonomy":"category","embeddable":true,"href":"https:\/\/visionciudadana.com.mx\/oficial\/wp-json\/wp\/v2\/categories?post=14494"},{"taxonomy":"post_tag","embeddable":true,"href":"https:\/\/visionciudadana.com.mx\/oficial\/wp-json\/wp\/v2\/tags?post=14494"},{"taxonomy":"author","embeddable":true,"href":"https:\/\/visionciudadana.com.mx\/oficial\/wp-json\/wp\/v2\/ppma_author?post=14494"}],"curies":[{"name":"wp","href":"https:\/\/api.w.org\/{rel}","templated":true}]}}