{"id":14489,"date":"2020-12-01T22:38:09","date_gmt":"2020-12-01T22:38:09","guid":{"rendered":"https:\/\/visionciudadana.com.mx\/prueba\/2020\/12\/01\/sinaloa-en-trabajo-constante-en-la-lucha-contra-el-vih-sida\/"},"modified":"2020-12-01T22:38:09","modified_gmt":"2020-12-01T22:38:09","slug":"sinaloa-en-trabajo-constante-en-la-lucha-contra-el-vih-sida","status":"publish","type":"post","link":"https:\/\/visionciudadana.com.mx\/oficial\/2020\/12\/01\/sinaloa-en-trabajo-constante-en-la-lucha-contra-el-vih-sida\/","title":{"rendered":"Sinaloa en trabajo constante en la lucha contra el VIH SIDA"},"content":{"rendered":"<p><img fetchpriority=\"high\" decoding=\"async\" src=\"images\/2020\/NOV20\/DIC20\/trabajo_constante_VIH.PNG\" alt=\"trabajo constante VIH\" width=\"478\" height=\"278\" style=\"display: block; margin-left: auto; margin-right: auto;\" \/><\/p>\n<p class=\"x_MsoNormal\" style=\"text-align: justify;\"><span style=\"font-size: 14pt; font-family: arial, helvetica, sans-serif;\">En el marco del D\u00eda Mundial de la Lucha contra el VIH SIDA bajo el lema \u201cSolidaridad mundial, responsabilidad compartida\u201d, y con el objetivo de concientizar al equipo m\u00e9dico, param\u00e9dico, administrativo y de cada una de las \u00e1reas de las diferentes unidades de salud, se realiz\u00f3 la Conferencia Magistral \u201cPrevenci\u00f3n del Estigma y Discriminaci\u00f3n en el Acceso a los Servicios de Salud de las Personas dela Comunidad LGBTTTI, la cual fue impartida por la Dra. Gabriela Aldapa Leal, Directora de CAPACITS Culiac\u00e1n.<\/span><\/p>\n<p style=\"text-align: justify;\">&nbsp;<\/p>\n<p class=\"x_MsoNormal\" style=\"text-align: justify;\"><span style=\"font-size: 14pt; font-family: arial, helvetica, sans-serif;\">A nombre del Secretario de Salud de Sinaloa, Dr. Efr\u00e9n Encinas Torres, el Dr. V\u00edctor Hugo S\u00e1nchez Malof, Subsecretario de Salud en la Entidad, estableci\u00f3 que en Sinaloa la lucha contra enfermedades de trasmisi\u00f3n sexual como el VIH SIDA es permanente, asimismo denot\u00f3 la importancia de que la sociedad en general y especialmente el personal m\u00e9dico se concientice y capacite para mejorar la atenci\u00f3n medica de estos pacientes.<\/span><\/p>\n<p style=\"text-align: justify;\">&nbsp;<\/p>\n<p class=\"x_MsoNormal\" style=\"text-align: justify;\"><span style=\"font-size: 14pt; font-family: arial, helvetica, sans-serif;\">Agreg\u00f3 que, gracias a la informaci\u00f3n que se otorga en cada unidad m\u00e9dica, as\u00ed como el acceso gratuito de condones, en nuestro pa\u00eds se ha logrado una disminuci\u00f3n importante en las nuevas infecciones de VIH en un 39%, pasando de 15 mil casos a 9 mil 300 nuevas infecciones anuales.<\/span><\/p>\n<p style=\"text-align: justify;\">&nbsp;<\/p>\n<p class=\"x_MsoNormal\" style=\"text-align: justify;\"><span style=\"font-size: 14pt; font-family: arial, helvetica, sans-serif;\">\u201cAhora con un tratamiento de una vez al d\u00eda que no tiene tantas secuelas el tratamiento como tuvieron algunas que mantuvieron algunas incomodidades como estomacales etc., yo creo que eso es lo importante, el que lleguen a tiempo todos esos pacientes les vamos a dar una calidad de vida muy importante, por eso es muy importante esta conferencia magistral que vamos a tener esta ma\u00f1ana\u201d, indic\u00f3.<\/span><\/p>\n<p style=\"text-align: justify;\">&nbsp;<\/p>\n<p class=\"x_MsoNormal\" style=\"text-align: justify;\"><span style=\"font-size: 14pt; font-family: arial, helvetica, sans-serif;\">Por su parte, el Dr. Juan Manuel Garc\u00eda D\u00edaz, Jefe del Programa VIH SIDA, detall\u00f3 que las capacitaciones que se impartir\u00e1n este d\u00eda tienen un triple objetivo; aumentar la conciencia p\u00fablica sobre la importancia de la educaci\u00f3n en la prevenci\u00f3n y el tratamiento del VIH SIDA, dar a conocer la situaci\u00f3n actual de la enfermedad e impulsar los avances y manifestar la solidaridad y el apoyo a las personas que viven con VIH en nuestro pa\u00eds y por supuesto en nuestro estado.<\/span><\/p>\n<p style=\"text-align: justify;\">&nbsp;<\/p>\n<p class=\"x_MsoNormal\" style=\"text-align: justify;\"><span style=\"font-size: 14pt; font-family: arial, helvetica, sans-serif;\">Detall\u00f3 que, en el 2019 se detectaron 38 millones de personas con VIH en el mundo, de ellas el 81% conocen su estado con respecto a este virus y en M\u00e9xico 1 de cada 4 personas que viven con VIH no saben que se encuentran infectados y 9 de cada 10 que viven con VIH conocen su diagn\u00f3stico y se encuentran con tratamiento anti retroviral.<\/span><\/p>\n<p style=\"text-align: justify;\">&nbsp;<\/p>\n<p class=\"x_MsoNormal\" style=\"text-align: justify;\"><span style=\"font-size: 14pt; font-family: arial, helvetica, sans-serif;\">\u201cEn el mundo en general, el incremento al acceso del tratamiento anti retroviral ha permitido una disminuci\u00f3n en un 35% de muertes asociadas al SIDA cerrar la brecha en materia de prevenci\u00f3n, detecci\u00f3n, diagn\u00f3stico y tratamiento del VIH sida es urgente e imperiosa necesidad de eliminar pr\u00e1cticas discriminatorias que prevalecen en nuestra sociedad, la eliminaci\u00f3n de la discriminaci\u00f3n y el respeto a los derechos humanos en el SIDA son una prioridad\u201d, manifest\u00f3.<\/span><\/p>\n<p style=\"text-align: justify;\">&nbsp;<\/p>\n<p class=\"x_MsoNormal\" style=\"text-align: justify;\"><span style=\"font-size: 14pt; font-family: arial, helvetica, sans-serif;\">As\u00ed mismo, invit\u00f3 a la poblaci\u00f3n para que acudan a los CAPASITS (Centros Ambulatorios para Prevenci\u00f3n y Atenci\u00f3n del VIH sida e Infecciones de Transmisi\u00f3n Sexual) para que soliciten la prueba r\u00e1pida del VIH, la cual es gratuita, con resultados en tan s\u00f3lo 15 minutos. Estos centros se encuentran ubicados en:<\/span><\/p>\n<p class=\"x_MsoNormal\" style=\"text-align: justify;\"><span style=\"font-size: 14pt; font-family: arial, helvetica, sans-serif;\">CAPASITS&nbsp; CULIACAN:<\/span><\/p>\n<p class=\"x_MsoNormal\" style=\"text-align: justify;\"><span style=\"font-size: 14pt; font-family: arial, helvetica, sans-serif;\">BOULEVARD LOLA BELTRAN No: 1001 PTE. FRACCIONAMIENTO RINCON DEL HUMAYA CULIACAN SINALOA, C,P. 80020<\/span><\/p>\n<p class=\"x_MsoNormal\" style=\"text-align: justify;\"><span style=\"font-size: 14pt; font-family: arial, helvetica, sans-serif;\">01 (667) 1 46 91 23&nbsp; y 1 46 91 24<\/span><\/p>\n<p class=\"x_MsoNormal\" style=\"text-align: justify;\"><span style=\"font-size: 14pt; font-family: arial, helvetica, sans-serif;\">CAPASITS&nbsp;&nbsp; MAZATL\u00c1N:<\/span><\/p>\n<p class=\"x_MsoNormal\" style=\"text-align: justify;\"><span style=\"font-size: 14pt; font-family: arial, helvetica, sans-serif;\">AVE. FERROCARRIL S\/N, COLONIA SANTA ELENA<\/span><\/p>\n<p class=\"x_MsoNormal\" style=\"text-align: justify;\"><span style=\"font-size: 14pt; font-family: arial, helvetica, sans-serif;\">01 66 99 81 60 00,&nbsp; a un costado de Hospital General de Mazatl\u00e1n C.P. 82186<\/span><\/p>\n<p class=\"x_MsoNormal\" style=\"text-align: justify;\"><span style=\"font-size: 14pt; font-family: arial, helvetica, sans-serif;\">CAPASITS&nbsp;&nbsp; DE LOS MOCHIS<\/span><\/p>\n<p class=\"x_MsoNormal\" style=\"text-align: justify;\"><span style=\"font-size: 14pt; font-family: arial, helvetica, sans-serif;\">MELCHOR OCAMPO ENTRE NI\u00d1OS H\u00c9ROES Y CONSTITUCI\u00d3N COL. ANAHUAC, C.P. 81280<\/span><\/p>\n<p class=\"x_MsoNormal\" style=\"text-align: justify;\"><span style=\"font-size: 14pt; font-family: arial, helvetica, sans-serif;\">01 (668) 17 58 83, a un costado de la Jurisdicci\u00f3n sanitaria.<\/span><\/p>\n<p style=\"text-align: justify;\">&nbsp;<\/p>\n<p style=\"text-align: justify;\"><span style=\"font-size: 14pt; font-family: arial, helvetica, sans-serif;\">REDACCI\u00d3N\/VISI\u00d3N CIUDADANA.<\/span><\/p>\n<p>&nbsp;<\/p>\n","protected":false},"excerpt":{"rendered":"<p>En el marco del D\u00eda Mundial de la Lucha contra el VIH SIDA bajo el lema \u201cSolidaridad mundial, responsabilidad compartida\u201d, y con el objetivo de concientizar al equipo m\u00e9dico, param\u00e9dico, administrativo y de cada una de las \u00e1reas de las diferentes unidades de salud, se realiz\u00f3 la Conferencia Magistral \u201cPrevenci\u00f3n del Estigma y Discriminaci\u00f3n en [&hellip;]<\/p>\n","protected":false},"author":1,"featured_media":6074,"comment_status":"open","ping_status":"closed","sticky":false,"template":"","format":"standard","meta":{"footnotes":""},"categories":[13],"tags":[],"ppma_author":[31],"class_list":["post-14489","post","type-post","status-publish","format-standard","has-post-thumbnail","hentry","category-locales"],"aioseo_notices":[],"authors":[{"term_id":31,"user_id":1,"is_guest":0,"slug":"ivan3vino","display_name":"Iv\u00e1n Trevi\u00f1o","avatar_url":{"url":"https:\/\/visionciudadana.com.mx\/oficial\/wp-content\/uploads\/2025\/09\/columna-ivan-Trevino.png","url2x":"https:\/\/visionciudadana.com.mx\/oficial\/wp-content\/uploads\/2025\/09\/columna-ivan-Trevino.png"},"0":null,"1":"","2":"","3":"","4":"","5":"","6":"","7":"","8":""}],"_links":{"self":[{"href":"https:\/\/visionciudadana.com.mx\/oficial\/wp-json\/wp\/v2\/posts\/14489","targetHints":{"allow":["GET"]}}],"collection":[{"href":"https:\/\/visionciudadana.com.mx\/oficial\/wp-json\/wp\/v2\/posts"}],"about":[{"href":"https:\/\/visionciudadana.com.mx\/oficial\/wp-json\/wp\/v2\/types\/post"}],"author":[{"embeddable":true,"href":"https:\/\/visionciudadana.com.mx\/oficial\/wp-json\/wp\/v2\/users\/1"}],"replies":[{"embeddable":true,"href":"https:\/\/visionciudadana.com.mx\/oficial\/wp-json\/wp\/v2\/comments?post=14489"}],"version-history":[{"count":0,"href":"https:\/\/visionciudadana.com.mx\/oficial\/wp-json\/wp\/v2\/posts\/14489\/revisions"}],"wp:featuredmedia":[{"embeddable":true,"href":"https:\/\/visionciudadana.com.mx\/oficial\/wp-json\/wp\/v2\/posts\/6074"}],"wp:attachment":[{"href":"https:\/\/visionciudadana.com.mx\/oficial\/wp-json\/wp\/v2\/media?parent=14489"}],"wp:term":[{"taxonomy":"category","embeddable":true,"href":"https:\/\/visionciudadana.com.mx\/oficial\/wp-json\/wp\/v2\/categories?post=14489"},{"taxonomy":"post_tag","embeddable":true,"href":"https:\/\/visionciudadana.com.mx\/oficial\/wp-json\/wp\/v2\/tags?post=14489"},{"taxonomy":"author","embeddable":true,"href":"https:\/\/visionciudadana.com.mx\/oficial\/wp-json\/wp\/v2\/ppma_author?post=14489"}],"curies":[{"name":"wp","href":"https:\/\/api.w.org\/{rel}","templated":true}]}}