{"id":14484,"date":"2020-12-01T22:08:23","date_gmt":"2020-12-01T22:08:23","guid":{"rendered":"https:\/\/visionciudadana.com.mx\/prueba\/2020\/12\/01\/entrega-quirino-mobiliario-acerca-de-600-escuelas\/"},"modified":"2020-12-01T22:08:23","modified_gmt":"2020-12-01T22:08:23","slug":"entrega-quirino-mobiliario-acerca-de-600-escuelas","status":"publish","type":"post","link":"https:\/\/visionciudadana.com.mx\/oficial\/2020\/12\/01\/entrega-quirino-mobiliario-acerca-de-600-escuelas\/","title":{"rendered":"Entrega Quirino mobiliario acerca de 600 escuelas"},"content":{"rendered":"<p><img fetchpriority=\"high\" decoding=\"async\" src=\"images\/2020\/NOV20\/DIC20\/entrega_quiri_mobiliario.PNG\" alt=\"entrega quiri mobiliario\" width=\"466\" height=\"259\" style=\"display: block; margin-left: auto; margin-right: auto;\" \/><\/p>\n<p class=\"x_MsoNormal\" style=\"text-align: justify;\"><span style=\"font-size: 14pt; font-family: arial, helvetica, sans-serif;\">Un total de 577 escuelas p\u00fablicas de educaci\u00f3n b\u00e1sica de diferentes municipios del estado recibieron mobiliario escolar con valor de 27 millones de pesos, de parte del gobernador Quirino Ordaz Coppel y del secretario de Educaci\u00f3n P\u00fablica y Cultura, Juan Alfonso Mej\u00eda L\u00f3pez, con la finalidad de reponer butacas, sillas y mesas binarias deterioradas por el abandono de estos meses de ausencia de clases presenciales.<\/span><\/p>\n<p style=\"text-align: justify;\">&nbsp;<\/p>\n<p class=\"x_MsoNormal\" style=\"text-align: justify;\"><span style=\"font-size: 14pt; font-family: arial, helvetica, sans-serif;\">La entrega del mobiliario tuvo lugar en la Plaza de los Valores, en las instalaciones de la SEPyC, donde el mandatario estatal reiter\u00f3 una vez m\u00e1s su reconocimiento al trabajo de los maestros, ahora en esta nueva normalidad de educaci\u00f3n a distancia, en la impartici\u00f3n de las clases de manera virtual, para continuar con la ense\u00f1anza de los estudiantes ante esta pandemia del COVID.<\/span><\/p>\n<p style=\"text-align: justify;\">&nbsp;<\/p>\n<p class=\"x_MsoNormal\" style=\"text-align: justify;\"><span style=\"font-size: 14pt; font-family: arial, helvetica, sans-serif;\">\u201cLos felicito por la chamba que han hecho, ha sido una etapa bien dif\u00edcil que nos ha tocado trabajar juntos, nadie nos imagin\u00e1bamos hace un a\u00f1o hablar de una pandemia, y cuando lleg\u00f3 pens\u00e1bamos que iba a durar poco tiempo, y resulta ser que esto todav\u00eda va para largo\u201d, les dijo a los supervisores y directores de escuelas que acudieron por el mobiliario.<\/span><\/p>\n<p style=\"text-align: justify;\">&nbsp;<\/p>\n<p class=\"x_MsoNormal\" style=\"text-align: justify;\"><span style=\"font-size: 14pt; font-family: arial, helvetica, sans-serif;\">Reconoci\u00f3 que en medio de la pandemia, algo dif\u00edcil han sido las clases a distancia en los hogares, que involucra tambi\u00e9n a los padres de familia, sobre todo las amas de casa, quienes tambi\u00e9n han hecho un gran esfuerzo, el cual se agradece. A\u00f1adi\u00f3 que en lo personal espera que en enero se establezca un regreso presencial a las aulas, pues se tendr\u00e1 que vivir con una nueva normalidad del COVID.<\/span><\/p>\n<p style=\"text-align: justify;\">&nbsp;<\/p>\n<p class=\"x_MsoNormal\" style=\"text-align: justify;\"><span style=\"font-size: 14pt; font-family: arial, helvetica, sans-serif;\">Al respecto, el gobernador del estado coment\u00f3 que Sinaloa se ha mantenido estable en n\u00famero de casos, con tendencia a la baja, pero de cualquier manera reiter\u00f3 su exhorto a evitar las tradicionales posadas y reuniones en esta temporada decembrina, a fin de no generar un rebrote de contagios.<\/span><\/p>\n<p style=\"text-align: justify;\">&nbsp;<\/p>\n<p class=\"x_MsoNormal\" style=\"text-align: justify;\"><span style=\"font-size: 14pt; font-family: arial, helvetica, sans-serif;\">\u201cHay que cuidarnos mucho este mes, porque son las posadas, no puede haber posadas, no nos conviene, quisi\u00e9ramos pero hay que entenderlo que no nos ayuda mucho, porque en los convivios es donde se puede generar alguna cadena de contagios, incluso el que lo trae ni darse cuenta de que lo trae\u201d, precis\u00f3.<\/span><\/p>\n<p style=\"text-align: justify;\">&nbsp;<\/p>\n<p class=\"x_MsoNormal\" style=\"text-align: justify;\"><span style=\"font-size: 14pt; font-family: arial, helvetica, sans-serif;\">Por su parte, el secretario de Educaci\u00f3n P\u00fablica y Cultura, Juan Alfonso Mej\u00eda L\u00f3pez, explic\u00f3 que el mobiliario entregado en esta ocasi\u00f3n representa una erogaci\u00f3n de 27 millones de pesos, de un seguro que hist\u00f3ricamente ha existido en Sinaloa, pero que nunca se hab\u00eda ejercido en favor de las escuelas.<\/span><\/p>\n<p style=\"text-align: justify;\">&nbsp;<\/p>\n<p class=\"x_MsoNormal\" style=\"text-align: justify;\"><span style=\"font-size: 14pt; font-family: arial, helvetica, sans-serif;\">A\u00f1adi\u00f3 que mediante la entrega de este mobiliario a las 577 escuelas del nivel b\u00e1sico beneficiadas, se est\u00e1n preparando para un eventual regreso presencial a las aulas, a\u00fan no determinado con precisi\u00f3n, pero cuando se produzca, contar con las herramientas adecuadas.<\/span><\/p>\n<p style=\"text-align: justify;\">&nbsp;<\/p>\n<p class=\"x_MsoNormal\" style=\"text-align: justify;\"><span style=\"font-size: 14pt; font-family: arial, helvetica, sans-serif;\">\u201cPensar en el mobiliario es pensar en la dignificaci\u00f3n del espacio, y aqu\u00ed no me dejar\u00e1n mentir que hay maestros y maestras, se\u00f1or gobernador, que le dir\u00e1n que en 15 \u00f3 20 a\u00f1os no han recibido una pieza de mobiliario\u201d, precis\u00f3.<\/span><\/p>\n<p style=\"text-align: justify;\">&nbsp;<\/p>\n<p class=\"x_MsoNormal\" style=\"text-align: justify;\"><span style=\"font-size: 14pt; font-family: arial, helvetica, sans-serif;\">A su vez, el secretario general de la Secci\u00f3n 53 del Sindicato Nacional de Trabajadores de la Educaci\u00f3n (SNTE), Fernando Sandoval Angulo, le reconoci\u00f3 el al gobernador Quirino Ordaz Coppel el despliegue de apoyo a las escuelas, porque hoy m\u00e1s que nunca el sector educativo requiere este tipo de ayuda.<\/span><\/p>\n<p style=\"text-align: justify;\">&nbsp;<\/p>\n<p class=\"x_MsoNormal\" style=\"text-align: justify;\"><span style=\"font-size: 14pt; font-family: arial, helvetica, sans-serif;\">De igual manera, agradeci\u00f3 al secretario Juan Alfonso Mej\u00eda, que en medio de las restricciones financieras, haya podido lograr hacer efectivo este seguro escolar que nunca antes se hab\u00eda podido utilizar, pese a estarse pagando.<\/span><\/p>\n<p style=\"text-align: justify;\">&nbsp;<\/p>\n<p class=\"x_MsoNormal\" style=\"text-align: justify;\"><span style=\"font-size: 14pt; font-family: arial, helvetica, sans-serif;\">El l\u00edder sindical del SNTE aprovech\u00f3 la ocasi\u00f3n para agradecerle al gobernador del estado la entrega de 11 millones de pesos hace una semana, en cr\u00e9ditos del fondo de Vivienda del ISSSTEESIN.<\/span><\/p>\n<p style=\"text-align: justify;\">&nbsp;<\/p>\n<p class=\"x_MsoNormal\" style=\"text-align: justify;\"><span style=\"font-size: 14pt; font-family: arial, helvetica, sans-serif;\">Tambi\u00e9n acompa\u00f1aron al gobernador Quirino Ordaz Coppel en esta entrega de mobiliario, el secretario de Salud, Efr\u00e9n Encinas Torres; y el presidente municipal de Culiac\u00e1n, Jes\u00fas Estrada Ferreiro.&nbsp;<\/span><\/p>\n<p style=\"text-align: justify;\">&nbsp;<\/p>\n<p style=\"text-align: justify;\"><span style=\"font-size: 14pt; font-family: arial, helvetica, sans-serif;\">REDACCI\u00d3N\/VISI\u00d3N CIUDADANA.<\/span><\/p>\n","protected":false},"excerpt":{"rendered":"<p>Un total de 577 escuelas p\u00fablicas de educaci\u00f3n b\u00e1sica de diferentes municipios del estado recibieron mobiliario escolar con valor de 27 millones de pesos, de parte del gobernador Quirino Ordaz Coppel y del secretario de Educaci\u00f3n P\u00fablica y Cultura, Juan Alfonso Mej\u00eda L\u00f3pez, con la finalidad de reponer butacas, sillas y mesas binarias deterioradas por [&hellip;]<\/p>\n","protected":false},"author":1,"featured_media":6064,"comment_status":"open","ping_status":"closed","sticky":false,"template":"","format":"standard","meta":{"footnotes":""},"categories":[24],"tags":[],"ppma_author":[31],"class_list":["post-14484","post","type-post","status-publish","format-standard","has-post-thumbnail","hentry","category-relevantes"],"aioseo_notices":[],"authors":[{"term_id":31,"user_id":1,"is_guest":0,"slug":"ivan3vino","display_name":"Iv\u00e1n Trevi\u00f1o","avatar_url":{"url":"https:\/\/visionciudadana.com.mx\/oficial\/wp-content\/uploads\/2025\/09\/columna-ivan-Trevino.png","url2x":"https:\/\/visionciudadana.com.mx\/oficial\/wp-content\/uploads\/2025\/09\/columna-ivan-Trevino.png"},"0":null,"1":"","2":"","3":"","4":"","5":"","6":"","7":"","8":""}],"_links":{"self":[{"href":"https:\/\/visionciudadana.com.mx\/oficial\/wp-json\/wp\/v2\/posts\/14484","targetHints":{"allow":["GET"]}}],"collection":[{"href":"https:\/\/visionciudadana.com.mx\/oficial\/wp-json\/wp\/v2\/posts"}],"about":[{"href":"https:\/\/visionciudadana.com.mx\/oficial\/wp-json\/wp\/v2\/types\/post"}],"author":[{"embeddable":true,"href":"https:\/\/visionciudadana.com.mx\/oficial\/wp-json\/wp\/v2\/users\/1"}],"replies":[{"embeddable":true,"href":"https:\/\/visionciudadana.com.mx\/oficial\/wp-json\/wp\/v2\/comments?post=14484"}],"version-history":[{"count":0,"href":"https:\/\/visionciudadana.com.mx\/oficial\/wp-json\/wp\/v2\/posts\/14484\/revisions"}],"wp:featuredmedia":[{"embeddable":true,"href":"https:\/\/visionciudadana.com.mx\/oficial\/wp-json\/wp\/v2\/posts\/6064"}],"wp:attachment":[{"href":"https:\/\/visionciudadana.com.mx\/oficial\/wp-json\/wp\/v2\/media?parent=14484"}],"wp:term":[{"taxonomy":"category","embeddable":true,"href":"https:\/\/visionciudadana.com.mx\/oficial\/wp-json\/wp\/v2\/categories?post=14484"},{"taxonomy":"post_tag","embeddable":true,"href":"https:\/\/visionciudadana.com.mx\/oficial\/wp-json\/wp\/v2\/tags?post=14484"},{"taxonomy":"author","embeddable":true,"href":"https:\/\/visionciudadana.com.mx\/oficial\/wp-json\/wp\/v2\/ppma_author?post=14484"}],"curies":[{"name":"wp","href":"https:\/\/api.w.org\/{rel}","templated":true}]}}