{"id":14482,"date":"2020-12-01T22:01:46","date_gmt":"2020-12-01T22:01:46","guid":{"rendered":"https:\/\/visionciudadana.com.mx\/prueba\/2020\/12\/01\/busca-sipinna-conocer-que-tanto-saben-ninas-ninos-y-adolescentes-sobre-sus-derechos-sexuales-y-reproductivos\/"},"modified":"2020-12-01T22:01:46","modified_gmt":"2020-12-01T22:01:46","slug":"busca-sipinna-conocer-que-tanto-saben-ninas-ninos-y-adolescentes-sobre-sus-derechos-sexuales-y-reproductivos","status":"publish","type":"post","link":"https:\/\/visionciudadana.com.mx\/oficial\/2020\/12\/01\/busca-sipinna-conocer-que-tanto-saben-ninas-ninos-y-adolescentes-sobre-sus-derechos-sexuales-y-reproductivos\/","title":{"rendered":"Busca Sipinna conocer qu\u00e9 tanto saben ninas, ni\u00f1os y adolescentes sobre sus derechos sexuales y reproductivos"},"content":{"rendered":"<div style=\"text-align: justify;\"><img fetchpriority=\"high\" decoding=\"async\" src=\"images\/2020\/NOV20\/DIC20\/busca_sipinna_conocer.PNG\" alt=\"busca sipinna conocer\" width=\"455\" height=\"243\" style=\"display: block; margin-left: auto; margin-right: auto;\" \/><\/div>\n<div>&nbsp;<\/div>\n<div style=\"text-align: justify;\"><span style=\"font-size: 14pt; font-family: arial, helvetica, sans-serif;\">A trav\u00e9s de una encuesta en l\u00ednea que consta de una serie de preguntas encaminadas a conocer qu\u00e9 tanto saben ni\u00f1as, ni\u00f1os y adolescentes sobre sus derechos sexuales y reproductivos, la Secretar\u00eda Ejecutiva del Sistema de Protecci\u00f3n Integral de Ni\u00f1as, Ni\u00f1os y Adolescentes (SIPINNA), busca dar voz a este sector de la poblaci\u00f3n.<\/span><\/div>\n<div style=\"text-align: justify;\">&nbsp;<\/div>\n<div style=\"text-align: justify;\"><span style=\"font-size: 14pt; font-family: arial, helvetica, sans-serif;\"><\/span><\/div>\n<div style=\"text-align: justify;\"><span style=\"font-size: 14pt; font-family: arial, helvetica, sans-serif;\">Margarita Ur\u00edas Burgos, Secretaria Ejecutiva del SIPINNA, mencion\u00f3 que el objetivo, dijo es poder recopilar las opiniones de ni\u00f1as, ni\u00f1os y adolescentes de los 9 a\u00f1os a menos de 18 a\u00f1os, sobre sus derechos sexuales y reproductivos, posicionar la voz de la NNA como parte de la sociedad y que necesariamente debe ser escuchada y convertida en acciones p\u00fablicas.<\/span><\/div>\n<div style=\"text-align: justify;\">&nbsp;<\/div>\n<div style=\"text-align: justify;\"><span style=\"font-size: 14pt; font-family: arial, helvetica, sans-serif;\"><\/span><\/div>\n<div style=\"text-align: justify;\"><span style=\"font-size: 14pt; font-family: arial, helvetica, sans-serif;\">Despu\u00e9s de esto se integrar\u00e1, sistematizar\u00e1 y analizar\u00e1n los resultados con el fin de poder desarrollar m\u00e1s y mejores acciones que ayuden a enfrentar las diferentes problem\u00e1ticas en cuanto a embarazo infantil y\/o adolescente, abuso sexual, entre otros.<\/span><\/div>\n<div style=\"text-align: justify;\">&nbsp;<\/div>\n<div style=\"text-align: justify;\"><span style=\"font-size: 14pt; font-family: arial, helvetica, sans-serif;\"><\/span><\/div>\n<div style=\"text-align: justify;\"><span style=\"font-size: 14pt; font-family: arial, helvetica, sans-serif;\">\u201cLa participaci\u00f3n es el ejercicio de integraci\u00f3n social en la que NNA analizan, opinan, inciden, son escuchados y tomados en cuenta para efectuar cambios reales en todo aquello que les afecta o interesa. Al realizar estas consultas se busca reconocer y aceptar el juicio propio de la ni\u00f1ez y adolescencia de acuerdo a su edad, madurez y desarrollo cognitivo\u201d, detall\u00f3.&nbsp;<\/span><\/div>\n<div style=\"text-align: justify;\"><span style=\"font-size: 14pt; font-family: arial, helvetica, sans-serif;\"><\/span><\/div>\n<div style=\"text-align: justify;\">&nbsp;<\/div>\n<div style=\"text-align: justify;\"><span style=\"font-size: 14pt; font-family: arial, helvetica, sans-serif;\">Por su parte la Jefa del Departamento de Investigaci\u00f3n y Capacitaci\u00f3n Jetzabel Rojo Garc\u00eda, inform\u00f3 que el programa lleva por nombre \u201cDiagn\u00f3stico sobre Derechos Sexuales y Reproductivos de Ni\u00f1as, Ni\u00f1os y Adolescentes\u201d, y es un mecanismo de participaci\u00f3n que tiene como prop\u00f3sito realizar sondeos de opini\u00f3n a ni\u00f1as, ni\u00f1os y adolescentes a trav\u00e9s de un cuestionario en l\u00ednea sobre sus derechos sexuales y reproductivos.<\/span><\/div>\n<div style=\"text-align: justify;\">&nbsp;<\/div>\n<div style=\"text-align: justify;\"><span style=\"font-size: 14pt; font-family: arial, helvetica, sans-serif;\"><\/span><\/div>\n<div style=\"text-align: justify;\"><span style=\"font-size: 14pt; font-family: arial, helvetica, sans-serif;\">Se\u00f1al\u00f3 que para desarrollar la metodolog\u00eda que se usar\u00e1 en el diagnostico se apoyaron en la Estrategia Nacional para la Prevenci\u00f3n del Embarazo en Adolescentes, en el Grupo Estatal para la Prevenci\u00f3n del Embarazo Adolescente y el Subgrupo de indicadores para monitoreo y evaluaci\u00f3n del GEPEA, as\u00ed como en la Ruta para la Atenci\u00f3n y Protecci\u00f3n Integral de Ni\u00f1as y Adolescentes Madres y\/o Embarazadas menores de 15 a\u00f1os (NAME) y sus hijas e hijos, contando tambi\u00e9n con el seguimiento de la SE SIPINNA Nacional.&nbsp;<\/span><\/div>\n<div style=\"text-align: justify;\">&nbsp;<\/div>\n<div style=\"text-align: justify;\"><span style=\"font-size: 14pt; font-family: arial, helvetica, sans-serif;\"><\/span><\/div>\n<div style=\"text-align: justify;\"><span style=\"font-size: 14pt; font-family: arial, helvetica, sans-serif;\">El Dr. Juan Carlos Navarro Guerrero, Subdirector de Prevenci\u00f3n Control de Enfermedades de la Secretar\u00eda de Salud de Sinaloa,&nbsp; manifest\u00f3 que normalmente se habla de los derechos de las y los adultos, inclusive m\u00e1s de los derechos sexuales y reproductivos en la adolescencia, pero poco de los de las infancias, raz\u00f3n por la cual celebra el arranque del diagn\u00f3stico, con el cual espera se logre obtener informaci\u00f3n precisa que permita poner en marcha programas enfocados a las ni\u00f1as y ni\u00f1os de Sinaloa.&nbsp;<\/span><\/div>\n<div style=\"text-align: justify;\">&nbsp;<\/div>\n<div style=\"text-align: justify;\"><span style=\"font-size: 14pt; font-family: arial, helvetica, sans-serif;\"><\/span><\/div>\n<div style=\"text-align: justify;\"><span style=\"font-size: 14pt; font-family: arial, helvetica, sans-serif;\">\u201cPodemos tener un claro panorama de lo que podemos generar a partir del a\u00f1o 2021 y empezar a trabajar para dar un mejor resultado, apost\u00e1ndole m\u00e1s a la salud reproductiva de los ni\u00f1os y las ni\u00f1as. Tenemos una gran tarea que sacar adelante y claro que con el esfuerzo de todas las instituciones y con la directriz de la SE SIPINNA vamos a poder tener mejores resultados\u201d, dijo.&nbsp;<\/span><\/div>\n<div style=\"text-align: justify;\">&nbsp;<\/div>\n<div style=\"text-align: justify;\"><span style=\"font-size: 14pt; font-family: arial, helvetica, sans-serif;\"><\/span><\/div>\n<div style=\"text-align: justify;\"><span style=\"font-size: 14pt; font-family: arial, helvetica, sans-serif;\">Para finalizar, Margarita Ur\u00edas Burgos invit\u00f3 a padres, madres y\/o personas tutoras a servir de ayuda para contestar la encuesta a las ni\u00f1as y ni\u00f1os de menos edad. Asever\u00f3 que esta no les quitar\u00e1 m\u00e1s de cinco minutos y podr\u00e1n encontrar la liga para acceder en las redes sociales de la SE SIPINNA y\/o a trav\u00e9s de la p\u00e1gina web www.sipinna.gob.mx, as\u00ed como en la p\u00e1gina web de la instituci\u00f3n, y&nbsp; en grupos de WhatsApp escolares, en los medios de comunicaci\u00f3n, entre otras.<\/span><\/div>\n<div style=\"text-align: justify;\">&nbsp;<\/div>\n<div style=\"text-align: justify;\"><span style=\"font-size: 14pt; font-family: arial, helvetica, sans-serif;\"><\/span><\/div>\n<div style=\"text-align: justify;\"><span style=\"font-size: 14pt; font-family: arial, helvetica, sans-serif;\">Recalc\u00f3 que todas las unidades jurisdiccionales de la Secretar\u00eda de Salud se sumar\u00e1n para obtener una respuesta favorable.<\/span><\/div>\n<div style=\"text-align: justify;\">&nbsp;<\/div>\n<div style=\"text-align: justify;\">&nbsp;<\/div>\n<div style=\"text-align: justify;\"><span style=\"font-size: 14pt; font-family: arial, helvetica, sans-serif;\">REDACCI\u00d3N\/VISI\u00d3N CIUDADANA.<\/span><\/div>\n","protected":false},"excerpt":{"rendered":"<p>&nbsp; A trav\u00e9s de una encuesta en l\u00ednea que consta de una serie de preguntas encaminadas a conocer qu\u00e9 tanto saben ni\u00f1as, ni\u00f1os y adolescentes sobre sus derechos sexuales y reproductivos, la Secretar\u00eda Ejecutiva del Sistema de Protecci\u00f3n Integral de Ni\u00f1as, Ni\u00f1os y Adolescentes (SIPINNA), busca dar voz a este sector de la poblaci\u00f3n. &nbsp; [&hellip;]<\/p>\n","protected":false},"author":1,"featured_media":6061,"comment_status":"open","ping_status":"closed","sticky":false,"template":"","format":"standard","meta":{"footnotes":""},"categories":[13],"tags":[],"ppma_author":[31],"class_list":["post-14482","post","type-post","status-publish","format-standard","has-post-thumbnail","hentry","category-locales"],"aioseo_notices":[],"authors":[{"term_id":31,"user_id":1,"is_guest":0,"slug":"ivan3vino","display_name":"Iv\u00e1n Trevi\u00f1o","avatar_url":{"url":"https:\/\/visionciudadana.com.mx\/oficial\/wp-content\/uploads\/2025\/09\/columna-ivan-Trevino.png","url2x":"https:\/\/visionciudadana.com.mx\/oficial\/wp-content\/uploads\/2025\/09\/columna-ivan-Trevino.png"},"0":null,"1":"","2":"","3":"","4":"","5":"","6":"","7":"","8":""}],"_links":{"self":[{"href":"https:\/\/visionciudadana.com.mx\/oficial\/wp-json\/wp\/v2\/posts\/14482","targetHints":{"allow":["GET"]}}],"collection":[{"href":"https:\/\/visionciudadana.com.mx\/oficial\/wp-json\/wp\/v2\/posts"}],"about":[{"href":"https:\/\/visionciudadana.com.mx\/oficial\/wp-json\/wp\/v2\/types\/post"}],"author":[{"embeddable":true,"href":"https:\/\/visionciudadana.com.mx\/oficial\/wp-json\/wp\/v2\/users\/1"}],"replies":[{"embeddable":true,"href":"https:\/\/visionciudadana.com.mx\/oficial\/wp-json\/wp\/v2\/comments?post=14482"}],"version-history":[{"count":0,"href":"https:\/\/visionciudadana.com.mx\/oficial\/wp-json\/wp\/v2\/posts\/14482\/revisions"}],"wp:featuredmedia":[{"embeddable":true,"href":"https:\/\/visionciudadana.com.mx\/oficial\/wp-json\/wp\/v2\/posts\/6061"}],"wp:attachment":[{"href":"https:\/\/visionciudadana.com.mx\/oficial\/wp-json\/wp\/v2\/media?parent=14482"}],"wp:term":[{"taxonomy":"category","embeddable":true,"href":"https:\/\/visionciudadana.com.mx\/oficial\/wp-json\/wp\/v2\/categories?post=14482"},{"taxonomy":"post_tag","embeddable":true,"href":"https:\/\/visionciudadana.com.mx\/oficial\/wp-json\/wp\/v2\/tags?post=14482"},{"taxonomy":"author","embeddable":true,"href":"https:\/\/visionciudadana.com.mx\/oficial\/wp-json\/wp\/v2\/ppma_author?post=14482"}],"curies":[{"name":"wp","href":"https:\/\/api.w.org\/{rel}","templated":true}]}}