{"id":14480,"date":"2020-12-01T21:53:21","date_gmt":"2020-12-01T21:53:21","guid":{"rendered":"https:\/\/visionciudadana.com.mx\/prueba\/2020\/12\/01\/dif-sinaloa-y-beneficiencia-publica-unen-esfuerzos-para-realizar-400-cirugias-de-cataratas\/"},"modified":"2020-12-01T21:53:21","modified_gmt":"2020-12-01T21:53:21","slug":"dif-sinaloa-y-beneficiencia-publica-unen-esfuerzos-para-realizar-400-cirugias-de-cataratas","status":"publish","type":"post","link":"https:\/\/visionciudadana.com.mx\/oficial\/2020\/12\/01\/dif-sinaloa-y-beneficiencia-publica-unen-esfuerzos-para-realizar-400-cirugias-de-cataratas\/","title":{"rendered":"DIF Sinaloa y Beneficiencia p\u00fablica unen esfuerzos para realizar 400 cirug\u00edas de cataratas"},"content":{"rendered":"<p><img fetchpriority=\"high\" decoding=\"async\" src=\"images\/2020\/NOV20\/sinaloa_y_beneficiencia.PNG\" alt=\"sinaloa y beneficiencia\" width=\"431\" height=\"248\" style=\"display: block; margin-left: auto; margin-right: auto;\" \/><\/p>\n<p style=\"text-align: justify;\"><b><span lang=\"ES-TRAD\"><\/span><\/b><span style=\"font-size: 14pt; font-family: arial, helvetica, sans-serif;\"><span lang=\"ES-TRAD\">M\u00e1s apoyos para los sectores m\u00e1s vulnerables, la presidenta del Sistema DIF Sinaloa, Rosy Fuentes de Ordaz, anunci\u00f3 que, en coordinaci\u00f3n con&nbsp;<\/span><span lang=\"ES-TRAD\">Beneficencia P\u00fablica Estatal, se realizar\u00e1n 400 cirug\u00edas de cataratas gratuitas.<\/span><\/span><\/p>\n<p style=\"text-align: justify;\">&nbsp;<\/p>\n<p style=\"text-align: justify;\"><span lang=\"ES-TRAD\" style=\"font-size: 14pt; font-family: arial, helvetica, sans-serif;\">La presidenta de DIF Estatal resalt\u00f3 el apoyo constante de quien dijo, ha sido el mejor aliado de la instituci\u00f3n, el gobernador Quirino Ordaz Coppel, quien ha respaldado cada uno de los programas de impacto social dirigidos a los sectores m\u00e1s vulnerables.<\/span><\/p>\n<p style=\"text-align: justify;\">&nbsp;<\/p>\n<p style=\"text-align: justify;\"><span lang=\"ES-TRAD\" style=\"font-size: 14pt; font-family: arial, helvetica, sans-serif;\">Tambi\u00e9n destac\u00f3 la importancia de una cirug\u00eda de cataratas: \u201cRealmente es muy grande la diferencia de vida entre el ver y presentar discapacidad visual, porque nos evita accidentes, impide socializar con la familia o salir con libertad a la calle por temor, y tanta gente que por falta del recurso econ\u00f3mico no se lo puede hacer, eso es lo que desde DIF nos empuja a seguir trabajando, a continuar buscando alianzas para estar con la gente que realmente lo necesita, ya saben que estamos para servirles, ese es nuestro compromiso, esa es nuestra tarea\u201d.<\/span><\/p>\n<p style=\"text-align: justify;\">&nbsp;<\/p>\n<p style=\"text-align: justify;\"><span lang=\"ES-TRAD\" style=\"font-size: 14pt; font-family: arial, helvetica, sans-serif;\">En compa\u00f1\u00eda de V\u00edctor S\u00e1nchez Malof, subsecretario de Salud, Carolina Hern\u00e1ndez Matus, directora de la Beneficencia P\u00fablica del Estado y Connie Zazueta Castro, &nbsp;teniendo como sede el Centro Integral de Discapacidad Visual (CIDIS) para el arranque de estas jornadas, la presidenta de DIF record\u00f3 que, desde su apertura, este espacio ha cambiado vidas en todo lo referente a la salud visual.<\/span><\/p>\n<p style=\"text-align: justify;\"><span lang=\"ES-TRAD\" style=\"font-size: 14pt; font-family: arial, helvetica, sans-serif;\"><\/span><\/p>\n<p style=\"text-align: justify;\"><span lang=\"ES-TRAD\" style=\"font-size: 14pt; font-family: arial, helvetica, sans-serif;\">Explic\u00f3 que este mes de diciembre se realizar\u00e1n 200 cirug\u00edas y a inicios del pr\u00f3ximo a\u00f1o se llevar\u00e1n a cabo 200 m\u00e1s: \u201cgracias la Beneficencia P\u00fablica, a la empresa Buena Vista por hacer posible este sue\u00f1o de cambiarles la vida a 400 personas\u201d.<\/span><\/p>\n<p style=\"text-align: justify;\">&nbsp;<\/p>\n<p style=\"text-align: justify;\"><span lang=\"ES-TRAD\" style=\"font-size: 14pt; font-family: arial, helvetica, sans-serif;\">Por su parte, Melida Murillo, beneficiaria de la jornada expres\u00f3 su agradecimiento: \u201choy para m\u00ed es un sue\u00f1o, mi esposo y yo nos anotamos en la convocatoria y fuimos aceptados, fue para m\u00ed una luz, porque cr\u00e9ame que agradecida estoy, estoy muy agradecida con DIF porque ya me van a operar, muchas gracias\u201d.<\/span><\/p>\n<p style=\"text-align: justify;\">&nbsp;<\/p>\n<p style=\"text-align: justify;\"><span style=\"font-size: 14pt; font-family: arial, helvetica, sans-serif;\">La directora general de DIF Sinaloa, Connie Zazueta Castro, Sinaloa detall\u00f3 que el Centro Integral de Discapacidad Visual (CIDIS) coordinar\u00e1 el procedimiento para las cirug\u00edas. Adem\u00e1s, dijo que para las primeras 200 cirug\u00edas de esta jornada se estima&nbsp;una inversi\u00f3n de 1.6 MDP.<\/span><\/p>\n<p style=\"text-align: justify;\">&nbsp;<\/p>\n<p style=\"text-align: justify;\"><span lang=\"ES-TRAD\" style=\"font-size: 14pt; font-family: arial, helvetica, sans-serif;\">Las y los interesados deber\u00e1n comunicarse al \u00e1rea trabajo social de CIDIS-DIF Sinaloa al tel\u00e9fono (667) 688 5971.<\/span><\/p>\n<p style=\"text-align: justify;\">&nbsp;<\/p>\n<p style=\"text-align: justify;\"><span lang=\"ES-TRAD\" style=\"font-size: 14pt; font-family: arial, helvetica, sans-serif;\">Durante el acto de arranque tambi\u00e9n estuvieron presentes Efra\u00edn Romo Santos, Retinologo y la Dra. Socorro Romano, directora Operativa de Buenavista Sinaloa IAP.<\/span><\/p>\n<p style=\"text-align: justify;\">&nbsp;<\/p>\n<p style=\"text-align: justify;\"><span style=\"font-size: 14pt; font-family: arial, helvetica, sans-serif;\">REDACCI\u00d3N\/VISI\u00d3N CIUDADANA.<\/span><\/p>\n<p>&nbsp;<\/p>\n","protected":false},"excerpt":{"rendered":"<p>M\u00e1s apoyos para los sectores m\u00e1s vulnerables, la presidenta del Sistema DIF Sinaloa, Rosy Fuentes de Ordaz, anunci\u00f3 que, en coordinaci\u00f3n con&nbsp;Beneficencia P\u00fablica Estatal, se realizar\u00e1n 400 cirug\u00edas de cataratas gratuitas. &nbsp; La presidenta de DIF Estatal resalt\u00f3 el apoyo constante de quien dijo, ha sido el mejor aliado de la instituci\u00f3n, el gobernador Quirino [&hellip;]<\/p>\n","protected":false},"author":1,"featured_media":6058,"comment_status":"open","ping_status":"closed","sticky":false,"template":"","format":"standard","meta":{"footnotes":""},"categories":[24],"tags":[],"ppma_author":[31],"class_list":["post-14480","post","type-post","status-publish","format-standard","has-post-thumbnail","hentry","category-relevantes"],"aioseo_notices":[],"authors":[{"term_id":31,"user_id":1,"is_guest":0,"slug":"ivan3vino","display_name":"Iv\u00e1n Trevi\u00f1o","avatar_url":{"url":"https:\/\/visionciudadana.com.mx\/oficial\/wp-content\/uploads\/2025\/09\/columna-ivan-Trevino.png","url2x":"https:\/\/visionciudadana.com.mx\/oficial\/wp-content\/uploads\/2025\/09\/columna-ivan-Trevino.png"},"0":null,"1":"","2":"","3":"","4":"","5":"","6":"","7":"","8":""}],"_links":{"self":[{"href":"https:\/\/visionciudadana.com.mx\/oficial\/wp-json\/wp\/v2\/posts\/14480","targetHints":{"allow":["GET"]}}],"collection":[{"href":"https:\/\/visionciudadana.com.mx\/oficial\/wp-json\/wp\/v2\/posts"}],"about":[{"href":"https:\/\/visionciudadana.com.mx\/oficial\/wp-json\/wp\/v2\/types\/post"}],"author":[{"embeddable":true,"href":"https:\/\/visionciudadana.com.mx\/oficial\/wp-json\/wp\/v2\/users\/1"}],"replies":[{"embeddable":true,"href":"https:\/\/visionciudadana.com.mx\/oficial\/wp-json\/wp\/v2\/comments?post=14480"}],"version-history":[{"count":0,"href":"https:\/\/visionciudadana.com.mx\/oficial\/wp-json\/wp\/v2\/posts\/14480\/revisions"}],"wp:featuredmedia":[{"embeddable":true,"href":"https:\/\/visionciudadana.com.mx\/oficial\/wp-json\/wp\/v2\/posts\/6058"}],"wp:attachment":[{"href":"https:\/\/visionciudadana.com.mx\/oficial\/wp-json\/wp\/v2\/media?parent=14480"}],"wp:term":[{"taxonomy":"category","embeddable":true,"href":"https:\/\/visionciudadana.com.mx\/oficial\/wp-json\/wp\/v2\/categories?post=14480"},{"taxonomy":"post_tag","embeddable":true,"href":"https:\/\/visionciudadana.com.mx\/oficial\/wp-json\/wp\/v2\/tags?post=14480"},{"taxonomy":"author","embeddable":true,"href":"https:\/\/visionciudadana.com.mx\/oficial\/wp-json\/wp\/v2\/ppma_author?post=14480"}],"curies":[{"name":"wp","href":"https:\/\/api.w.org\/{rel}","templated":true}]}}