{"id":14478,"date":"2020-12-01T21:31:09","date_gmt":"2020-12-01T21:31:09","guid":{"rendered":"https:\/\/visionciudadana.com.mx\/prueba\/2020\/12\/01\/factible-reformar-ley-de-industria-electrica-para-que-sinaloa-tenga-tarifas-justas\/"},"modified":"2020-12-01T21:31:09","modified_gmt":"2020-12-01T21:31:09","slug":"factible-reformar-ley-de-industria-electrica-para-que-sinaloa-tenga-tarifas-justas","status":"publish","type":"post","link":"https:\/\/visionciudadana.com.mx\/oficial\/2020\/12\/01\/factible-reformar-ley-de-industria-electrica-para-que-sinaloa-tenga-tarifas-justas\/","title":{"rendered":"Factible reformar Ley de Industria El\u00e9ctrica para que Sinaloa tenga tarifas justas"},"content":{"rendered":"<p>&nbsp;<\/p>\n<p><img fetchpriority=\"high\" decoding=\"async\" src=\"images\/2020\/NOV20\/factible_reformar.PNG\" alt=\"factible reformar\" width=\"431\" height=\"248\" style=\"display: block; margin-left: auto; margin-right: auto;\" \/><\/p>\n<p style=\"text-align: justify;\"><span style=\"font-size: 14pt; font-family: arial, helvetica, sans-serif;\">Con dictamen que se espera aprobar por unanimidad en la sesi\u00f3n ordinaria del jueves, el Congreso del Estado har\u00e1 uso de su facultad de promover iniciativa ante la C\u00e1mara Federal de Diputados para reformar la Ley de Industria El\u00e9ctrica y con ello incidir en el establecimiento de tarifas el\u00e9ctricas justas. <\/span><\/p>\n<p style=\"text-align: justify;\">&nbsp;<\/p>\n<p style=\"text-align: justify;\"><span style=\"font-size: 14pt; font-family: arial, helvetica, sans-serif;\">Ello lo inform\u00f3 la presidenta de la Junta de Coordinaci\u00f3n Pol\u00edtica del Congreso del Estado, Graciela Dom\u00ednguez Nava, quien puntualiz\u00f3 que la actual Legislatura siempre busca el beneficio de las causas sociales y seguir\u00e1 empujando atender las demandas m\u00e1s importantes de la sociedad. \u201cPor eso como poder legislativo encabezaremos ante la C\u00e1mara de Diputados que haya tarifas justas para los hogares sinaloenses. <\/span><\/p>\n<p style=\"text-align: justify;\">&nbsp;<\/p>\n<p style=\"text-align: justify;\"><span style=\"font-size: 14pt; font-family: arial, helvetica, sans-serif;\">\u00abTarifas econ\u00f3micas, considerando las altas temperaturas\u201d. Puntualiz\u00f3 que para la elaboraci\u00f3n del dictamen a aprobar se tomaron en cuenta tres iniciativas de ley que coinciden en el tema. <\/span><\/p>\n<p style=\"text-align: justify;\">&nbsp;<\/p>\n<p style=\"text-align: justify;\"><span style=\"font-size: 14pt; font-family: arial, helvetica, sans-serif;\">Los Grupos Parlamentarios de MORENA y el PRI, indic\u00f3, presentaron una iniciativa cada uno, y el PAS present\u00f3 otra. En Sinaloa, coment\u00f3, ya tenemos al menos dos d\u00e9cadas en las que se ha venido buscando por los ciudadanos organizados una tarifa preferencial en la energ\u00eda el\u00e9ctrica. <\/span><\/p>\n<p style=\"text-align: justify;\">&nbsp;<\/p>\n<p style=\"text-align: justify;\"><span style=\"font-size: 14pt; font-family: arial, helvetica, sans-serif;\">En el dictamen que se discutir\u00e1, expuso que se han incluido nuevos criterios para que sean tomados en cuenta, adem\u00e1s de las altas temperaturas que se registran en la entidad, como la capacidad de generaci\u00f3n de electricidad, a trav\u00e9s de plantas termoel\u00e9ctricas e hidroel\u00e9ctricas. Aqu\u00ed, la diputada Graciela Dom\u00ednguez observ\u00f3 que del total de energ\u00eda que se produce con estas plantas, s\u00f3lo se consume una parte y el resto se manda a otras entidades. <\/span><\/p>\n<p style=\"text-align: justify;\">&nbsp;<\/p>\n<p style=\"text-align: justify;\"><span style=\"font-size: 14pt; font-family: arial, helvetica, sans-serif;\">Adicionalmente a ello consider\u00f3 que ya se est\u00e1n generando las condiciones para que el tema de reformas a la industria el\u00e9ctrica pueda empezarse a considerar. Explic\u00f3 que el nuevo Gobierno Federal siempre mantuvo una opini\u00f3n contraria a la gran reforma energ\u00e9tica del sexenio pasado y que ha tenido grandes costos, no s\u00f3lo para Sinaloa, sino para todo el pa\u00eds. <\/span><\/p>\n<p style=\"text-align: justify;\">&nbsp;<\/p>\n<p style=\"text-align: justify;\"><span style=\"font-size: 14pt; font-family: arial, helvetica, sans-serif;\">Estamos confiadas, expres\u00f3, porque de manera gradual el presidente de la Rep\u00fablica est\u00e1 buscando que en materia de energ\u00eda el\u00e9ctrica podamos hacer cambios. \u201cDigo de manera gradual porque como lo ha dicho el presidente de la Rep\u00fablica, todos los cambios implican un mayor presupuesto\u201d.<\/span><\/p>\n<p style=\"text-align: justify;\">&nbsp;<\/p>\n<p style=\"text-align: justify;\"><span style=\"font-size: 14pt; font-family: arial, helvetica, sans-serif;\"> La diputada Graciela Dom\u00ednguez record\u00f3 que la semana pasada la Comisi\u00f3n de Puntos Constitucionales aprob\u00f3 el dictamen que se estar\u00e1 votando en esta semana para mandar a la C\u00e1mara de Diputados una propuesta de reforma que en espec\u00edfico plantea una adici\u00f3n al art\u00edculo 139 de la Ley de la Industria El\u00e9ctrica. Aclar\u00f3 que esta propuesta no precisa que en Sinaloa se establezca la tarifa 1-F, sino que propone que se incluyan otros criterio para que en Sinaloa pueda determinarse una tarifa preferencial distinta, que sea m\u00e1s justa.<\/span><\/p>\n<p style=\"text-align: justify;\">&nbsp;<\/p>\n<p style=\"text-align: justify;\">&nbsp;<\/p>\n<p style=\"text-align: justify;\"><span style=\"font-size: 14pt; font-family: arial, helvetica, sans-serif;\">REDACCI\u00d3N\/VISI\u00d3N CIUDADANA.<\/span><\/p>\n","protected":false},"excerpt":{"rendered":"<p>&nbsp; Con dictamen que se espera aprobar por unanimidad en la sesi\u00f3n ordinaria del jueves, el Congreso del Estado har\u00e1 uso de su facultad de promover iniciativa ante la C\u00e1mara Federal de Diputados para reformar la Ley de Industria El\u00e9ctrica y con ello incidir en el establecimiento de tarifas el\u00e9ctricas justas. &nbsp; Ello lo inform\u00f3 [&hellip;]<\/p>\n","protected":false},"author":1,"featured_media":6055,"comment_status":"open","ping_status":"closed","sticky":false,"template":"","format":"standard","meta":{"footnotes":""},"categories":[13],"tags":[],"ppma_author":[31],"class_list":["post-14478","post","type-post","status-publish","format-standard","has-post-thumbnail","hentry","category-locales"],"aioseo_notices":[],"authors":[{"term_id":31,"user_id":1,"is_guest":0,"slug":"ivan3vino","display_name":"Iv\u00e1n Trevi\u00f1o","avatar_url":{"url":"https:\/\/visionciudadana.com.mx\/oficial\/wp-content\/uploads\/2025\/09\/columna-ivan-Trevino.png","url2x":"https:\/\/visionciudadana.com.mx\/oficial\/wp-content\/uploads\/2025\/09\/columna-ivan-Trevino.png"},"0":null,"1":"","2":"","3":"","4":"","5":"","6":"","7":"","8":""}],"_links":{"self":[{"href":"https:\/\/visionciudadana.com.mx\/oficial\/wp-json\/wp\/v2\/posts\/14478","targetHints":{"allow":["GET"]}}],"collection":[{"href":"https:\/\/visionciudadana.com.mx\/oficial\/wp-json\/wp\/v2\/posts"}],"about":[{"href":"https:\/\/visionciudadana.com.mx\/oficial\/wp-json\/wp\/v2\/types\/post"}],"author":[{"embeddable":true,"href":"https:\/\/visionciudadana.com.mx\/oficial\/wp-json\/wp\/v2\/users\/1"}],"replies":[{"embeddable":true,"href":"https:\/\/visionciudadana.com.mx\/oficial\/wp-json\/wp\/v2\/comments?post=14478"}],"version-history":[{"count":0,"href":"https:\/\/visionciudadana.com.mx\/oficial\/wp-json\/wp\/v2\/posts\/14478\/revisions"}],"wp:featuredmedia":[{"embeddable":true,"href":"https:\/\/visionciudadana.com.mx\/oficial\/wp-json\/wp\/v2\/posts\/6055"}],"wp:attachment":[{"href":"https:\/\/visionciudadana.com.mx\/oficial\/wp-json\/wp\/v2\/media?parent=14478"}],"wp:term":[{"taxonomy":"category","embeddable":true,"href":"https:\/\/visionciudadana.com.mx\/oficial\/wp-json\/wp\/v2\/categories?post=14478"},{"taxonomy":"post_tag","embeddable":true,"href":"https:\/\/visionciudadana.com.mx\/oficial\/wp-json\/wp\/v2\/tags?post=14478"},{"taxonomy":"author","embeddable":true,"href":"https:\/\/visionciudadana.com.mx\/oficial\/wp-json\/wp\/v2\/ppma_author?post=14478"}],"curies":[{"name":"wp","href":"https:\/\/api.w.org\/{rel}","templated":true}]}}