{"id":14477,"date":"2020-12-01T21:24:16","date_gmt":"2020-12-01T21:24:16","guid":{"rendered":"https:\/\/visionciudadana.com.mx\/prueba\/2020\/12\/01\/presenta-hector-melesio-cuen-recurso-de-proteccion-de-derechos-politicos-electorales-del-ciudadano\/"},"modified":"2020-12-01T21:24:16","modified_gmt":"2020-12-01T21:24:16","slug":"presenta-hector-melesio-cuen-recurso-de-proteccion-de-derechos-politicos-electorales-del-ciudadano","status":"publish","type":"post","link":"https:\/\/visionciudadana.com.mx\/oficial\/2020\/12\/01\/presenta-hector-melesio-cuen-recurso-de-proteccion-de-derechos-politicos-electorales-del-ciudadano\/","title":{"rendered":"Presenta H\u00e9ctor Melesio Cu\u00e9n recurso de protecci\u00f3n de Derechos pol\u00edticos-electorales del ciudadano"},"content":{"rendered":"<div style=\"text-align: justify;\"><img fetchpriority=\"high\" decoding=\"async\" src=\"images\/2020\/NOV20\/presenta_HMCO_recurso.PNG\" alt=\"presenta HMCO recurso\" width=\"446\" height=\"244\" style=\"display: block; margin-left: auto; margin-right: auto;\" \/><\/p>\n<p><span style=\"font-size: 14pt; font-family: arial, helvetica, sans-serif;\">El presidente del Partido Sinaloense, H\u00e9ctor Melesio Cu\u00e9n Ojeda y el secretario general del PAS, Dr. V\u00edctor Antonio Corrales Burgue\u00f1o, en calidad de ciudadanos presentaron ante la Sala Superior del Tribunal Electoral del Poder Judicial de la Federaci\u00f3n (TEPJF), un recurso de Protecci\u00f3n de los Derechos Pol\u00edticos-Electorales del Ciudadano para que la C\u00e1mara de Diputados dictamine una iniciativa ciudadana con el objetivo de que los partidos pol\u00edticos conserven su registro como instituci\u00f3n pol\u00edtica, con el voto del 5 por ciento de los sufragios emitidos en una elecci\u00f3n y no el 3 por ciento como lo establece actualmente la Ley.<\/span><\/div>\n<div style=\"text-align: justify;\">\n<p><span style=\"font-size: 14pt; font-family: arial, helvetica, sans-serif;\">Una vez m\u00e1s, el presidente del Partido Sinaloense, H\u00e9ctor Melesio Cu\u00e9n Ojeda tiene que acudir al TEPJF para que los Legisladores federales atiendan una iniciativa ciudadana respaldada por mas de 285 mil firmas de sinaloenses, esta iniciativa fue entregada a la C\u00e1mara de Diputados en noviembre del 2018, y hasta hoy no ha sido tomada en cuenta.<\/span><\/div>\n<div style=\"text-align: justify;\">\n<p><span style=\"font-size: 14pt; font-family: arial, helvetica, sans-serif;\">\u201cPara poder presentar una iniciativa ciudadana en el Congreso de la Uni\u00f3n, esta debe de ir respaldada por el 0.13 por ciento de la Lista Nominal de todo M\u00e9xico, y la iniciativa en menci\u00f3n viene respaldada por m\u00e1s de 285 mil sinaloenses que quieren elevar el porcentaje para que un partido conserve su registro ante el INE, por eso es importante que los legisladores no ignoren la voluntad de los ciudadanos\u201d, afirm\u00f3 H\u00e9ctor Melesio Cu\u00e9n Ojeda.<\/span><\/div>\n<div style=\"text-align: justify;\">&nbsp;<\/div>\n<div style=\"text-align: justify;\">\n<p><span style=\"font-size: 14pt; font-family: arial, helvetica, sans-serif;\">Por otro lado, el presidente del Partido Sinaloense coment\u00f3 e hizo un an\u00e1lisis de otras iniciativas ciudadanas que se han presentado ante los \u00f3rganos legislativos de la C\u00e1mara de Senadores y Diputados, las cuales van respaldadas por miles y miles de ciudadanos sinaloenses, como son la Segunda Vuelta y Revocaci\u00f3n de Mandato, No al Horario de Verano, Eliminar el Impuesto Especial de Producci\u00f3n y Servicios -IEPS. en Gasolina, Di\u00e9sel y gas LP.<\/span><\/div>\n<div style=\"text-align: justify;\">&nbsp;<\/div>\n<div style=\"text-align: justify;\">&nbsp;<\/div>\n<div style=\"text-align: justify;\"><span style=\"font-size: 14pt; font-family: arial, helvetica, sans-serif;\">REDACCI\u00d3N\/VISI\u00d3N CIUDADANA.<\/span><\/div>\n","protected":false},"excerpt":{"rendered":"<p>El presidente del Partido Sinaloense, H\u00e9ctor Melesio Cu\u00e9n Ojeda y el secretario general del PAS, Dr. V\u00edctor Antonio Corrales Burgue\u00f1o, en calidad de ciudadanos presentaron ante la Sala Superior del Tribunal Electoral del Poder Judicial de la Federaci\u00f3n (TEPJF), un recurso de Protecci\u00f3n de los Derechos Pol\u00edticos-Electorales del Ciudadano para que la C\u00e1mara de Diputados [&hellip;]<\/p>\n","protected":false},"author":1,"featured_media":6053,"comment_status":"open","ping_status":"closed","sticky":false,"template":"","format":"standard","meta":{"footnotes":""},"categories":[24],"tags":[],"ppma_author":[31],"class_list":["post-14477","post","type-post","status-publish","format-standard","has-post-thumbnail","hentry","category-relevantes"],"aioseo_notices":[],"authors":[{"term_id":31,"user_id":1,"is_guest":0,"slug":"ivan3vino","display_name":"Iv\u00e1n Trevi\u00f1o","avatar_url":{"url":"https:\/\/visionciudadana.com.mx\/oficial\/wp-content\/uploads\/2025\/09\/columna-ivan-Trevino.png","url2x":"https:\/\/visionciudadana.com.mx\/oficial\/wp-content\/uploads\/2025\/09\/columna-ivan-Trevino.png"},"0":null,"1":"","2":"","3":"","4":"","5":"","6":"","7":"","8":""}],"_links":{"self":[{"href":"https:\/\/visionciudadana.com.mx\/oficial\/wp-json\/wp\/v2\/posts\/14477","targetHints":{"allow":["GET"]}}],"collection":[{"href":"https:\/\/visionciudadana.com.mx\/oficial\/wp-json\/wp\/v2\/posts"}],"about":[{"href":"https:\/\/visionciudadana.com.mx\/oficial\/wp-json\/wp\/v2\/types\/post"}],"author":[{"embeddable":true,"href":"https:\/\/visionciudadana.com.mx\/oficial\/wp-json\/wp\/v2\/users\/1"}],"replies":[{"embeddable":true,"href":"https:\/\/visionciudadana.com.mx\/oficial\/wp-json\/wp\/v2\/comments?post=14477"}],"version-history":[{"count":0,"href":"https:\/\/visionciudadana.com.mx\/oficial\/wp-json\/wp\/v2\/posts\/14477\/revisions"}],"wp:featuredmedia":[{"embeddable":true,"href":"https:\/\/visionciudadana.com.mx\/oficial\/wp-json\/wp\/v2\/posts\/6053"}],"wp:attachment":[{"href":"https:\/\/visionciudadana.com.mx\/oficial\/wp-json\/wp\/v2\/media?parent=14477"}],"wp:term":[{"taxonomy":"category","embeddable":true,"href":"https:\/\/visionciudadana.com.mx\/oficial\/wp-json\/wp\/v2\/categories?post=14477"},{"taxonomy":"post_tag","embeddable":true,"href":"https:\/\/visionciudadana.com.mx\/oficial\/wp-json\/wp\/v2\/tags?post=14477"},{"taxonomy":"author","embeddable":true,"href":"https:\/\/visionciudadana.com.mx\/oficial\/wp-json\/wp\/v2\/ppma_author?post=14477"}],"curies":[{"name":"wp","href":"https:\/\/api.w.org\/{rel}","templated":true}]}}