{"id":14476,"date":"2020-12-01T21:12:39","date_gmt":"2020-12-01T21:12:39","guid":{"rendered":"https:\/\/visionciudadana.com.mx\/prueba\/2020\/12\/01\/aprueban-lineamientos-y-convocatoria-de-registro-de-candidaturas-independientes-para-el-proceso-local-2020-2021\/"},"modified":"2020-12-01T21:12:39","modified_gmt":"2020-12-01T21:12:39","slug":"aprueban-lineamientos-y-convocatoria-de-registro-de-candidaturas-independientes-para-el-proceso-local-2020-2021","status":"publish","type":"post","link":"https:\/\/visionciudadana.com.mx\/oficial\/2020\/12\/01\/aprueban-lineamientos-y-convocatoria-de-registro-de-candidaturas-independientes-para-el-proceso-local-2020-2021\/","title":{"rendered":"Aprueban lineamientos y convocatoria de registro de candidaturas independientes para el proceso local 2020-2021"},"content":{"rendered":"<p style=\"text-align: justify;\">&nbsp;<\/p>\n<p style=\"text-align: justify;\"><img fetchpriority=\"high\" decoding=\"async\" src=\"images\/2020\/NOV20\/aprueban_lineamientos.PNG\" alt=\"aprueban lineamientos\" width=\"401\" height=\"243\" style=\"display: block; margin-left: auto; margin-right: auto;\" \/><\/p>\n<p style=\"text-align: justify;\"><span style=\"font-size: 14pt; font-family: arial, helvetica, sans-serif;\">En sesi\u00f3n virtual extraordinaria, el Consejo General del Instituto Electoral del Estado de Sinaloa (IEES), aprob\u00f3 los lineamientos, el Modelo \u00danico de Estatutos, Formatos y la Convocatoria para el Registro de Candidaturas Independientes para el proceso electoral local 2020-2021. <\/span><\/p>\n<p style=\"text-align: justify;\">&nbsp;<\/p>\n<p style=\"text-align: justify;\"><span style=\"font-size: 14pt; font-family: arial, helvetica, sans-serif;\">En cuanto a los lineamientos que regulan las candidaturas independientes, se establecieron los procedimientos tendientes a la concesi\u00f3n del registro de las y los ciudadanos que aspiren a contender en el proceso electoral, as\u00ed como las instancias, plazos y forma de recabar el apoyo ciudadano, la presentaci\u00f3n del mismo ante la autoridad electoral, tambi\u00e9n el procedimiento que se seguir\u00e1 para verificar el porcentaje de apoyo presentado, el derecho de audiencia de las y los aspirantes, y los criterios para computar dicho apoyo.<\/span><\/p>\n<p style=\"text-align: justify;\">&nbsp;<\/p>\n<p style=\"text-align: justify;\"><span style=\"font-size: 14pt; font-family: arial, helvetica, sans-serif;\"> En el caso del Modelo \u00danico de Estatutos de la asociaci\u00f3n civil, se definieron los criterios que debe tener el acta constitutiva para los efectos del registro de la o el aspirante, siendo estos: Denominaci\u00f3n o Raz\u00f3n Social; Objeto. <\/span><\/p>\n<p style=\"text-align: justify;\">&nbsp;<\/p>\n<p style=\"text-align: justify;\"><span style=\"font-size: 14pt; font-family: arial, helvetica, sans-serif;\">No podr\u00e1 ser modificado ni distinto al establecido en el formato; Duraci\u00f3n; Domicilio Social; Capital Social; Asociados; Derechos y obligaciones de los asociados; Administraci\u00f3n y representaci\u00f3n legal de la Asociaci\u00f3n, los asociados designar\u00e1n a las personas que desempe\u00f1aran dichos cargos; Asambleas generales; Disoluci\u00f3n y liquidaci\u00f3n; De igual forma, el Pleno aval\u00f3 la convocatoria a la ciudadan\u00eda interesada en postularse en Candidaturas Independientes a la Gubernatura, Diputaciones por el Sistema de Mayor\u00eda Relativa, Presidencias Municipales, Sindicaturas de Procuraci\u00f3n y Regidur\u00edas por el Sistema de Mayor\u00eda Relativa y por el Principio de Representaci\u00f3n Proporcional, misma que deber\u00e1 publicarse el d\u00eda siguiente en el que el Congreso del Estado emita la convocatoria a elecciones.&nbsp;<\/span><\/p>\n<p>&nbsp;<\/p>\n<p style=\"text-align: justify;\"><span style=\"font-size: 14pt; font-family: arial, helvetica, sans-serif;\"> Dicha convocatoria deber\u00e1 especificar los siguientes apartados: El o los cargos de elecci\u00f3n popular al que se puede aspirar; requisitos que se deben cumplir; documentaci\u00f3n comprobatoria requerida; plazos para que se entregue la manifestaci\u00f3n de intenci\u00f3n; plazos para recabar el apoyo ciudadano correspondiente; topes de gastos que pueden erogar; formatos que ser\u00e1n utilizados para tales efectos; y aviso de privacidad simplificado. <\/span><\/p>\n<p style=\"text-align: justify;\">&nbsp;<\/p>\n<p style=\"text-align: justify;\"><span style=\"font-size: 14pt; font-family: arial, helvetica, sans-serif;\">Cabe destacar que las y los ciudadanos que pretendan obtener su constancia como aspirante a una Candidatura Independiente deber\u00e1n hacerlo del conocimiento del Instituto, a partir del d\u00eda siguiente al en que se lleve a cabo la sesi\u00f3n del Consejo General del IEES en la que se declare el inicio del Proceso Electoral Local Ordinario y hasta el 03 de enero de 2021.<\/span><\/p>\n<p style=\"text-align: justify;\">&nbsp;<\/p>\n<p style=\"text-align: justify;\"><span style=\"font-size: 14pt; font-family: arial, helvetica, sans-serif;\"> La manifestaci\u00f3n de intenci\u00f3n, deber\u00e1 presentarse de manera individual en el caso de la elecci\u00f3n a la Gubernatura del Estado; por f\u00f3rmula en el caso de Diputaciones; por planilla en la integraci\u00f3n de Ayuntamientos; y por lista para el caso de regidur\u00edas de representaci\u00f3n proporcional, mediante los formatos previstos para ello.<\/span><\/p>\n<p style=\"text-align: justify;\">&nbsp;<\/p>\n<p style=\"text-align: justify;\">&nbsp;<\/p>\n<p style=\"text-align: justify;\"><span style=\"font-size: 14pt; font-family: arial, helvetica, sans-serif;\">REDACCI\u00d3N\/VISI\u00d3N CIUDADANA.<\/span><\/p>\n","protected":false},"excerpt":{"rendered":"<p>&nbsp; En sesi\u00f3n virtual extraordinaria, el Consejo General del Instituto Electoral del Estado de Sinaloa (IEES), aprob\u00f3 los lineamientos, el Modelo \u00danico de Estatutos, Formatos y la Convocatoria para el Registro de Candidaturas Independientes para el proceso electoral local 2020-2021. &nbsp; En cuanto a los lineamientos que regulan las candidaturas independientes, se establecieron los procedimientos [&hellip;]<\/p>\n","protected":false},"author":1,"featured_media":6051,"comment_status":"open","ping_status":"closed","sticky":false,"template":"","format":"standard","meta":{"footnotes":""},"categories":[24],"tags":[],"ppma_author":[31],"class_list":["post-14476","post","type-post","status-publish","format-standard","has-post-thumbnail","hentry","category-relevantes"],"aioseo_notices":[],"authors":[{"term_id":31,"user_id":1,"is_guest":0,"slug":"ivan3vino","display_name":"Iv\u00e1n Trevi\u00f1o","avatar_url":{"url":"https:\/\/visionciudadana.com.mx\/oficial\/wp-content\/uploads\/2025\/09\/columna-ivan-Trevino.png","url2x":"https:\/\/visionciudadana.com.mx\/oficial\/wp-content\/uploads\/2025\/09\/columna-ivan-Trevino.png"},"0":null,"1":"","2":"","3":"","4":"","5":"","6":"","7":"","8":""}],"_links":{"self":[{"href":"https:\/\/visionciudadana.com.mx\/oficial\/wp-json\/wp\/v2\/posts\/14476","targetHints":{"allow":["GET"]}}],"collection":[{"href":"https:\/\/visionciudadana.com.mx\/oficial\/wp-json\/wp\/v2\/posts"}],"about":[{"href":"https:\/\/visionciudadana.com.mx\/oficial\/wp-json\/wp\/v2\/types\/post"}],"author":[{"embeddable":true,"href":"https:\/\/visionciudadana.com.mx\/oficial\/wp-json\/wp\/v2\/users\/1"}],"replies":[{"embeddable":true,"href":"https:\/\/visionciudadana.com.mx\/oficial\/wp-json\/wp\/v2\/comments?post=14476"}],"version-history":[{"count":0,"href":"https:\/\/visionciudadana.com.mx\/oficial\/wp-json\/wp\/v2\/posts\/14476\/revisions"}],"wp:featuredmedia":[{"embeddable":true,"href":"https:\/\/visionciudadana.com.mx\/oficial\/wp-json\/wp\/v2\/posts\/6051"}],"wp:attachment":[{"href":"https:\/\/visionciudadana.com.mx\/oficial\/wp-json\/wp\/v2\/media?parent=14476"}],"wp:term":[{"taxonomy":"category","embeddable":true,"href":"https:\/\/visionciudadana.com.mx\/oficial\/wp-json\/wp\/v2\/categories?post=14476"},{"taxonomy":"post_tag","embeddable":true,"href":"https:\/\/visionciudadana.com.mx\/oficial\/wp-json\/wp\/v2\/tags?post=14476"},{"taxonomy":"author","embeddable":true,"href":"https:\/\/visionciudadana.com.mx\/oficial\/wp-json\/wp\/v2\/ppma_author?post=14476"}],"curies":[{"name":"wp","href":"https:\/\/api.w.org\/{rel}","templated":true}]}}