{"id":14475,"date":"2020-12-01T20:20:20","date_gmt":"2020-12-01T20:20:20","guid":{"rendered":"https:\/\/visionciudadana.com.mx\/prueba\/2020\/12\/01\/ganan-estudiantes-de-la-uas-los-primeros-lugares-en-olimpiada-nacional-de-quimica\/"},"modified":"2020-12-01T20:20:20","modified_gmt":"2020-12-01T20:20:20","slug":"ganan-estudiantes-de-la-uas-los-primeros-lugares-en-olimpiada-nacional-de-quimica","status":"publish","type":"post","link":"https:\/\/visionciudadana.com.mx\/oficial\/2020\/12\/01\/ganan-estudiantes-de-la-uas-los-primeros-lugares-en-olimpiada-nacional-de-quimica\/","title":{"rendered":"Ganan estudiantes de la UAS los primeros lugares en Olimpiada Nacional de Qu\u00edmica"},"content":{"rendered":"<p>&nbsp;<\/p>\n<p><img fetchpriority=\"high\" decoding=\"async\" src=\"images\/2020\/NOV20\/olimpiada_Nacional_qu\u00edmica.PNG\" alt=\"olimpiada Nacional qu\u00edmica\" width=\"376\" height=\"268\" style=\"display: block; margin-left: auto; margin-right: auto;\" \/><\/p>\n<p class=\"x_MsoNormal\" style=\"text-align: justify;\"><span style=\"font-size: 14pt; font-family: arial, helvetica, sans-serif;\">Se imponen j\u00f3venes de bachillerato de la Universidad Aut\u00f3noma de Sinaloa (UAS) en la&nbsp;<a name=\"x__Hlk57665017\"><\/a>XXX Olimpiada Nacional de Qu\u00edmica, al obtener una medalla de oro en la categor\u00eda A, y dos medallas de bronce en la categor\u00eda B, hecho que con la presea dorada le da la posibilidad, a uno de los j\u00f3venes, de participar en la etapa Internacional o en la Iberoamericana, inform\u00f3 Florina Ram\u00edrez Bernal.<\/span><\/p>\n<p style=\"text-align: justify;\">&nbsp;<\/p>\n<p class=\"x_MsoNormal\" style=\"text-align: justify;\"><span style=\"font-size: 14pt; font-family: arial, helvetica, sans-serif;\">La responsable de concursos acad\u00e9micos de la Direcci\u00f3n General de Escuelas Preparatorias (DGEP) de la UAS indic\u00f3 que la ganadora de la medalla de oro es la estudiante de la Preparatoria Guam\u00fachil, Ivanna Sof\u00eda Espinoza Boj\u00f3rquez, y en el caso de los ganadores de las medallas de bronce, en la categor\u00eda B, son: Ana Carmen Garnica N\u00fa\u00f1ez y Jes\u00fas Ram\u00f3n Boj\u00f3rquez Inzunza, de la Preparatoria Emiliano Zapata y Preparatoria Guam\u00fachil, respectivamente.<\/span><\/p>\n<p style=\"text-align: justify;\">&nbsp;<\/p>\n<p class=\"x_MsoNormal\" style=\"text-align: justify;\"><span style=\"font-size: 14pt; font-family: arial, helvetica, sans-serif;\">\u201cSiempre es un gran orgullo que ellos nos representen a nivel nacional y sobre todo cuando tenemos una representaci\u00f3n en un preselectivo internacional. Esta Olimpiada de Qu\u00edmica es muy importante para M\u00e9xico y para nosotros el tener una alumna en ese pre selectivo de 16 j\u00f3venes da mucho renombre a nuestra instituci\u00f3n\u201d, manifest\u00f3.<\/span><\/p>\n<p style=\"text-align: justify;\">&nbsp;<\/p>\n<p class=\"x_MsoNormal\" style=\"text-align: justify;\"><span style=\"font-size: 14pt; font-family: arial, helvetica, sans-serif;\">Ram\u00edrez Bernal detall\u00f3 que, en el caso de Ivanna Sof\u00eda Espinoza Boj\u00f3rquez, quien gan\u00f3 la medalla de oro, hoy tambi\u00e9n tiene la posibilidad de poderse colocar en la selecci\u00f3n que represente a M\u00e9xico en la Olimpiada Internacional de Qu\u00edmica (IChO) a celebrarse en el 2021 en Kioto, Jap\u00f3n o bien ser parte del grupo que competir\u00e1 en la Olimpiada Iberoamericana de Qu\u00edmica a celebrarse tambi\u00e9n el a\u00f1o entrante, pero en Brasil.<\/span><\/p>\n<p style=\"text-align: justify;\">&nbsp;<\/p>\n<p class=\"x_MsoNormal\" style=\"text-align: justify;\"><span style=\"font-size: 14pt; font-family: arial, helvetica, sans-serif;\">\u201cNosotros esperamos que Ivanna Sofia, como el a\u00f1o pasado, ella estuvo participando en la Olimpiada Internacional, es una excelente estudiante, muy brillante, el a\u00f1o pasado ella qued\u00f3 seleccionada para representar a M\u00e9xico en la olimpiada y pues hoy tambi\u00e9n esperemos, que a pesar de las circunstancias que estamos viviendo, ella logre representarnos con cuatro estudiantes que van a la Olimpiada Internacional\u201d, indic\u00f3.<\/span><\/p>\n<p style=\"text-align: justify;\">&nbsp;<\/p>\n<p class=\"x_MsoNormal\" style=\"text-align: justify;\"><span style=\"font-size: 14pt; font-family: arial, helvetica, sans-serif;\">La acad\u00e9mica enfatiz\u00f3 que estos resultados son el reflejo de que la preparaci\u00f3n de los estudiantes del nivel medio superior de la UAS es de alta calidad y que se ha mantenido pese a la pandemia, hecho en el que el Rector, doctor Juan Eulogio Guerra Liera ha estado siempre atento para que a los j\u00f3venes de bachillerato se les d\u00e9 la mejor formaci\u00f3n.<\/span><\/p>\n<p style=\"text-align: justify;\">&nbsp;<\/p>\n<p class=\"x_MsoNormal\" style=\"text-align: justify;\"><span style=\"font-size: 14pt; font-family: arial, helvetica, sans-serif;\">\u201cAqu\u00ed nuestro Rector siempre ha apoyado, a trav\u00e9s de los directores, porque es una encomienda que hace a los directores de las unidades acad\u00e9micas, apoyar a los j\u00f3venes en todo. Entonces particularmente en estas olimpiadas, en estos eventos, se seleccionan a profesores que est\u00e9n atendiendo a esos j\u00f3venes, porque es bien sabido que estos temas que tienen que calificar ellos, no son solo los de los programas acad\u00e9micos, sino de m\u00e1s profundidad\u201d, concluy\u00f3.<\/span><\/p>\n<p style=\"text-align: justify;\">&nbsp;<\/p>\n<p style=\"text-align: justify;\"><span style=\"font-size: 14pt; font-family: arial, helvetica, sans-serif;\">REDACCI\u00d3N\/VISI\u00d3N CIUDADANA.<\/span><\/p>\n","protected":false},"excerpt":{"rendered":"<p>&nbsp; Se imponen j\u00f3venes de bachillerato de la Universidad Aut\u00f3noma de Sinaloa (UAS) en la&nbsp;XXX Olimpiada Nacional de Qu\u00edmica, al obtener una medalla de oro en la categor\u00eda A, y dos medallas de bronce en la categor\u00eda B, hecho que con la presea dorada le da la posibilidad, a uno de los j\u00f3venes, de participar [&hellip;]<\/p>\n","protected":false},"author":1,"featured_media":6049,"comment_status":"open","ping_status":"closed","sticky":false,"template":"","format":"standard","meta":{"footnotes":""},"categories":[24],"tags":[],"ppma_author":[31],"class_list":["post-14475","post","type-post","status-publish","format-standard","has-post-thumbnail","hentry","category-relevantes"],"aioseo_notices":[],"authors":[{"term_id":31,"user_id":1,"is_guest":0,"slug":"ivan3vino","display_name":"Iv\u00e1n Trevi\u00f1o","avatar_url":{"url":"https:\/\/visionciudadana.com.mx\/oficial\/wp-content\/uploads\/2025\/09\/columna-ivan-Trevino.png","url2x":"https:\/\/visionciudadana.com.mx\/oficial\/wp-content\/uploads\/2025\/09\/columna-ivan-Trevino.png"},"0":null,"1":"","2":"","3":"","4":"","5":"","6":"","7":"","8":""}],"_links":{"self":[{"href":"https:\/\/visionciudadana.com.mx\/oficial\/wp-json\/wp\/v2\/posts\/14475","targetHints":{"allow":["GET"]}}],"collection":[{"href":"https:\/\/visionciudadana.com.mx\/oficial\/wp-json\/wp\/v2\/posts"}],"about":[{"href":"https:\/\/visionciudadana.com.mx\/oficial\/wp-json\/wp\/v2\/types\/post"}],"author":[{"embeddable":true,"href":"https:\/\/visionciudadana.com.mx\/oficial\/wp-json\/wp\/v2\/users\/1"}],"replies":[{"embeddable":true,"href":"https:\/\/visionciudadana.com.mx\/oficial\/wp-json\/wp\/v2\/comments?post=14475"}],"version-history":[{"count":0,"href":"https:\/\/visionciudadana.com.mx\/oficial\/wp-json\/wp\/v2\/posts\/14475\/revisions"}],"wp:featuredmedia":[{"embeddable":true,"href":"https:\/\/visionciudadana.com.mx\/oficial\/wp-json\/wp\/v2\/posts\/6049"}],"wp:attachment":[{"href":"https:\/\/visionciudadana.com.mx\/oficial\/wp-json\/wp\/v2\/media?parent=14475"}],"wp:term":[{"taxonomy":"category","embeddable":true,"href":"https:\/\/visionciudadana.com.mx\/oficial\/wp-json\/wp\/v2\/categories?post=14475"},{"taxonomy":"post_tag","embeddable":true,"href":"https:\/\/visionciudadana.com.mx\/oficial\/wp-json\/wp\/v2\/tags?post=14475"},{"taxonomy":"author","embeddable":true,"href":"https:\/\/visionciudadana.com.mx\/oficial\/wp-json\/wp\/v2\/ppma_author?post=14475"}],"curies":[{"name":"wp","href":"https:\/\/api.w.org\/{rel}","templated":true}]}}