{"id":14474,"date":"2020-12-01T20:09:03","date_gmt":"2020-12-01T20:09:03","guid":{"rendered":"https:\/\/visionciudadana.com.mx\/prueba\/2020\/12\/01\/sinaloa-continua-en-el-descenso-de-incidencia-delictiva-ocampo-alcantar\/"},"modified":"2020-12-01T20:09:03","modified_gmt":"2020-12-01T20:09:03","slug":"sinaloa-continua-en-el-descenso-de-incidencia-delictiva-ocampo-alcantar","status":"publish","type":"post","link":"https:\/\/visionciudadana.com.mx\/oficial\/2020\/12\/01\/sinaloa-continua-en-el-descenso-de-incidencia-delictiva-ocampo-alcantar\/","title":{"rendered":"Sinaloa, contin\u00faa en el descenso de incidencia delictiva: Ocampo Alc\u00e1ntar"},"content":{"rendered":"<p style=\"text-align: justify;\"><img fetchpriority=\"high\" decoding=\"async\" src=\"images\/2020\/NOV20\/a_la_baja_sinaloa_en_des.PNG\" alt=\"a la baja sinaloa en des\" width=\"403\" height=\"237\" style=\"display: block; margin-left: auto; margin-right: auto;\" \/><\/p>\n<p><span style=\"font-size: 14pt; font-family: arial, helvetica, sans-serif;\">Renato Ocampo Alc\u00e1ntar, Secretario Ejecutivo del Sistema Estatal de Seguridad P\u00fablica, muestra como al t\u00e9rmino del pen\u00faltimo mes del a\u00f1o, en el comparativo estatal de los principales delitos se consolida una tendencia a la baja en los delitos de homicidio doloso, feminicidio y robo de veh\u00edculos.<\/span><\/p>\n<p style=\"text-align: justify;\">\n<p><span style=\"font-size: 14pt; font-family: arial, helvetica, sans-serif;\">De enero-noviembre del 2020 comparado con el mismo periodo del a\u00f1o anterior, la Entidad presenta una disminuci\u00f3n en flagelo de alto impacto; el feminicidio tiene una reducci\u00f3n del 35%, el homicidio doloso 10.2 por ciento y robo de autos del 19.1 %, cifras que han permanecido por m\u00e1s de dos a\u00f1os desde el inicio de la actual administraci\u00f3n de Quirino Ordaz Coppel.<\/span><\/p>\n<p style=\"text-align: justify;\">\n<p><span style=\"font-size: 14pt; font-family: arial, helvetica, sans-serif;\">\u201cSeguimos manteniendo una constante en la disminuci\u00f3n de incidentes, hemos avanzado en la recuperaci\u00f3n de confianza de la ciudadan\u00eda hacia nuestras autoridades; nuestro gobernador, Quirino Ordaz Coppel, en su gesti\u00f3n sigue con la prioridad de dar a la ciudadan\u00eda la certeza de contar y consolidar mejores estadios de seguridad p\u00fablica\u201d, coment\u00f3 el funcionario.<\/span><\/p>\n<p style=\"text-align: justify;\">\n<p><span style=\"font-size: 14pt; font-family: arial, helvetica, sans-serif;\">El Secretario Ejecutivo del SESP, se\u00f1al\u00f3 que en este cierre de a\u00f1o ninguna autoridad de los tres \u00f3rdenes de gobierno bajar\u00e1 la guardia en materia de seguridad p\u00fablica e hizo alusi\u00f3n que noviembre es el cuarto mes que, de forma consecutiva el homicidio doloso presenta una tendencia a la baja.&nbsp; Esto se suma junto a febrero como los periodos donde menos carpetas de investigaci\u00f3n se iniciaron.<\/span><\/p>\n<p style=\"text-align: justify;\">\n<p><span style=\"font-size: 14pt; font-family: arial, helvetica, sans-serif;\">Ocampo Alc\u00e1ntar, reconoci\u00f3 que la presencia de la Guardia Nacional y el Ej\u00e9rcito Mexicano, ha fortalecido los cuerpos de seguridad, as\u00ed como las dependencias que integran el Sistema Estatal de Seguridad P\u00fablica como la Fiscal\u00eda General del Estado, la Secretaria de Seguridad P\u00fablica, aunado a ello el Secretariado Ejecutivo del Sistema Estatal de Seguridad P\u00fablica y a trav\u00e9s del CEPREVSIN ha redoblado los programas preventivos tratando de hacer conciencia en la ciudadan\u00eda que el prevenir est\u00e1 en sus manos y es mucho mejor que lamentar.<\/span><\/p>\n<p style=\"text-align: justify;\">&nbsp;<\/p>\n<p style=\"text-align: justify;\">&nbsp;<\/p>\n<p style=\"text-align: justify;\"><span style=\"font-size: 14pt; font-family: arial, helvetica, sans-serif;\">REDACCI\u00d3N\/VISI\u00d3N CIUDADANA.<\/span><\/p>\n","protected":false},"excerpt":{"rendered":"<p>Renato Ocampo Alc\u00e1ntar, Secretario Ejecutivo del Sistema Estatal de Seguridad P\u00fablica, muestra como al t\u00e9rmino del pen\u00faltimo mes del a\u00f1o, en el comparativo estatal de los principales delitos se consolida una tendencia a la baja en los delitos de homicidio doloso, feminicidio y robo de veh\u00edculos. De enero-noviembre del 2020 comparado con el mismo periodo [&hellip;]<\/p>\n","protected":false},"author":1,"featured_media":6047,"comment_status":"open","ping_status":"closed","sticky":false,"template":"","format":"standard","meta":{"footnotes":""},"categories":[24],"tags":[],"ppma_author":[31],"class_list":["post-14474","post","type-post","status-publish","format-standard","has-post-thumbnail","hentry","category-relevantes"],"aioseo_notices":[],"authors":[{"term_id":31,"user_id":1,"is_guest":0,"slug":"ivan3vino","display_name":"Iv\u00e1n Trevi\u00f1o","avatar_url":{"url":"https:\/\/visionciudadana.com.mx\/oficial\/wp-content\/uploads\/2025\/09\/columna-ivan-Trevino.png","url2x":"https:\/\/visionciudadana.com.mx\/oficial\/wp-content\/uploads\/2025\/09\/columna-ivan-Trevino.png"},"0":null,"1":"","2":"","3":"","4":"","5":"","6":"","7":"","8":""}],"_links":{"self":[{"href":"https:\/\/visionciudadana.com.mx\/oficial\/wp-json\/wp\/v2\/posts\/14474","targetHints":{"allow":["GET"]}}],"collection":[{"href":"https:\/\/visionciudadana.com.mx\/oficial\/wp-json\/wp\/v2\/posts"}],"about":[{"href":"https:\/\/visionciudadana.com.mx\/oficial\/wp-json\/wp\/v2\/types\/post"}],"author":[{"embeddable":true,"href":"https:\/\/visionciudadana.com.mx\/oficial\/wp-json\/wp\/v2\/users\/1"}],"replies":[{"embeddable":true,"href":"https:\/\/visionciudadana.com.mx\/oficial\/wp-json\/wp\/v2\/comments?post=14474"}],"version-history":[{"count":0,"href":"https:\/\/visionciudadana.com.mx\/oficial\/wp-json\/wp\/v2\/posts\/14474\/revisions"}],"wp:featuredmedia":[{"embeddable":true,"href":"https:\/\/visionciudadana.com.mx\/oficial\/wp-json\/wp\/v2\/posts\/6047"}],"wp:attachment":[{"href":"https:\/\/visionciudadana.com.mx\/oficial\/wp-json\/wp\/v2\/media?parent=14474"}],"wp:term":[{"taxonomy":"category","embeddable":true,"href":"https:\/\/visionciudadana.com.mx\/oficial\/wp-json\/wp\/v2\/categories?post=14474"},{"taxonomy":"post_tag","embeddable":true,"href":"https:\/\/visionciudadana.com.mx\/oficial\/wp-json\/wp\/v2\/tags?post=14474"},{"taxonomy":"author","embeddable":true,"href":"https:\/\/visionciudadana.com.mx\/oficial\/wp-json\/wp\/v2\/ppma_author?post=14474"}],"curies":[{"name":"wp","href":"https:\/\/api.w.org\/{rel}","templated":true}]}}