{"id":14472,"date":"2020-12-01T19:11:58","date_gmt":"2020-12-01T19:11:58","guid":{"rendered":"https:\/\/visionciudadana.com.mx\/prueba\/2020\/12\/01\/convocan-a-conformar-comite-de-acompanamiento-en-eleccion-de-comisionados-de-ceaip\/"},"modified":"2020-12-01T19:11:58","modified_gmt":"2020-12-01T19:11:58","slug":"convocan-a-conformar-comite-de-acompanamiento-en-eleccion-de-comisionados-de-ceaip","status":"publish","type":"post","link":"https:\/\/visionciudadana.com.mx\/oficial\/2020\/12\/01\/convocan-a-conformar-comite-de-acompanamiento-en-eleccion-de-comisionados-de-ceaip\/","title":{"rendered":"Convocan a conformar Comit\u00e9 de Acompa\u00f1amiento en elecci\u00f3n de comisionados de Ceaip"},"content":{"rendered":"<p style=\"text-align: justify;\"><img fetchpriority=\"high\" decoding=\"async\" src=\"images\/2020\/NOV20\/convocan_a_conformar.PNG\" alt=\"convocan a conformar\" width=\"461\" height=\"254\" style=\"display: block; margin-left: auto; margin-right: auto;\" \/><\/p>\n<p style=\"text-align: justify;\">&nbsp;<\/p>\n<p class=\"x_MsoNormal\" style=\"text-align: justify;\"><span style=\"font-size: 14pt; font-family: arial, helvetica, sans-serif;\">El Congreso del Estado emiti\u00f3 convocatoria a ciudadan\u00eda para ocupar uno de los 5 lugares del Comit\u00e9 de Acompa\u00f1amiento que coadyuvar\u00e1 en el proceso de elecci\u00f3n de dos comisionados y\/o comisionadas de Ceaip.<\/span><\/p>\n<p style=\"text-align: justify;\">&nbsp;<\/p>\n<p class=\"x_MsoNormal\" style=\"text-align: justify;\"><span style=\"font-size: 14pt; font-family: arial, helvetica, sans-serif;\">El llamado para seguir el proceso de designaci\u00f3n de los dos integrantes del Pleno de la Comisi\u00f3n Estatal para el Acceso a la Informaci\u00f3n P\u00fablica fue emitido por la Comisi\u00f3n Permanente de Transparencia, Anticorrupci\u00f3n y Participaci\u00f3n Ciudadana de la 63 Legislatura el pasado 26 de noviembre.<\/span><\/p>\n<p style=\"text-align: justify;\">&nbsp;<\/p>\n<p class=\"x_MsoNormal\" style=\"text-align: justify;\"><span style=\"font-size: 14pt; font-family: arial, helvetica, sans-serif;\">El comit\u00e9 de acompa\u00f1amiento tiene como finalidad emitir sus opiniones como cuerpo colegiado en el procedimiento de nombramiento de las y los Comisionados del \u00f3rgano aut\u00f3nomo constitucional de transparencia en Sinaloa.<\/span><\/p>\n<p style=\"text-align: justify;\">&nbsp;<\/p>\n<p class=\"x_MsoNormal\" style=\"text-align: justify;\"><span style=\"font-size: 14pt; font-family: arial, helvetica, sans-serif;\">Los requisitos son ser ciudadano mexicano, tener 30 a\u00f1os cumplidos, t\u00edtulo profesional, no tener parentesco con los integrantes de la Comisi\u00f3n Legislativa que emite la convocatoria y contar con experiencia m\u00ednima de 2 a\u00f1os en el tema de transparencia.<\/span><\/p>\n<p style=\"text-align: justify;\">&nbsp;<\/p>\n<p class=\"x_MsoNormal\" style=\"text-align: justify;\"><span style=\"font-size: 14pt; font-family: arial, helvetica, sans-serif;\">La documentaci\u00f3n que ampara los requisitos ser\u00e1 recibida por el Congreso del Estado del martes 1 al lunes 7 de diciembre pr\u00f3ximos.<\/span><\/p>\n<p style=\"text-align: justify;\">&nbsp;<\/p>\n<p class=\"x_MsoNormal\" style=\"text-align: justify;\"><span style=\"font-size: 14pt; font-family: arial, helvetica, sans-serif;\">Mayores informes en:&nbsp;<a href=\"https:\/\/www.congresosinaloa.gob.mx\/wp-content\/uploads\/2020\/07\/Convocatoria-ComiteAcompanamientoCEAIP.jpg\" target=\"_blank\" rel=\"noopener noreferrer\" id=\"LPlnk303803\" data-auth=\"NotApplicable\"><\/a><a href=\"https:\/\/www.congresosinaloa.gob.mx\/wp-content\/uploads\/2020\/07\/Convocatoria-ComiteAcompanamientoCEAIP.jpg\">https:\/\/www.congresosinaloa.gob.mx\/wp-content\/uploads\/2020\/07\/Convocatoria-ComiteAcompanamientoCEAIP.jpg<\/a><\/span><\/p>\n<p style=\"text-align: justify;\">&nbsp;<\/p>\n<p style=\"text-align: justify;\">&nbsp;<\/p>\n<p style=\"text-align: justify;\"><span style=\"font-size: 14pt; font-family: arial, helvetica, sans-serif;\">REDACCI\u00d3N\/VISI\u00d3N CIUDADANA.<\/span><\/p>\n","protected":false},"excerpt":{"rendered":"<p>&nbsp; El Congreso del Estado emiti\u00f3 convocatoria a ciudadan\u00eda para ocupar uno de los 5 lugares del Comit\u00e9 de Acompa\u00f1amiento que coadyuvar\u00e1 en el proceso de elecci\u00f3n de dos comisionados y\/o comisionadas de Ceaip. &nbsp; El llamado para seguir el proceso de designaci\u00f3n de los dos integrantes del Pleno de la Comisi\u00f3n Estatal para el [&hellip;]<\/p>\n","protected":false},"author":1,"featured_media":6043,"comment_status":"open","ping_status":"closed","sticky":false,"template":"","format":"standard","meta":{"footnotes":""},"categories":[24],"tags":[],"ppma_author":[31],"class_list":["post-14472","post","type-post","status-publish","format-standard","has-post-thumbnail","hentry","category-relevantes"],"aioseo_notices":[],"authors":[{"term_id":31,"user_id":1,"is_guest":0,"slug":"ivan3vino","display_name":"Iv\u00e1n Trevi\u00f1o","avatar_url":{"url":"https:\/\/visionciudadana.com.mx\/oficial\/wp-content\/uploads\/2025\/09\/columna-ivan-Trevino.png","url2x":"https:\/\/visionciudadana.com.mx\/oficial\/wp-content\/uploads\/2025\/09\/columna-ivan-Trevino.png"},"0":null,"1":"","2":"","3":"","4":"","5":"","6":"","7":"","8":""}],"_links":{"self":[{"href":"https:\/\/visionciudadana.com.mx\/oficial\/wp-json\/wp\/v2\/posts\/14472","targetHints":{"allow":["GET"]}}],"collection":[{"href":"https:\/\/visionciudadana.com.mx\/oficial\/wp-json\/wp\/v2\/posts"}],"about":[{"href":"https:\/\/visionciudadana.com.mx\/oficial\/wp-json\/wp\/v2\/types\/post"}],"author":[{"embeddable":true,"href":"https:\/\/visionciudadana.com.mx\/oficial\/wp-json\/wp\/v2\/users\/1"}],"replies":[{"embeddable":true,"href":"https:\/\/visionciudadana.com.mx\/oficial\/wp-json\/wp\/v2\/comments?post=14472"}],"version-history":[{"count":0,"href":"https:\/\/visionciudadana.com.mx\/oficial\/wp-json\/wp\/v2\/posts\/14472\/revisions"}],"wp:featuredmedia":[{"embeddable":true,"href":"https:\/\/visionciudadana.com.mx\/oficial\/wp-json\/wp\/v2\/posts\/6043"}],"wp:attachment":[{"href":"https:\/\/visionciudadana.com.mx\/oficial\/wp-json\/wp\/v2\/media?parent=14472"}],"wp:term":[{"taxonomy":"category","embeddable":true,"href":"https:\/\/visionciudadana.com.mx\/oficial\/wp-json\/wp\/v2\/categories?post=14472"},{"taxonomy":"post_tag","embeddable":true,"href":"https:\/\/visionciudadana.com.mx\/oficial\/wp-json\/wp\/v2\/tags?post=14472"},{"taxonomy":"author","embeddable":true,"href":"https:\/\/visionciudadana.com.mx\/oficial\/wp-json\/wp\/v2\/ppma_author?post=14472"}],"curies":[{"name":"wp","href":"https:\/\/api.w.org\/{rel}","templated":true}]}}