{"id":14443,"date":"2020-11-24T07:04:55","date_gmt":"2020-11-24T07:04:55","guid":{"rendered":"https:\/\/visionciudadana.com.mx\/prueba\/2020\/11\/24\/quirino-cumple-con-el-magisterio-entrega-29-creditos-de-vivienda-al-isssteesin\/"},"modified":"2020-11-24T07:04:55","modified_gmt":"2020-11-24T07:04:55","slug":"quirino-cumple-con-el-magisterio-entrega-29-creditos-de-vivienda-al-isssteesin","status":"publish","type":"post","link":"https:\/\/visionciudadana.com.mx\/oficial\/2020\/11\/24\/quirino-cumple-con-el-magisterio-entrega-29-creditos-de-vivienda-al-isssteesin\/","title":{"rendered":"Quirino cumple con el magisterio, entrega 29 cr\u00e9ditos de vivienda al ISSSTEESIN"},"content":{"rendered":"<p><img decoding=\"async\" src=\"images\/2020\/NOV20\/gobernador_entrega.PNG\" alt=\"gobernador entrega\" style=\"display: block; margin-left: auto; margin-right: auto;\" \/><\/p>\n<div>\n<p>&nbsp;<\/p>\n<p class=\"x_MsoNormal\" style=\"text-align: justify;\"><span style=\"font-size: 14pt; font-family: arial, helvetica, sans-serif;\">Despu\u00e9s de 20 a\u00f1os de permanecer suspendidos los cr\u00e9ditos de vivienda del ISSSTEESIN, gracias al apoyo del gobernador Quirino Ordaz Coppel, 29 trabajadores de la educaci\u00f3n de la Secci\u00f3n 53 del SNTE, recibir\u00e1n este beneficio, cuya inversi\u00f3n suma un total de 11.3 millones.<\/span><\/p>\n<p style=\"text-align: justify;\">&nbsp;<\/p>\n<p class=\"x_MsoNormal\" style=\"text-align: justify;\"><span style=\"font-size: 14pt; font-family: arial, helvetica, sans-serif;\">En representaci\u00f3n del gobernador del estado, el subsecretario de Administraci\u00f3n, Ismael Carre\u00f3n Ruelas, entreg\u00f3 de manera simb\u00f3lica los cheques para los beneficiarios, reiterando el respaldo del mandatario estatal hacia los trabajadores de la educaci\u00f3n.<\/span><\/p>\n<p style=\"text-align: justify;\">&nbsp;<\/p>\n<p class=\"x_MsoNormal\" style=\"text-align: justify;\"><span style=\"font-size: 14pt; font-family: arial, helvetica, sans-serif;\">En su intervenci\u00f3n, Jos\u00e9 Luis Moreno, director de Finanzas de ISSSTEESIN catalog\u00f3 este d\u00eda como hist\u00f3rico, ya que el Instituto ten\u00eda dos d\u00e9cadas sin conceder un cr\u00e9dito de vivienda, autorizando 29 pr\u00e9stamos en esta primera etapa, con una inversi\u00f3n 11.3 millones, de los cuales este d\u00eda se entregaron 4.7 millones en beneficio de 12 trabajadores de la educaci\u00f3n, quienes recibieron sus cheques y escrituras.<\/span><\/p>\n<p style=\"text-align: justify;\">&nbsp;<\/p>\n<p class=\"x_MsoNormal\" style=\"text-align: justify;\"><span style=\"font-size: 14pt; font-family: arial, helvetica, sans-serif;\">\u201cHoy tenemos complementado el tr\u00e1mite 12 cr\u00e9ditos, que se van a hacer a trav\u00e9s de un fideicomiso que se contrat\u00f3 por parte del ISSSTEESIN, el tenerlos en fideicomiso nos est\u00e1 garantizando a todos los derechohabientes del ISSSTEESIN, que los recursos sean utilizados exclusivamente para los fines que son entregados\u201d, explic\u00f3.<\/span><\/p>\n<p style=\"text-align: justify;\">&nbsp;<\/p>\n<p class=\"x_MsoNormal\" style=\"text-align: justify;\"><span style=\"font-size: 14pt; font-family: arial, helvetica, sans-serif;\">A su vez, el director general de ISSSTEESIN, Jes\u00fas Ernesto Delgado Valverde, expres\u00f3 que el gobernador Quirino Ordaz Coppel ha hecho la diferencia en el Instituto, quien desde el 2017 inici\u00f3 con una bolsa que ha permitido que regrese el Fondo de Vivienda, el cual por muchos a\u00f1os estuvo detenido.<\/span><\/p>\n<p style=\"text-align: justify;\">&nbsp;<\/p>\n<p class=\"x_MsoNormal\" style=\"text-align: justify;\"><span style=\"font-size: 14pt; font-family: arial, helvetica, sans-serif;\">\u201cEn este gobierno que encabeza Quirino Ordaz, ha habido la diferencia, ten\u00eda que llegar un hombre con el que le ha ido muy bien al ISSSTEESIN. Desde el 2017 a la fecha, Quirino Ordaz no nada m\u00e1s le entrega a ISSSTESIN lo que ocupa para pagar las pensiones, aparte empez\u00f3 a generar esta bolsa\u201d, dijo.<\/span><\/p>\n<p style=\"text-align: justify;\">&nbsp;<\/p>\n<p class=\"x_MsoNormal\" style=\"text-align: justify;\"><span style=\"font-size: 14pt; font-family: arial, helvetica, sans-serif;\">Durante su participaci\u00f3n, Fernando Sandoval \u00c1ngulo, secretario general del SNTE 53, reiter\u00f3 el agradecimiento hacia el gobernador Quirino Ordaz Coppel, por haber cumplido la palabra de reactivar el Programa Estatal de Vivienda, con lo cual hoy es una realidad esta prestaci\u00f3n, para que los&nbsp; trabajadores de la educaci\u00f3n puedan tener un patrimonio.<\/span><\/p>\n<p style=\"text-align: justify;\">&nbsp;<\/p>\n<p class=\"x_MsoNormal\" style=\"text-align: justify;\"><span style=\"font-size: 14pt; font-family: arial, helvetica, sans-serif;\">\u201cHoy 12 compa\u00f1eros reciben en presencia simb\u00f3lica una realidad, un anhelo de tener una casa, un anhelo de tener un patrimonio para tus hijos y para tu pareja, sobre todo con hechos hoy le cumple la Secci\u00f3n 53 en alianza con el gobierno de Quirino Ordaz Coppel, a los trabajadores de la educaci\u00f3n\u201d, coment\u00f3.<\/span><\/p>\n<p style=\"text-align: justify;\">&nbsp;<\/p>\n<p class=\"x_MsoNormal\" style=\"text-align: justify;\"><span style=\"font-size: 14pt; font-family: arial, helvetica, sans-serif;\">En el evento tambi\u00e9n estuvo presente Luis Fidel Alem\u00e1n Rodr\u00edguez, secretario de Vivienda del SNTE 53 y miembros de la Junta Directiva del ISSSTESIN.<\/span><\/p>\n<p style=\"text-align: justify;\">&nbsp;<\/p>\n<p style=\"text-align: justify;\"><span style=\"font-size: 14pt; font-family: arial, helvetica, sans-serif;\">REDACCI\u00d3N\/VISI\u00d3N CIUDADANA.<\/span><\/p>\n<\/div>\n<div style=\"text-align: justify;\"><span style=\"font-size: 14pt; font-family: arial, helvetica, sans-serif;\"><\/span><\/div>\n","protected":false},"excerpt":{"rendered":"<p>&nbsp; Despu\u00e9s de 20 a\u00f1os de permanecer suspendidos los cr\u00e9ditos de vivienda del ISSSTEESIN, gracias al apoyo del gobernador Quirino Ordaz Coppel, 29 trabajadores de la educaci\u00f3n de la Secci\u00f3n 53 del SNTE, recibir\u00e1n este beneficio, cuya inversi\u00f3n suma un total de 11.3 millones. &nbsp; En representaci\u00f3n del gobernador del estado, el subsecretario de Administraci\u00f3n, [&hellip;]<\/p>\n","protected":false},"author":1,"featured_media":6005,"comment_status":"open","ping_status":"closed","sticky":false,"template":"","format":"standard","meta":{"footnotes":""},"categories":[24],"tags":[],"ppma_author":[31],"class_list":["post-14443","post","type-post","status-publish","format-standard","has-post-thumbnail","hentry","category-relevantes"],"aioseo_notices":[],"authors":[{"term_id":31,"user_id":1,"is_guest":0,"slug":"ivan3vino","display_name":"Iv\u00e1n Trevi\u00f1o","avatar_url":{"url":"https:\/\/visionciudadana.com.mx\/oficial\/wp-content\/uploads\/2025\/09\/columna-ivan-Trevino.png","url2x":"https:\/\/visionciudadana.com.mx\/oficial\/wp-content\/uploads\/2025\/09\/columna-ivan-Trevino.png"},"0":null,"1":"","2":"","3":"","4":"","5":"","6":"","7":"","8":""}],"_links":{"self":[{"href":"https:\/\/visionciudadana.com.mx\/oficial\/wp-json\/wp\/v2\/posts\/14443","targetHints":{"allow":["GET"]}}],"collection":[{"href":"https:\/\/visionciudadana.com.mx\/oficial\/wp-json\/wp\/v2\/posts"}],"about":[{"href":"https:\/\/visionciudadana.com.mx\/oficial\/wp-json\/wp\/v2\/types\/post"}],"author":[{"embeddable":true,"href":"https:\/\/visionciudadana.com.mx\/oficial\/wp-json\/wp\/v2\/users\/1"}],"replies":[{"embeddable":true,"href":"https:\/\/visionciudadana.com.mx\/oficial\/wp-json\/wp\/v2\/comments?post=14443"}],"version-history":[{"count":0,"href":"https:\/\/visionciudadana.com.mx\/oficial\/wp-json\/wp\/v2\/posts\/14443\/revisions"}],"wp:featuredmedia":[{"embeddable":true,"href":"https:\/\/visionciudadana.com.mx\/oficial\/wp-json\/wp\/v2\/media\/6005"}],"wp:attachment":[{"href":"https:\/\/visionciudadana.com.mx\/oficial\/wp-json\/wp\/v2\/media?parent=14443"}],"wp:term":[{"taxonomy":"category","embeddable":true,"href":"https:\/\/visionciudadana.com.mx\/oficial\/wp-json\/wp\/v2\/categories?post=14443"},{"taxonomy":"post_tag","embeddable":true,"href":"https:\/\/visionciudadana.com.mx\/oficial\/wp-json\/wp\/v2\/tags?post=14443"},{"taxonomy":"author","embeddable":true,"href":"https:\/\/visionciudadana.com.mx\/oficial\/wp-json\/wp\/v2\/ppma_author?post=14443"}],"curies":[{"name":"wp","href":"https:\/\/api.w.org\/{rel}","templated":true}]}}