{"id":14442,"date":"2020-11-24T06:59:34","date_gmt":"2020-11-24T06:59:34","guid":{"rendered":"https:\/\/visionciudadana.com.mx\/prueba\/2020\/11\/24\/quirino-se-reune-con-gobernadores-tradicionales-indigenas\/"},"modified":"2020-11-24T06:59:34","modified_gmt":"2020-11-24T06:59:34","slug":"quirino-se-reune-con-gobernadores-tradicionales-indigenas","status":"publish","type":"post","link":"https:\/\/visionciudadana.com.mx\/oficial\/2020\/11\/24\/quirino-se-reune-con-gobernadores-tradicionales-indigenas\/","title":{"rendered":"Quirino se re\u00fane con gobernadores tradicionales ind\u00edgenas"},"content":{"rendered":"<p style=\"text-align: justify;\"><span style=\"font-size: 14pt; font-family: arial, helvetica, sans-serif;\"><b><span lang=\"ES-TRAD\"><\/span><\/b><\/span><\/p>\n<p class=\"x_MsoNormal\" style=\"text-align: justify;\"><span lang=\"ES-TRAD\" style=\"font-size: 14pt; font-family: arial, helvetica, sans-serif;\">&nbsp;<img decoding=\"async\" src=\"images\/2020\/NOV20\/gobernadores_indigenas.PNG\" alt=\"gobernadores indigenas\" style=\"display: block; margin-left: auto; margin-right: auto;\" \/><\/span><\/p>\n<p class=\"x_MsoNormal\" style=\"text-align: justify;\"><span style=\"font-size: 14pt; font-family: arial, helvetica, sans-serif;\"><span lang=\"ES-TRAD\">En un hecho sin precedentes, el gobernador Quirino Ordaz Coppel se reuni\u00f3 con los representantes de los pueblos ind\u00edgenas y sus gobernadores tradicionales, para atender las peticiones que le plantearon y se acord\u00f3 la instalaci\u00f3n de una mesa de di\u00e1logo para programar obras de infraestructura en las comunidades ind\u00edgenas, las cuales reconoci\u00f3, hab\u00edan estado abandonadas por muchos a\u00f1os.<\/span><\/span><\/p>\n<p class=\"x_MsoNormal\" style=\"text-align: justify;\"><span lang=\"ES-TRAD\" style=\"font-size: 14pt; font-family: arial, helvetica, sans-serif;\"><\/span><\/p>\n<p class=\"x_MsoNormal\" style=\"text-align: justify;\"><span lang=\"ES-TRAD\" style=\"font-size: 14pt; font-family: arial, helvetica, sans-serif;\">El mandatario estatal fue recibido en el templo ceremonial de Ohuira por el gobernador tradicional Felipe de Jes\u00fas Monta\u00f1o, para reunirse con los representantes de las comunidades mayo yoreme de Ahome, Choix, El Fuerte, Guasave y Sinaloa de Leyva, de quienes escuch\u00f3 las propuestas de crear el Consejo Consultivo de la Naci\u00f3n Mayo-Yoreme, Comisiones de Honor y Justicia en cada uno de los pueblos, y designar un nuevo representante del Gobierno del Estado en la Comisi\u00f3n para la Atenci\u00f3n a Comunidades Ind\u00edgenas de Sinaloa.<\/span><\/p>\n<p class=\"x_MsoNormal\" style=\"text-align: justify;\"><span lang=\"ES-TRAD\" style=\"font-size: 14pt; font-family: arial, helvetica, sans-serif;\"><\/span><\/p>\n<p class=\"x_MsoNormal\" style=\"text-align: justify;\"><span lang=\"ES-TRAD\" style=\"font-size: 14pt; font-family: arial, helvetica, sans-serif;\">Cabe destacar que este encuentro fue en respuesta a un compromiso que hizo el gobernador con los representantes de los pueblos ind\u00edgenas la semana pasada cuando los recibi\u00f3 en Palacio de Gobierno, y en esa ocasi\u00f3n le pidieron que los acompa\u00f1ara a Ohuira para que fuera escuchado por la poblaci\u00f3n.<\/span><\/p>\n<p class=\"x_MsoNormal\" style=\"text-align: justify;\"><span lang=\"ES-TRAD\" style=\"font-size: 14pt; font-family: arial, helvetica, sans-serif;\"><\/span><\/p>\n<p class=\"x_MsoNormal\" style=\"text-align: justify;\"><span lang=\"ES-TRAD\" style=\"font-size: 14pt; font-family: arial, helvetica, sans-serif;\">\u201cNos interesa hacer trabajo en equipo y estar al servicio de ustedes, para hacer justicia a estos pueblos que durante muchos a\u00f1os han estado en el abandono\u201d, dijo el mandatario a los cobanaros, nombre con el que se identifica a los gobernadores tradicionales ind\u00edgenas.<\/span><\/p>\n<p class=\"x_MsoNormal\" style=\"text-align: justify;\"><span lang=\"ES-TRAD\" style=\"font-size: 14pt; font-family: arial, helvetica, sans-serif;\"><\/span><\/p>\n<p class=\"x_MsoNormal\" style=\"text-align: justify;\"><span lang=\"ES-TRAD\" style=\"font-size: 14pt; font-family: arial, helvetica, sans-serif;\">Por ello, se acord\u00f3 la instalaci\u00f3n de una mesa de di\u00e1logo, entre ambas partes, la cual coordinar\u00e1 el secretario de Desarrollo Social, Ricardo Madrid P\u00e9rez, quien acompa\u00f1\u00f3 al gobernador, donde a trav\u00e9s del consenso con los representantes de todos los pueblos se atender\u00e1n las peticiones que le hicieron en esta ocasi\u00f3n, una de ellas que comprende la remoci\u00f3n de Jos\u00e9 Rosario Pe\u00f1uelas Castro, como titular de la Comisi\u00f3n para la Atenci\u00f3n a Comunidades Ind\u00edgenas de Sinaloa.<\/span><\/p>\n<p class=\"x_MsoNormal\" style=\"text-align: justify;\"><span lang=\"ES-TRAD\" style=\"font-size: 14pt; font-family: arial, helvetica, sans-serif;\"><\/span><\/p>\n<p class=\"x_MsoNormal\" style=\"text-align: justify;\"><span lang=\"ES-TRAD\" style=\"font-size: 14pt; font-family: arial, helvetica, sans-serif;\">Ordaz Coppel a\u00f1adi\u00f3 que en esta misma mesa de di\u00e1logo se abordar\u00e1n las necesidades de obras de infraestructura en estas comunidades, como pueden ser la falta de drenaje sanitario, por ejemplo, y tambi\u00e9n servir\u00e1n para implementar un programa de asistencia social consistente en despensas. De igual manera, en respuesta a un planteamiento en particular que le hicieron, dio a conocer que se entregar\u00e1n recursos para gastos funerarios.<\/span><\/p>\n<p class=\"x_MsoNormal\" style=\"text-align: justify;\"><span lang=\"ES-TRAD\" style=\"font-size: 14pt; font-family: arial, helvetica, sans-serif;\"><\/span><\/p>\n<p class=\"x_MsoNormal\" style=\"text-align: justify;\"><span lang=\"ES-TRAD\" style=\"font-size: 14pt; font-family: arial, helvetica, sans-serif;\">El gobernador reiter\u00f3 que en lo que queda de su administraci\u00f3n, se atender\u00e1n estas comunidades ind\u00edgenas, con pleno respeto a su autonom\u00eda y usos y costumbres. \u201cYo soy un aliado de los gobernadores tradicionales\u201d, les reiter\u00f3 Quirino Ordaz Coppel.<\/span><\/p>\n<p class=\"x_MsoNormal\" style=\"text-align: justify;\"><span lang=\"ES-TRAD\" style=\"font-size: 14pt; font-family: arial, helvetica, sans-serif;\"><\/span><\/p>\n<p class=\"x_MsoNormal\" style=\"text-align: justify;\"><span lang=\"ES-TRAD\" style=\"font-size: 14pt; font-family: arial, helvetica, sans-serif;\">Tambi\u00e9n acompa\u00f1aron al mandatario estatal, adem\u00e1s del secretario Ricardo Madrid, el secretario de Salud, Efr\u00e9n Encinas Torres; el subsecretario de Gobierno, Joel Bouci\u00e9guez Liz\u00e1rraga; el director de Gobierno, Julio C\u00e9sar Romanillo Montoya; el presidente municipal de Ahome, Manuel Guillermo Chapman Moreno; la diputada federal Lucinda Sandoval Soberanes, y visitadoras de la Comisi\u00f3n Estatal de Derechos Humanos.<\/span><\/p>\n<p style=\"text-align: justify;\">&nbsp;<\/p>\n<p style=\"text-align: justify;\"><span style=\"font-size: 14pt; font-family: arial, helvetica, sans-serif;\">REDACCI\u00d3N\/VISI\u00d3N CIUDADANA.<\/span><\/p>\n","protected":false},"excerpt":{"rendered":"<p>&nbsp; En un hecho sin precedentes, el gobernador Quirino Ordaz Coppel se reuni\u00f3 con los representantes de los pueblos ind\u00edgenas y sus gobernadores tradicionales, para atender las peticiones que le plantearon y se acord\u00f3 la instalaci\u00f3n de una mesa de di\u00e1logo para programar obras de infraestructura en las comunidades ind\u00edgenas, las cuales reconoci\u00f3, hab\u00edan estado [&hellip;]<\/p>\n","protected":false},"author":1,"featured_media":6003,"comment_status":"open","ping_status":"closed","sticky":false,"template":"","format":"standard","meta":{"footnotes":""},"categories":[24],"tags":[],"ppma_author":[31],"class_list":["post-14442","post","type-post","status-publish","format-standard","has-post-thumbnail","hentry","category-relevantes"],"aioseo_notices":[],"authors":[{"term_id":31,"user_id":1,"is_guest":0,"slug":"ivan3vino","display_name":"Iv\u00e1n Trevi\u00f1o","avatar_url":{"url":"https:\/\/visionciudadana.com.mx\/oficial\/wp-content\/uploads\/2025\/09\/columna-ivan-Trevino.png","url2x":"https:\/\/visionciudadana.com.mx\/oficial\/wp-content\/uploads\/2025\/09\/columna-ivan-Trevino.png"},"0":null,"1":"","2":"","3":"","4":"","5":"","6":"","7":"","8":""}],"_links":{"self":[{"href":"https:\/\/visionciudadana.com.mx\/oficial\/wp-json\/wp\/v2\/posts\/14442","targetHints":{"allow":["GET"]}}],"collection":[{"href":"https:\/\/visionciudadana.com.mx\/oficial\/wp-json\/wp\/v2\/posts"}],"about":[{"href":"https:\/\/visionciudadana.com.mx\/oficial\/wp-json\/wp\/v2\/types\/post"}],"author":[{"embeddable":true,"href":"https:\/\/visionciudadana.com.mx\/oficial\/wp-json\/wp\/v2\/users\/1"}],"replies":[{"embeddable":true,"href":"https:\/\/visionciudadana.com.mx\/oficial\/wp-json\/wp\/v2\/comments?post=14442"}],"version-history":[{"count":0,"href":"https:\/\/visionciudadana.com.mx\/oficial\/wp-json\/wp\/v2\/posts\/14442\/revisions"}],"wp:featuredmedia":[{"embeddable":true,"href":"https:\/\/visionciudadana.com.mx\/oficial\/wp-json\/wp\/v2\/media\/6003"}],"wp:attachment":[{"href":"https:\/\/visionciudadana.com.mx\/oficial\/wp-json\/wp\/v2\/media?parent=14442"}],"wp:term":[{"taxonomy":"category","embeddable":true,"href":"https:\/\/visionciudadana.com.mx\/oficial\/wp-json\/wp\/v2\/categories?post=14442"},{"taxonomy":"post_tag","embeddable":true,"href":"https:\/\/visionciudadana.com.mx\/oficial\/wp-json\/wp\/v2\/tags?post=14442"},{"taxonomy":"author","embeddable":true,"href":"https:\/\/visionciudadana.com.mx\/oficial\/wp-json\/wp\/v2\/ppma_author?post=14442"}],"curies":[{"name":"wp","href":"https:\/\/api.w.org\/{rel}","templated":true}]}}