{"id":14441,"date":"2020-11-24T06:53:59","date_gmt":"2020-11-24T06:53:59","guid":{"rendered":"https:\/\/visionciudadana.com.mx\/prueba\/2020\/11\/24\/llama-secretaria-de-pesca-de-sinaloa-a-hacer-equipo-para-beneficiar-al-sector-pesquero\/"},"modified":"2020-11-24T06:53:59","modified_gmt":"2020-11-24T06:53:59","slug":"llama-secretaria-de-pesca-de-sinaloa-a-hacer-equipo-para-beneficiar-al-sector-pesquero","status":"publish","type":"post","link":"https:\/\/visionciudadana.com.mx\/oficial\/2020\/11\/24\/llama-secretaria-de-pesca-de-sinaloa-a-hacer-equipo-para-beneficiar-al-sector-pesquero\/","title":{"rendered":"Llama Secretar\u00eda de Pesca de Sinaloa a hacer equipo para beneficiar al sector pesquero"},"content":{"rendered":"<p style=\"text-align: justify;\">&nbsp;<\/p>\n<p style=\"text-align: justify;\"><img decoding=\"async\" src=\"images\/2020\/NOV20\/reuniones_gobierno.PNG\" alt=\"reuniones gobierno\" style=\"display: block; margin-left: auto; margin-right: auto;\" \/><\/p>\n<p class=\"x_MsoNormal\" style=\"text-align: justify;\"><span style=\"font-size: 14pt; font-family: arial, helvetica, sans-serif;\">Con la finalidad de establecer una agenda de trabajo que ayude a impulsar la actividad pesquera, la secretaria de Pesca y Acuacultura de Sinaloa, Maribel Chollet Mor\u00e1n, acompa\u00f1ada de los subsecretarios de Pesca y de Acuacultura, Juan Ricardo Romero Pe\u00f1a y Carlos Noe Contreras Mendoza, respectivamente; sostuvieron productiva reuni\u00f3n de trabajo con el presidente municipal de Mazatl\u00e1n, Luis Guillermo Ben\u00edtez Torres.&nbsp;<\/span><\/p>\n<p style=\"text-align: justify;\">&nbsp;<\/p>\n<p class=\"x_MsoNormal\" style=\"text-align: justify;\"><span style=\"font-size: 14pt; font-family: arial, helvetica, sans-serif;\">Durante el encuentro, el mun\u00edcipe porte\u00f1o se\u00f1al\u00f3 que su administraci\u00f3n est\u00e1 dispuesta e Interesada en trabajar en beneficio de los pescadores sin distingos ni colores: \u00abLo que importa es el bienestar de los pescadores y en ese sentido iremos de la mano de la Secretar\u00eda de Pesca y Gobierno del Estado\u201d, dijo.&nbsp;<\/span><\/p>\n<p style=\"text-align: justify;\">&nbsp;<\/p>\n<p class=\"x_MsoNormal\" style=\"text-align: justify;\"><span style=\"font-size: 14pt; font-family: arial, helvetica, sans-serif;\">Por su parte, Maribel Chollet Mor\u00e1n agradeci\u00f3 al presidente municipal la atenci\u00f3n y cortes\u00eda para estrechar lazos en beneficio del sector pesquero, m\u00e1xime que en el municipio cerca de 10 mil familias viven de esta actividad, entre pescadores ribere\u00f1os, altamar y mujeres trabajadoras de congeladoras.<\/span><\/p>\n<p style=\"text-align: justify;\">&nbsp;<\/p>\n<p class=\"x_MsoNormal\" style=\"text-align: justify;\"><span style=\"font-size: 14pt; font-family: arial, helvetica, sans-serif;\">La funcionaria estatal hizo un llamado a hacer equipo entre los distintos niveles de gobierno para beneficiar al sector, adem\u00e1s dijo que hay toda la disposici\u00f3n de ella y del personal de la Secretar\u00eda de Pesca de Sinaloa para que los pescadores sean escuchados, y con ello se resuelvan sus necesidades y peticiones, como lo ha instruido el gobernador Quirino Ordaz Coppel.<\/span><\/p>\n<p style=\"text-align: justify;\">&nbsp;<\/p>\n<p class=\"x_MsoNormal\" style=\"text-align: justify;\"><span style=\"font-size: 14pt; font-family: arial, helvetica, sans-serif;\">Posteriormente, la secretaria de Pesca de Sinaloa sostuvo reuni\u00f3n de trabajo con el Visitador Regional de Conapesca, Sergio Escutia Z\u00fa\u00f1iga,&nbsp;&nbsp;con quien se abordaron temas de car\u00e1cter t\u00e9cnico como la entrega recepci\u00f3n del Centro Acu\u00edcola El Varejonal, donde se llevaba a cabo el programa de repoblamiento de embalses y presas.<\/span><\/p>\n<p style=\"text-align: justify;\">&nbsp;<\/p>\n<p style=\"text-align: justify;\"><span style=\"font-size: 14pt; font-family: arial, helvetica, sans-serif;\">REDACCI\u00d3N\/VISI\u00d3N CIUDADANA.<\/span><\/p>\n","protected":false},"excerpt":{"rendered":"<p>&nbsp; Con la finalidad de establecer una agenda de trabajo que ayude a impulsar la actividad pesquera, la secretaria de Pesca y Acuacultura de Sinaloa, Maribel Chollet Mor\u00e1n, acompa\u00f1ada de los subsecretarios de Pesca y de Acuacultura, Juan Ricardo Romero Pe\u00f1a y Carlos Noe Contreras Mendoza, respectivamente; sostuvieron productiva reuni\u00f3n de trabajo con el presidente [&hellip;]<\/p>\n","protected":false},"author":1,"featured_media":6001,"comment_status":"open","ping_status":"closed","sticky":false,"template":"","format":"standard","meta":{"footnotes":""},"categories":[24],"tags":[],"ppma_author":[31],"class_list":["post-14441","post","type-post","status-publish","format-standard","has-post-thumbnail","hentry","category-relevantes"],"aioseo_notices":[],"authors":[{"term_id":31,"user_id":1,"is_guest":0,"slug":"ivan3vino","display_name":"Iv\u00e1n Trevi\u00f1o","avatar_url":{"url":"https:\/\/visionciudadana.com.mx\/oficial\/wp-content\/uploads\/2025\/09\/columna-ivan-Trevino.png","url2x":"https:\/\/visionciudadana.com.mx\/oficial\/wp-content\/uploads\/2025\/09\/columna-ivan-Trevino.png"},"0":null,"1":"","2":"","3":"","4":"","5":"","6":"","7":"","8":""}],"_links":{"self":[{"href":"https:\/\/visionciudadana.com.mx\/oficial\/wp-json\/wp\/v2\/posts\/14441","targetHints":{"allow":["GET"]}}],"collection":[{"href":"https:\/\/visionciudadana.com.mx\/oficial\/wp-json\/wp\/v2\/posts"}],"about":[{"href":"https:\/\/visionciudadana.com.mx\/oficial\/wp-json\/wp\/v2\/types\/post"}],"author":[{"embeddable":true,"href":"https:\/\/visionciudadana.com.mx\/oficial\/wp-json\/wp\/v2\/users\/1"}],"replies":[{"embeddable":true,"href":"https:\/\/visionciudadana.com.mx\/oficial\/wp-json\/wp\/v2\/comments?post=14441"}],"version-history":[{"count":0,"href":"https:\/\/visionciudadana.com.mx\/oficial\/wp-json\/wp\/v2\/posts\/14441\/revisions"}],"wp:featuredmedia":[{"embeddable":true,"href":"https:\/\/visionciudadana.com.mx\/oficial\/wp-json\/wp\/v2\/posts\/6001"}],"wp:attachment":[{"href":"https:\/\/visionciudadana.com.mx\/oficial\/wp-json\/wp\/v2\/media?parent=14441"}],"wp:term":[{"taxonomy":"category","embeddable":true,"href":"https:\/\/visionciudadana.com.mx\/oficial\/wp-json\/wp\/v2\/categories?post=14441"},{"taxonomy":"post_tag","embeddable":true,"href":"https:\/\/visionciudadana.com.mx\/oficial\/wp-json\/wp\/v2\/tags?post=14441"},{"taxonomy":"author","embeddable":true,"href":"https:\/\/visionciudadana.com.mx\/oficial\/wp-json\/wp\/v2\/ppma_author?post=14441"}],"curies":[{"name":"wp","href":"https:\/\/api.w.org\/{rel}","templated":true}]}}